{"id":141635,"date":"2025-07-08T06:19:43","date_gmt":"2025-07-08T11:19:43","guid":{"rendered":"https:\/\/elcuartopoder.com.mx\/nw\/?p=141635"},"modified":"2025-07-08T06:19:45","modified_gmt":"2025-07-08T11:19:45","slug":"tren-maya-deja-en-el-abandono-a-familias-en-chetumal","status":"publish","type":"post","link":"http:\/\/elcuartopoder.com.mx\/nw\/destacadas\/tren-maya-deja-en-el-abandono-a-familias-en-chetumal\/","title":{"rendered":"Tren Maya deja en el abandono a familias en Chetumal"},"content":{"rendered":"\n<p>&gt;Denuncian p\u00e9rdidas en hotel de paso y falta de respuesta oficial ante afectaciones de la obra<\/p>\n\n\n\n<p>Ricardo Jes\u00fas Rivas\/ CAMBIO 22<\/p>\n\n\n\n<p><a><\/a>CHETUMAL, 7 de julio. &#8211; La construcci\u00f3n del Tren Maya, uno de los proyectos emblem\u00e1ticos del actual gobierno federal, trajo consigo promesas de desarrollo y profundas afectaciones a familias locales en la capital del estado. De acuerdo con un reportaje de Fuerza Informativa Azteca, vecinos de Chetumal denunciaron p\u00e9rdidas totales, severas inundaciones y abandono institucional tras el paso de la obra ferroviaria, ejecutada en gran parte por la Secretar\u00eda de la Defensa Nacional (SEDENA).<\/p>\n\n\n\n<figure class=\"wp-block-image size-full\"><img loading=\"lazy\" decoding=\"async\" width=\"919\" height=\"413\" src=\"https:\/\/elcuartopoder.com.mx\/nw\/wp-content\/uploads\/2025\/07\/517133444_10162791112919770_8461721457992202840_n.png\" alt=\"\" class=\"wp-image-141637\" srcset=\"http:\/\/elcuartopoder.com.mx\/nw\/wp-content\/uploads\/2025\/07\/517133444_10162791112919770_8461721457992202840_n.png 919w, http:\/\/elcuartopoder.com.mx\/nw\/wp-content\/uploads\/2025\/07\/517133444_10162791112919770_8461721457992202840_n-300x135.png 300w, http:\/\/elcuartopoder.com.mx\/nw\/wp-content\/uploads\/2025\/07\/517133444_10162791112919770_8461721457992202840_n-768x345.png 768w, http:\/\/elcuartopoder.com.mx\/nw\/wp-content\/uploads\/2025\/07\/517133444_10162791112919770_8461721457992202840_n-696x313.png 696w\" sizes=\"auto, (max-width: 919px) 100vw, 919px\" \/><\/figure>\n\n\n\n<p>Uno de los testimonios m\u00e1s contundentes es el de Guillermo Cort\u00e9z, propietario de un motel ubicado en la avenida prolongaci\u00f3n \u00c1lvaro Obreg\u00f3n con Insurgentes, quien afirm\u00f3 que su negocio, tras 25 a\u00f1os de operaci\u00f3n, qued\u00f3 completamente inhabitable. Se\u00f1ala que la construcci\u00f3n del Tren Maya bloque\u00f3 el flujo natural del agua, lo que deriv\u00f3 en encharcamientos permanentes y humedad que deterior\u00f3 la infraestructura del inmueble. \u201cLo perd\u00ed todo\u201d, lament\u00f3, al tiempo que asegur\u00f3 haber realizado gestiones ante FONATUR y la Presidencia de la Rep\u00fablica sin obtener ninguna respuesta.<\/p>\n\n\n\n<p>Las im\u00e1genes actuales disponibles en plataformas como Google Maps muestran el estado cr\u00edtico del lugar, completamente inundado y sin signos de atenci\u00f3n por parte de alguna autoridad. Este caso no es aislado: en diversos tramos del sur de Quintana Roo se han documentado afectaciones similares, lo que revela una preocupante falta de planeaci\u00f3n en la ejecuci\u00f3n del megaproyecto, especialmente en zonas urbanas con infraestructura ya establecida.<\/p>\n\n\n\n<figure class=\"wp-block-image size-full\"><img loading=\"lazy\" decoding=\"async\" width=\"652\" height=\"255\" src=\"https:\/\/elcuartopoder.com.mx\/nw\/wp-content\/uploads\/2025\/07\/517481181_10162791112984770_4631278464091700583_n.png\" alt=\"\" class=\"wp-image-141638\" srcset=\"http:\/\/elcuartopoder.com.mx\/nw\/wp-content\/uploads\/2025\/07\/517481181_10162791112984770_4631278464091700583_n.png 652w, http:\/\/elcuartopoder.com.mx\/nw\/wp-content\/uploads\/2025\/07\/517481181_10162791112984770_4631278464091700583_n-300x117.png 300w\" sizes=\"auto, (max-width: 652px) 100vw, 652px\" \/><\/figure>\n\n\n\n<p>Las denuncias ponen en entredicho la narrativa oficial que enarbola al Tren Maya como motor de bienestar y desarrollo. Mientras las autoridades celebran avances en los tramos y estaciones, las familias afectadas reclaman el cumplimiento de la promesa de no dejar a nadie atr\u00e1s. La omisi\u00f3n en la atenci\u00f3n a casos como el de Guillermo Cort\u00e9z abre un cuestionamiento leg\u00edtimo sobre los mecanismos de reparaci\u00f3n de da\u00f1os y la verdadera inclusi\u00f3n de las comunidades en el proceso de transformaci\u00f3n del sureste.<\/p>\n\n\n\n<p>diariocambio22<\/p>\n","protected":false},"excerpt":{"rendered":"<p>&gt;Denuncian p\u00e9rdidas en hotel de paso y falta de respuesta oficial ante afectaciones de la obra Ricardo Jes\u00fas Rivas\/ CAMBIO 22 CHETUMAL, 7 de julio. &#8211; La construcci\u00f3n del Tren Maya, uno de los proyectos emblem\u00e1ticos del actual gobierno federal, trajo consigo promesas de desarrollo y profundas afectaciones a familias locales en la capital del [&hellip;]<\/p>\n","protected":false},"author":2,"featured_media":141636,"comment_status":"open","ping_status":"open","sticky":false,"template":"","format":"standard","meta":{"footnotes":""},"categories":[59],"tags":[],"class_list":["post-141635","post","type-post","status-publish","format-standard","has-post-thumbnail","hentry","category-destacadas"],"_links":{"self":[{"href":"http:\/\/elcuartopoder.com.mx\/nw\/wp-json\/wp\/v2\/posts\/141635","targetHints":{"allow":["GET"]}}],"collection":[{"href":"http:\/\/elcuartopoder.com.mx\/nw\/wp-json\/wp\/v2\/posts"}],"about":[{"href":"http:\/\/elcuartopoder.com.mx\/nw\/wp-json\/wp\/v2\/types\/post"}],"author":[{"embeddable":true,"href":"http:\/\/elcuartopoder.com.mx\/nw\/wp-json\/wp\/v2\/users\/2"}],"replies":[{"embeddable":true,"href":"http:\/\/elcuartopoder.com.mx\/nw\/wp-json\/wp\/v2\/comments?post=141635"}],"version-history":[{"count":1,"href":"http:\/\/elcuartopoder.com.mx\/nw\/wp-json\/wp\/v2\/posts\/141635\/revisions"}],"predecessor-version":[{"id":141639,"href":"http:\/\/elcuartopoder.com.mx\/nw\/wp-json\/wp\/v2\/posts\/141635\/revisions\/141639"}],"wp:featuredmedia":[{"embeddable":true,"href":"http:\/\/elcuartopoder.com.mx\/nw\/wp-json\/wp\/v2\/media\/141636"}],"wp:attachment":[{"href":"http:\/\/elcuartopoder.com.mx\/nw\/wp-json\/wp\/v2\/media?parent=141635"}],"wp:term":[{"taxonomy":"category","embeddable":true,"href":"http:\/\/elcuartopoder.com.mx\/nw\/wp-json\/wp\/v2\/categories?post=141635"},{"taxonomy":"post_tag","embeddable":true,"href":"http:\/\/elcuartopoder.com.mx\/nw\/wp-json\/wp\/v2\/tags?post=141635"}],"curies":[{"name":"wp","href":"https:\/\/api.w.org\/{rel}","templated":true}]}}