{"id":141763,"date":"2025-07-10T06:32:51","date_gmt":"2025-07-10T11:32:51","guid":{"rendered":"https:\/\/elcuartopoder.com.mx\/nw\/?p=141763"},"modified":"2025-07-10T06:32:52","modified_gmt":"2025-07-10T11:32:52","slug":"obra-de-la-sedena-continua-detenida-buscan-revocar-suspension","status":"publish","type":"post","link":"http:\/\/elcuartopoder.com.mx\/nw\/municipales\/obra-de-la-sedena-continua-detenida-buscan-revocar-suspension\/","title":{"rendered":"Obra de la Sedena contin\u00faa detenida; buscan revocar suspensi\u00f3n"},"content":{"rendered":"\n<p>Va un mes de que frenaron trabajos de una casa de descanso en Bacalar.<\/p>\n\n\n\n<p>Un mes se cumpli\u00f3 de que la Secretar\u00eda de la Defensa Nacional (<strong>Sedena<\/strong>) fren\u00f3 labores de construcci\u00f3n de una\u00a0<strong>casa de descanso\u00a0<\/strong>para militares en\u00a0<strong>Bacalar<\/strong>; sin embargo, el proceso legal que mantiene suspendido el proyecto busca ser revertido. Son tres amparos que cuentan con suspensiones, los cuales en un\u00a0<strong>principio no se acataron<\/strong>.<\/p>\n\n\n\n<p>Estos recursos legales fueron promovidos desde abril, cuando se detect\u00f3 que el Ej\u00e9rcito inici\u00f3 la construcci\u00f3n del inmueble, aunque sin un permiso de impacto ambiental.<\/p>\n\n\n\n<p>Este martes, el Consejo Ciudadano y Cient\u00edfico Pro Restauraci\u00f3n y Preservaci\u00f3n de Bacalar, destac\u00f3 este freno de las labores de construcci\u00f3n apoya do por las instituciones y asociaciones civiles como Defendiendo el Derecho a un Medio Ambiente Sano (<strong>DMAS<\/strong>), Proyecto Justicia Com\u00fan (<strong>Projuc<\/strong>) y el Instituto de la Defensor\u00eda P\u00fablica. Sin embargo, no es una batalla legal ganada de manera firme a\u00fan. Irma Morales Cruz, abogada de DMAS, confirm\u00f3 que la instituci\u00f3n&nbsp;<strong>armada promovi\u00f3 una revocaci\u00f3n de la suspensi\u00f3n en los \u00faltimos d\u00edas para librarse de las trabas legales<\/strong>.<\/p>\n\n\n\n<p><em>\u201cS\u00ed est\u00e1n detenidas las obras, no hay m\u00e1quinas ahora, y el estatus legal, las novedades del juicio es que Sedena interpuso un incidente de revocaci\u00f3n de la suspensi\u00f3n definitiva alegando que hay hechos su pervinientes como unos oficios (&#8230;) a la par que promueve este incidente de la revocaci\u00f3n de la suspensi\u00f3n ofrece la inspecci\u00f3n judicial\u201d<\/em>, explic\u00f3 Morales Cruz.<\/p>\n\n\n\n<blockquote class=\"wp-block-quote is-layout-flow wp-block-quote-is-layout-flow\"><\/blockquote>\n\n\n\n<p>Fuente: SIPSE<\/p>\n","protected":false},"excerpt":{"rendered":"<p>Va un mes de que frenaron trabajos de una casa de descanso en Bacalar. Un mes se cumpli\u00f3 de que la Secretar\u00eda de la Defensa Nacional (Sedena) fren\u00f3 labores de construcci\u00f3n de una\u00a0casa de descanso\u00a0para militares en\u00a0Bacalar; sin embargo, el proceso legal que mantiene suspendido el proyecto busca ser revertido. Son tres amparos que cuentan [&hellip;]<\/p>\n","protected":false},"author":2,"featured_media":141764,"comment_status":"open","ping_status":"open","sticky":false,"template":"","format":"standard","meta":{"footnotes":""},"categories":[6],"tags":[],"class_list":["post-141763","post","type-post","status-publish","format-standard","has-post-thumbnail","hentry","category-municipales"],"_links":{"self":[{"href":"http:\/\/elcuartopoder.com.mx\/nw\/wp-json\/wp\/v2\/posts\/141763","targetHints":{"allow":["GET"]}}],"collection":[{"href":"http:\/\/elcuartopoder.com.mx\/nw\/wp-json\/wp\/v2\/posts"}],"about":[{"href":"http:\/\/elcuartopoder.com.mx\/nw\/wp-json\/wp\/v2\/types\/post"}],"author":[{"embeddable":true,"href":"http:\/\/elcuartopoder.com.mx\/nw\/wp-json\/wp\/v2\/users\/2"}],"replies":[{"embeddable":true,"href":"http:\/\/elcuartopoder.com.mx\/nw\/wp-json\/wp\/v2\/comments?post=141763"}],"version-history":[{"count":1,"href":"http:\/\/elcuartopoder.com.mx\/nw\/wp-json\/wp\/v2\/posts\/141763\/revisions"}],"predecessor-version":[{"id":141765,"href":"http:\/\/elcuartopoder.com.mx\/nw\/wp-json\/wp\/v2\/posts\/141763\/revisions\/141765"}],"wp:featuredmedia":[{"embeddable":true,"href":"http:\/\/elcuartopoder.com.mx\/nw\/wp-json\/wp\/v2\/media\/141764"}],"wp:attachment":[{"href":"http:\/\/elcuartopoder.com.mx\/nw\/wp-json\/wp\/v2\/media?parent=141763"}],"wp:term":[{"taxonomy":"category","embeddable":true,"href":"http:\/\/elcuartopoder.com.mx\/nw\/wp-json\/wp\/v2\/categories?post=141763"},{"taxonomy":"post_tag","embeddable":true,"href":"http:\/\/elcuartopoder.com.mx\/nw\/wp-json\/wp\/v2\/tags?post=141763"}],"curies":[{"name":"wp","href":"https:\/\/api.w.org\/{rel}","templated":true}]}}