{"id":141769,"date":"2025-07-10T06:35:55","date_gmt":"2025-07-10T11:35:55","guid":{"rendered":"https:\/\/elcuartopoder.com.mx\/nw\/?p=141769"},"modified":"2025-07-10T06:35:56","modified_gmt":"2025-07-10T11:35:56","slug":"sequia-moderada-a-excepcional-afecta-21-8-de-mexico-conagua","status":"publish","type":"post","link":"http:\/\/elcuartopoder.com.mx\/nw\/nacionales\/sequia-moderada-a-excepcional-afecta-21-8-de-mexico-conagua\/","title":{"rendered":"Sequ\u00eda moderada a excepcional afecta 21.8% de M\u00e9xico: Conagua"},"content":{"rendered":"\n<p>El organismo inform\u00f3 una reducci\u00f3n general de \u00e1reas secas en junio, aunque persisten focos cr\u00edticos en el norte.<\/p>\n\n\n\n<p>La Comisi\u00f3n Nacional del Agua&nbsp;<strong>(Conagua)<\/strong>&nbsp;inform\u00f3 que el&nbsp;<strong>21.8%<\/strong>&nbsp;del territorio nacional presenta condiciones de sequ\u00eda que van de moderada a excepcional.<\/p>\n\n\n\n<p>Seg\u00fan su monitoreo de sequ\u00eda (Conagua, 2025), esta cifra corresponde al corte del 30 de junio de 2025 y refleja una reducci\u00f3n de&nbsp;<strong>15.7%<\/strong>&nbsp;respecto a la quincena anterior.<\/p>\n\n\n\n<h2 class=\"wp-block-heading\">\u00bfC\u00f3mo evolucion\u00f3 la sequ\u00eda en M\u00e9xico en junio?<\/h2>\n\n\n\n<p>Durante la segunda quincena de junio, se registraron&nbsp;<strong>lluvias superiores<\/strong>&nbsp;al promedio en gran parte del pa\u00eds gracias a diversos sistemas meteorol\u00f3gicos. Esto redujo \u00e1reas con sequ\u00eda en el sur de&nbsp;<strong>Sonora,<\/strong>&nbsp;<strong>Chihuahua, Sinaloa y Durango.<\/strong><\/p>\n\n\n\n<p>Asimismo, se mitigaron condiciones anormalmente secas y de sequ\u00eda moderada en regiones del occidente, centro, oriente y sureste del territorio nacional.<\/p>\n\n\n\n<h2 class=\"wp-block-heading\">\u00bfPor qu\u00e9 persisten \u00e1reas cr\u00edticas de sequ\u00eda?<\/h2>\n\n\n\n<p>Pese a la mejora general, algunas zonas mantuvieron lluvias por debajo del promedio. Espec\u00edficamente en el noroeste y norte del pa\u00eds, la falta de precipitaciones suficientes gener\u00f3 la persistencia de \u00e1reas con sequ\u00eda de moderada a excepcional.<\/p>\n\n\n\n<p>Los estados m\u00e1s afectados son&nbsp;<strong>Sonora, Sinaloa, Chihuahua y Coahuila<\/strong>. Adem\u00e1s, 173 municipios en M\u00e9xico reportan impactos relacionados con esta anomal\u00eda clim\u00e1tica.<\/p>\n\n\n\n<p>Fuente: SIPSE<\/p>\n","protected":false},"excerpt":{"rendered":"<p>El organismo inform\u00f3 una reducci\u00f3n general de \u00e1reas secas en junio, aunque persisten focos cr\u00edticos en el norte. La Comisi\u00f3n Nacional del Agua&nbsp;(Conagua)&nbsp;inform\u00f3 que el&nbsp;21.8%&nbsp;del territorio nacional presenta condiciones de sequ\u00eda que van de moderada a excepcional. Seg\u00fan su monitoreo de sequ\u00eda (Conagua, 2025), esta cifra corresponde al corte del 30 de junio de 2025 [&hellip;]<\/p>\n","protected":false},"author":2,"featured_media":141770,"comment_status":"open","ping_status":"open","sticky":false,"template":"","format":"standard","meta":{"footnotes":""},"categories":[55],"tags":[],"class_list":["post-141769","post","type-post","status-publish","format-standard","has-post-thumbnail","hentry","category-nacionales"],"_links":{"self":[{"href":"http:\/\/elcuartopoder.com.mx\/nw\/wp-json\/wp\/v2\/posts\/141769","targetHints":{"allow":["GET"]}}],"collection":[{"href":"http:\/\/elcuartopoder.com.mx\/nw\/wp-json\/wp\/v2\/posts"}],"about":[{"href":"http:\/\/elcuartopoder.com.mx\/nw\/wp-json\/wp\/v2\/types\/post"}],"author":[{"embeddable":true,"href":"http:\/\/elcuartopoder.com.mx\/nw\/wp-json\/wp\/v2\/users\/2"}],"replies":[{"embeddable":true,"href":"http:\/\/elcuartopoder.com.mx\/nw\/wp-json\/wp\/v2\/comments?post=141769"}],"version-history":[{"count":1,"href":"http:\/\/elcuartopoder.com.mx\/nw\/wp-json\/wp\/v2\/posts\/141769\/revisions"}],"predecessor-version":[{"id":141771,"href":"http:\/\/elcuartopoder.com.mx\/nw\/wp-json\/wp\/v2\/posts\/141769\/revisions\/141771"}],"wp:featuredmedia":[{"embeddable":true,"href":"http:\/\/elcuartopoder.com.mx\/nw\/wp-json\/wp\/v2\/media\/141770"}],"wp:attachment":[{"href":"http:\/\/elcuartopoder.com.mx\/nw\/wp-json\/wp\/v2\/media?parent=141769"}],"wp:term":[{"taxonomy":"category","embeddable":true,"href":"http:\/\/elcuartopoder.com.mx\/nw\/wp-json\/wp\/v2\/categories?post=141769"},{"taxonomy":"post_tag","embeddable":true,"href":"http:\/\/elcuartopoder.com.mx\/nw\/wp-json\/wp\/v2\/tags?post=141769"}],"curies":[{"name":"wp","href":"https:\/\/api.w.org\/{rel}","templated":true}]}}