{"id":141772,"date":"2025-07-10T06:40:22","date_gmt":"2025-07-10T11:40:22","guid":{"rendered":"https:\/\/elcuartopoder.com.mx\/nw\/?p=141772"},"modified":"2025-07-10T06:40:23","modified_gmt":"2025-07-10T11:40:23","slug":"pese-a-presion-de-eu-netanyahu-reitera-objetivo-de-acabar-con-hamas","status":"publish","type":"post","link":"http:\/\/elcuartopoder.com.mx\/nw\/politica\/pese-a-presion-de-eu-netanyahu-reitera-objetivo-de-acabar-con-hamas\/","title":{"rendered":"Pese a presi\u00f3n de EU, Netanyahu reitera objetivo de acabar con Hamas"},"content":{"rendered":"\n<p><em>Jerusal\u00e9n.<\/em>&nbsp;El primer ministro israel\u00ed, Benjamin Netanyahu, reiter\u00f3 este mi\u00e9rcoles que su objetivo sigue siendo acabar con Hamas en la franja de Gaza, pese a la presi\u00f3n de Estados Unidos para alcanzar una tregua y mientras las negociaciones indirectas siguen estancadas.<\/p>\n\n\n\n<p>Pese al optimismo de Estados Unidos, cuyo enviado para Medio Oriente, Steve Witkoff, dijo esperar un acuerdo, las conversaciones en Qatar segu\u00edan estancadas este mi\u00e9rcoles en su cuarto d\u00eda.<\/p>\n\n\n\n<p>\u00abEsperamos que al final de esta semana lleguemos a un acuerdo que nos permita entrar en un alto el fuego de 60 d\u00edas\u00bb, asegur\u00f3.<\/p>\n\n\n\n<p>Pero seg\u00fan una fuente palestina la delegaci\u00f3n israel\u00ed se niega \u00aba aceptar la libre circulaci\u00f3n de ayuda humanitaria en la franja de Gaza\u00bb y a retirar a sus soldados de las zonas donde se instalaron desde marzo.<\/p>\n\n\n\n<p>\u00abLa delegaci\u00f3n israel\u00ed se contenta principalmente con escuchar en lugar de negociar, lo que refleja la pol\u00edtica actual de obstrucci\u00f3n de Netanyahu\u00bb, indica otra fuente palestina.<\/p>\n\n\n\n<p>\u00abHubo un intercambio de opiniones y posiciones, pero no se avanz\u00f3 porque la delegaci\u00f3n israel\u00ed no est\u00e1 autorizada a dar una respuesta\u00bb, a\u00f1adi\u00f3 la fuente.<\/p>\n\n\n\n<p>Hasta ahora todas las negociaciones han terminado sin resultados, con ambas partes acus\u00e1ndose de su fracaso.<\/p>\n\n\n\n<p>Fuente: La Jornada<\/p>\n","protected":false},"excerpt":{"rendered":"<p>Jerusal\u00e9n.&nbsp;El primer ministro israel\u00ed, Benjamin Netanyahu, reiter\u00f3 este mi\u00e9rcoles que su objetivo sigue siendo acabar con Hamas en la franja de Gaza, pese a la presi\u00f3n de Estados Unidos para alcanzar una tregua y mientras las negociaciones indirectas siguen estancadas. Pese al optimismo de Estados Unidos, cuyo enviado para Medio Oriente, Steve Witkoff, dijo esperar [&hellip;]<\/p>\n","protected":false},"author":2,"featured_media":141773,"comment_status":"open","ping_status":"open","sticky":false,"template":"","format":"standard","meta":{"footnotes":""},"categories":[61],"tags":[],"class_list":["post-141772","post","type-post","status-publish","format-standard","has-post-thumbnail","hentry","category-politica"],"_links":{"self":[{"href":"http:\/\/elcuartopoder.com.mx\/nw\/wp-json\/wp\/v2\/posts\/141772","targetHints":{"allow":["GET"]}}],"collection":[{"href":"http:\/\/elcuartopoder.com.mx\/nw\/wp-json\/wp\/v2\/posts"}],"about":[{"href":"http:\/\/elcuartopoder.com.mx\/nw\/wp-json\/wp\/v2\/types\/post"}],"author":[{"embeddable":true,"href":"http:\/\/elcuartopoder.com.mx\/nw\/wp-json\/wp\/v2\/users\/2"}],"replies":[{"embeddable":true,"href":"http:\/\/elcuartopoder.com.mx\/nw\/wp-json\/wp\/v2\/comments?post=141772"}],"version-history":[{"count":1,"href":"http:\/\/elcuartopoder.com.mx\/nw\/wp-json\/wp\/v2\/posts\/141772\/revisions"}],"predecessor-version":[{"id":141774,"href":"http:\/\/elcuartopoder.com.mx\/nw\/wp-json\/wp\/v2\/posts\/141772\/revisions\/141774"}],"wp:featuredmedia":[{"embeddable":true,"href":"http:\/\/elcuartopoder.com.mx\/nw\/wp-json\/wp\/v2\/media\/141773"}],"wp:attachment":[{"href":"http:\/\/elcuartopoder.com.mx\/nw\/wp-json\/wp\/v2\/media?parent=141772"}],"wp:term":[{"taxonomy":"category","embeddable":true,"href":"http:\/\/elcuartopoder.com.mx\/nw\/wp-json\/wp\/v2\/categories?post=141772"},{"taxonomy":"post_tag","embeddable":true,"href":"http:\/\/elcuartopoder.com.mx\/nw\/wp-json\/wp\/v2\/tags?post=141772"}],"curies":[{"name":"wp","href":"https:\/\/api.w.org\/{rel}","templated":true}]}}