{"id":141775,"date":"2025-07-10T06:42:29","date_gmt":"2025-07-10T11:42:29","guid":{"rendered":"https:\/\/elcuartopoder.com.mx\/nw\/?p=141775"},"modified":"2025-07-10T06:42:31","modified_gmt":"2025-07-10T11:42:31","slug":"el-evangelio-segun-javier-milei","status":"publish","type":"post","link":"http:\/\/elcuartopoder.com.mx\/nw\/editorial\/el-evangelio-segun-javier-milei\/","title":{"rendered":"El Evangelio seg\u00fan Javier Milei"},"content":{"rendered":"\n<p>Us\u00f3 el p\u00falpito para soltar arengas pol\u00edticas envueltas en pretendidos conocimientos b\u00edblicos. Con un discurso, el presidente Javier Milei particip\u00f3 el s\u00e1bado en la inauguraci\u00f3n del templo de la Iglesia Portal del Cielo. El lugar, en el Chaco argentino, tiene capacidad para 15 mil personas y es la sede principal de la Iglesia Cristiana Internacional, organizaci\u00f3n fundada por Jorge y Alicia Ledesma (matrimonio que comparte el pastorado) en 1994.<\/p>\n\n\n\n<p>Milei, como es habitual, abund\u00f3 en cr\u00edticas y descalificaciones de lo que para \u00e9l representa la izquierda. Subray\u00f3 que la idea y luchas por la justicia social son da\u00f1inas para el conjunto de la sociedad, como lo es tambi\u00e9n la defensa de derechos en favor de los sectores marginados por el desarrollo econ\u00f3mico. Como estaba ante un auditorio evang\u00e9lico, el presidente argentino reprodujo citas b\u00edblicas que, seg\u00fan \u00e9l, respaldan su programa que languidece al Estado como factor regulatorio en el terreno econ\u00f3mico. Partidario desaforado del libre comercio, Milei defendi\u00f3 las pol\u00edticas de su administraci\u00f3n que tienen como uno de sus resultados mayor precarizaci\u00f3n en amplias franjas de la poblaci\u00f3n argentina.<\/p>\n\n\n\n<p>El presidente predicador sentenci\u00f3: \u201cLa izquierda, por su naturaleza anticapitalista, ha tergiversado los valores y principios judeocristianos que hicieron grande a Occidente, en su moral retorcida, que es una distorsi\u00f3n de la moral sobre la cual la civilizaci\u00f3n fue construida, ha invertido el orden de los factores que conducen a la prosperidad\u201d. Pose\u00eddo por un esp\u00edritu clasista areng\u00f3: \u201cEn el fondo, la justicia social no es ni m\u00e1s ni menos que envidia con ret\u00f3rica, es decir, es la envidia disfrazada de algo bien pensante, pero no deja de ser un pecado capital [\u2026]. No nos van a doblegar. Nosotros conocemos las Sagradas Escrituras\u201d.<\/p>\n\n\n\n<p>Sin duda que Javier Milei conoce bien las escrituras de sus gur\u00faes que prenden incienso al capitalismo salvaje, pero no las Escrituras en las que, supuestamente, basa sus diatribas cotidianas.<\/p>\n\n\n\n<p>La Biblia tiene una clara l\u00ednea doctrinal y \u00e9tica contraria al despojo y las injusticias sociales. Entre los mandatos al pueblo liberado de la opresi\u00f3n en Egipto tiene preponderancia la de no repetir con otros las condiciones injustas antes padecidas. Es as\u00ed que, junto con la instrucci\u00f3n que deb\u00eda transmitirse generacionalmente acerca de la explotaci\u00f3n y servidumbre vividas en tierras egipcias (Deuteronomio 6:20-25), estaba el mandamiento divino de velar especialmente por los m\u00e1s d\u00e9biles: viudas, hu\u00e9rfanos y extranjeros (Deuteronomio 24:19).<\/p>\n\n\n\n<p>Son m\u00faltiples los pasajes b\u00edblicos que llaman a desarrollar formas de protecci\u00f3n de quienes, dejados a los vaivenes de las desatadas fuerzas del libre mercado, solamente tienen como horizonte el constante deterioro de sus condiciones de vida. El salmo 146:9 dice: \u201cEl Se\u00f1or protege al extranjero y sostiene al hu\u00e9rfano y a la viuda, pero frustra los planes de los malvados\u201d. Por su parte Eclesiast\u00e9s 4:1-2, en tono de lamento, describe: \u201cLuego me fij\u00e9 en tanta opresi\u00f3n que hay bajo el sol. Vi llorar a los oprimidos y no hab\u00eda quien los consolara; el poder estaba del lado de sus opresores y no hab\u00eda quien los consolara. Y consider\u00e9 m\u00e1s felices a los que ya han muerto que a los que a\u00fan viven, aunque en mejor situaci\u00f3n est\u00e1n los que a\u00fan no han nacido, los que todav\u00eda no han visto la maldad que se comete bajo el sol\u201d. En lenguaje b\u00edblico son muchas las maldades cometidas por Milei bajo el sol, es decir, a la vista de todos y sin pudor alguno.<\/p>\n\n\n\n<p>De la ampl\u00edsima ense\u00f1anza b\u00edblica sobre opresores\/oprimidos, que tal vez no tengan cabida en la Biblia de Javier Milei, le sugiero no evadir Ezequiel cap\u00edtulo 34 y todo el libro de Am\u00f3s. El primer pasaje describe el resultado de la organizaci\u00f3n social cuando las autoridades, en lugar de proteger a los m\u00e1s d\u00e9biles, facilitan todo para usar el poder en favor de los opresores: \u201cNo fortalecen a la [oveja, que aqu\u00ed representa persona] d\u00e9bil, no cuidan de la enferma ni curan a la herida. No han tra\u00eddo a la descarriada ni buscan a la perdida. Al contrario, tratan al reba\u00f1o con crueldad y violencia\u201d (vers\u00edculo 4).<\/p>\n\n\n\n<p>Por su parte todo Am\u00f3s es un clamor por que \u201c\u00a1fluya el derecho como las aguas y la justicia como arroyo inagotable!\u201d (5:24).<\/p>\n\n\n\n<p>El serm\u00f3n laudatorio que hizo Milei de la depredaci\u00f3n, que present\u00f3 como fuerza irrefrenable y producto de la iniciativa que necesariamente produce beneficios excluyentes, tuvo una respuesta, con la que coincido, por parte de la Federaci\u00f3n Argentina de Iglesias Evang\u00e9licas, Pastoral Social Evang\u00e9lica y la Asociaci\u00f3n de Iglesias Pentecostales de Argentina.<\/p>\n\n\n\n<p>Aqu\u00ed unas l\u00edneas del comunicado: \u201cJavier Milei suele compararse p\u00fablicamente con Mois\u00e9s en tanto libertador del pueblo o palad\u00edn de la libertad. Sin embargo, alcanza con repasar su modo de gesti\u00f3n y las medidas que promueve para decir que se asemeja m\u00e1s al fara\u00f3n que con crueldad maltrat\u00f3 y esclaviz\u00f3 al pueblo de Dios [\u2026]. Claramente no es Mois\u00e9s. Por m\u00e1s que grite enojado o euf\u00f3rico, no es un libertador. Como dice el Evangelio: \u2018Cada \u00e1rbol se reconoce por sus frutos\u2019 (Lucas 6:44) y hasta ahora s\u00f3lo vemos empeoramiento en la calidad de vida y crueldad\u201d.<\/p>\n\n\n\n<p>\u00bfSer\u00e1 que Milei est\u00e1 preparando una edici\u00f3n de la Biblia para expurgarla de pasajes \u201cizquierdistas\u201d?<\/p>\n\n\n\n<p>Fuente: La Jornada<\/p>\n","protected":false},"excerpt":{"rendered":"<p>Us\u00f3 el p\u00falpito para soltar arengas pol\u00edticas envueltas en pretendidos conocimientos b\u00edblicos. Con un discurso, el presidente Javier Milei particip\u00f3 el s\u00e1bado en la inauguraci\u00f3n del templo de la Iglesia Portal del Cielo. El lugar, en el Chaco argentino, tiene capacidad para 15 mil personas y es la sede principal de la Iglesia Cristiana Internacional, [&hellip;]<\/p>\n","protected":false},"author":2,"featured_media":141776,"comment_status":"open","ping_status":"open","sticky":false,"template":"","format":"standard","meta":{"footnotes":""},"categories":[63],"tags":[],"class_list":["post-141775","post","type-post","status-publish","format-standard","has-post-thumbnail","hentry","category-editorial"],"_links":{"self":[{"href":"http:\/\/elcuartopoder.com.mx\/nw\/wp-json\/wp\/v2\/posts\/141775","targetHints":{"allow":["GET"]}}],"collection":[{"href":"http:\/\/elcuartopoder.com.mx\/nw\/wp-json\/wp\/v2\/posts"}],"about":[{"href":"http:\/\/elcuartopoder.com.mx\/nw\/wp-json\/wp\/v2\/types\/post"}],"author":[{"embeddable":true,"href":"http:\/\/elcuartopoder.com.mx\/nw\/wp-json\/wp\/v2\/users\/2"}],"replies":[{"embeddable":true,"href":"http:\/\/elcuartopoder.com.mx\/nw\/wp-json\/wp\/v2\/comments?post=141775"}],"version-history":[{"count":1,"href":"http:\/\/elcuartopoder.com.mx\/nw\/wp-json\/wp\/v2\/posts\/141775\/revisions"}],"predecessor-version":[{"id":141777,"href":"http:\/\/elcuartopoder.com.mx\/nw\/wp-json\/wp\/v2\/posts\/141775\/revisions\/141777"}],"wp:featuredmedia":[{"embeddable":true,"href":"http:\/\/elcuartopoder.com.mx\/nw\/wp-json\/wp\/v2\/media\/141776"}],"wp:attachment":[{"href":"http:\/\/elcuartopoder.com.mx\/nw\/wp-json\/wp\/v2\/media?parent=141775"}],"wp:term":[{"taxonomy":"category","embeddable":true,"href":"http:\/\/elcuartopoder.com.mx\/nw\/wp-json\/wp\/v2\/categories?post=141775"},{"taxonomy":"post_tag","embeddable":true,"href":"http:\/\/elcuartopoder.com.mx\/nw\/wp-json\/wp\/v2\/tags?post=141775"}],"curies":[{"name":"wp","href":"https:\/\/api.w.org\/{rel}","templated":true}]}}