{"id":141779,"date":"2025-07-10T10:01:01","date_gmt":"2025-07-10T15:01:01","guid":{"rendered":"https:\/\/elcuartopoder.com.mx\/nw\/?p=141779"},"modified":"2025-07-10T10:01:03","modified_gmt":"2025-07-10T15:01:03","slug":"trump-anuncia-un-arancel-del-50-a-brasil-en-castigo-por-el-juicio-a-bolsonaro","status":"publish","type":"post","link":"http:\/\/elcuartopoder.com.mx\/nw\/internacionales\/trump-anuncia-un-arancel-del-50-a-brasil-en-castigo-por-el-juicio-a-bolsonaro\/","title":{"rendered":"Trump anuncia un arancel del 50% a Brasil en castigo por el juicio a Bolsonaro"},"content":{"rendered":"\n<h2 class=\"wp-block-heading\">El presidente de Estados Unidos impondr\u00e1 el gravamen al pa\u00eds sudamericano partir del pr\u00f3ximo 1 de agosto<\/h2>\n\n\n\n<h2 class=\"wp-block-heading\"><a href=\"https:\/\/www.abc.es\/internacional\/ue-espera-alcanzar-acuerdo-comercial-eeuu-proximos-20250709140253-nt.html\">La UE espera alcanzar un acuerdo comercial con EE.UU. en \u00ablos pr\u00f3ximos d\u00edas\u00bb<\/a><\/h2>\n\n\n\n<p>El presidente de EE.UU.,\u00a0Donald Trump, anunci\u00f3 el mi\u00e9rcoles planes para imponer un arancel del 50% a los productos brasile\u00f1os a partir del 1 de agosto, criticando el juicio del ex l\u00edder del pa\u00eds Jair Bolsonaro como una\u00a0<strong>\u00abcaza de brujas\u00bb<\/strong>.<\/p>\n\n\n\n<p>En una carta dirigida al presidente brasile\u00f1o, Lula da Silva, Trump critic\u00f3 el tratamiento de\u00a0Bolsonaro\u00a0como una \u00abverg\u00fcenza internacional\u00bb, y agreg\u00f3 que el juicio \u00abno deber\u00eda estar teniendo lugar.\u00bb<\/p>\n\n\n\n<p>\u00abLa forma en la que Brasil ha tratado al expresidente Bolsonaro (&#8230;) es una verg\u00fcenza internacional. Este juicio no deber\u00eda estar ocurriendo. Es una cacer\u00eda de brujas que debe terminar inmediatamente\u00bb, escribi\u00f3 Trump en la citada carta, refiri\u00e9ndose al procesamiento judicial contra el expresidente ultraderechista por\u00a0intento de golpe de Estado.<\/p>\n\n\n\n<p>No obstante, Trump ha se\u00f1alado que las aplicaci\u00f3n de los aranceles a los productos brasile\u00f1os se deben tambi\u00e9n \u00aben parte a los&nbsp;<strong>maliciosos ataques de Brasil en la libertad electoral<\/strong>, y los derechos fundamentales de libertad de expresi\u00f3n\u00bb. En este sentido, ha puesto como ejemplo las \u00abcentenares de \u00f3rdenes de censura secretas e ilegales emitidas contra plataformas de redes sociales estadounidenses\u00ab, a las que el Supremo de Brasil ha \u00bbamenazado con multas de millones de d\u00f3lares y la salida del mercado brasile\u00f1o.<\/p>\n\n\n\n<p>Fuera del nivel pol\u00edtico, ha pedido a Lula que \u00abentienda\u00bb que este gravamen es \u00abuna cifra muy inferior a la que se necesita para tener la igualdad de condiciones\u00bb que han \u00abde tener con su pa\u00eds\u00bb. \u00abEs necesario para rectificar las graves injusticias del r\u00e9gimen actual\u00bb, ha asegurado, antes de agregar que no habr\u00eda aranceles en el caso de que Brasil o sus empresas decidieran trasladarse a territorio estadounidense.<\/p>\n\n\n\n<p>Adem\u00e1s, el inquilino de la Casa Blanca ha aprovechado la ocasi\u00f3n para recordar al presidente de Brasil que, en caso de que decida aumentar sus aranceles en respuesta,&nbsp;<strong>Washington aplicar\u00e1 una nueva subida<\/strong>: \u00abCualquiera que sea el n\u00famero que usted elija para aumentarlos, se agregar\u00e1 al 50 por ciento que cobramos\u00bb, ha explicado, si bien ha reconocido que estas medidas \u00abpueden ser modificadas hacia arriba o hacia abajo seg\u00fan la relaci\u00f3n con el pa\u00eds\u00bb.<\/p>\n\n\n\n<h3 class=\"wp-block-heading\">Tambi\u00e9n anunci\u00f3 aranceles contra otros pa\u00edses<\/h3>\n\n\n\n<p>Horas antes, Trump hab\u00eda anunciado aranceles contra Filipinas, Argelia, Irak, Libia, Sri Lanka, Brun\u00e9i y Moldavia en el marco de la guerra comercial que desat\u00f3 hace meses y en anticipaci\u00f3n a la entrada en vigor el 1 de agosto de los grav\u00e1menes individualizados por pa\u00edses. En los \u00faltimos d\u00edas, tambi\u00e9n ha comunicado medidas arancelarias contra Jap\u00f3n, Corea del Sur, Malasia, Kazajist\u00e1n, T\u00fanez, Sud\u00e1frica, Bosnia-Herzegovina, Indonesia, Serbia, Bangladesh, Tailandia, Camboya, Birmania y Laos.<\/p>\n\n\n\n<p>Fuente: ABC<\/p>\n","protected":false},"excerpt":{"rendered":"<p>El presidente de Estados Unidos impondr\u00e1 el gravamen al pa\u00eds sudamericano partir del pr\u00f3ximo 1 de agosto La UE espera alcanzar un acuerdo comercial con EE.UU. en \u00ablos pr\u00f3ximos d\u00edas\u00bb El presidente de EE.UU.,\u00a0Donald Trump, anunci\u00f3 el mi\u00e9rcoles planes para imponer un arancel del 50% a los productos brasile\u00f1os a partir del 1 de agosto, [&hellip;]<\/p>\n","protected":false},"author":2,"featured_media":141780,"comment_status":"open","ping_status":"open","sticky":false,"template":"","format":"standard","meta":{"footnotes":""},"categories":[8],"tags":[],"class_list":["post-141779","post","type-post","status-publish","format-standard","has-post-thumbnail","hentry","category-internacionales"],"_links":{"self":[{"href":"http:\/\/elcuartopoder.com.mx\/nw\/wp-json\/wp\/v2\/posts\/141779","targetHints":{"allow":["GET"]}}],"collection":[{"href":"http:\/\/elcuartopoder.com.mx\/nw\/wp-json\/wp\/v2\/posts"}],"about":[{"href":"http:\/\/elcuartopoder.com.mx\/nw\/wp-json\/wp\/v2\/types\/post"}],"author":[{"embeddable":true,"href":"http:\/\/elcuartopoder.com.mx\/nw\/wp-json\/wp\/v2\/users\/2"}],"replies":[{"embeddable":true,"href":"http:\/\/elcuartopoder.com.mx\/nw\/wp-json\/wp\/v2\/comments?post=141779"}],"version-history":[{"count":1,"href":"http:\/\/elcuartopoder.com.mx\/nw\/wp-json\/wp\/v2\/posts\/141779\/revisions"}],"predecessor-version":[{"id":141781,"href":"http:\/\/elcuartopoder.com.mx\/nw\/wp-json\/wp\/v2\/posts\/141779\/revisions\/141781"}],"wp:featuredmedia":[{"embeddable":true,"href":"http:\/\/elcuartopoder.com.mx\/nw\/wp-json\/wp\/v2\/media\/141780"}],"wp:attachment":[{"href":"http:\/\/elcuartopoder.com.mx\/nw\/wp-json\/wp\/v2\/media?parent=141779"}],"wp:term":[{"taxonomy":"category","embeddable":true,"href":"http:\/\/elcuartopoder.com.mx\/nw\/wp-json\/wp\/v2\/categories?post=141779"},{"taxonomy":"post_tag","embeddable":true,"href":"http:\/\/elcuartopoder.com.mx\/nw\/wp-json\/wp\/v2\/tags?post=141779"}],"curies":[{"name":"wp","href":"https:\/\/api.w.org\/{rel}","templated":true}]}}