{"id":141788,"date":"2025-07-10T10:17:22","date_gmt":"2025-07-10T15:17:22","guid":{"rendered":"https:\/\/elcuartopoder.com.mx\/nw\/?p=141788"},"modified":"2025-07-10T10:17:23","modified_gmt":"2025-07-10T15:17:23","slug":"explican-como-la-luz-artificial-nocturna-dana-la-salud-cerebral","status":"publish","type":"post","link":"http:\/\/elcuartopoder.com.mx\/nw\/entretenimiento\/salud\/explican-como-la-luz-artificial-nocturna-dana-la-salud-cerebral\/","title":{"rendered":"Explican c\u00f3mo la luz artificial nocturna da\u00f1a la salud cerebral"},"content":{"rendered":"\n<p><br>La exposici\u00f3n a la luz en momentos inapropiados puede suprimir las respuestas inmunitarias t\u00edpicas o desencadenar una inflamaci\u00f3n excesiva<br>La luz nocturna causa una alteraci\u00f3n en nuestros cerebro que puede tener consecuencias a la largo plazo. En un art\u00edculo que se publica en &#8216;Brain Medicine&#8217;, se subraya que la alteraci\u00f3n de los ritmos circadianos que causa la luz nocturna afecta la funci\u00f3n cerebral y la salud general.<\/p>\n\n\n\n<p>La luz nocturna no solo afecta la calidad del sue\u00f1o, sino que tambi\u00e9n altera profundamente la funci\u00f3n inmunitaria, desencadena neuroinflamaci\u00f3n, altera el metabolismo e influye en la regulaci\u00f3n del estado de \u00e1nimo, explica Randy Nelson, director del Departamento de Neurociencia de la Universidad de Virginia Occidental.<\/p>\n\n\n\n<p>La investigaci\u00f3n va m\u00e1s all\u00e1 de la simple alteraci\u00f3n del sue\u00f1o y revela profundos efectos en procesos fisiol\u00f3gicos que evolucionaron durante millones de a\u00f1os para funcionar en sincron\u00eda con los ciclos naturales de luz y oscuridad.<\/p>\n\n\n\n<p>Las \u00e1reas clave de impacto identificadas incluyen la disfunci\u00f3n del sistema inmunitario, donde la exposici\u00f3n a la luz en momentos inapropiados puede suprimir las respuestas inmunitarias t\u00edpicas o desencadenar una inflamaci\u00f3n excesiva. El trabajo tambi\u00e9n demuestra v\u00ednculos claros entre la alteraci\u00f3n circadiana y los trastornos metab\u00f3licos, lo que podr\u00eda contribuir a la epidemia de obesidad. Quiz\u00e1s lo m\u00e1s preocupante es que la investigaci\u00f3n muestra efectos directos en la regulaci\u00f3n del estado de \u00e1nimo, con implicaciones para la comprensi\u00f3n de la depresi\u00f3n y los trastornos de ansiedad.<br>\u00bfQu\u00e9 longitudes de onda de luz espec\u00edficas son las m\u00e1s disruptivas para los ritmos circadianos? \u00bfCon qu\u00e9 rapidez se recupera el cuerpo de la exposici\u00f3n cr\u00f3nica a la luz? \u00bfCu\u00e1l es la contribuci\u00f3n de la hora del d\u00eda como variable biol\u00f3gica?<\/p>\n\n\n\n<p>El equipo de Nelson actualmente realiza ensayos cl\u00ednicos que examinan si el bloqueo de los efectos de la luz disruptiva puede mejorar los resultados de los pacientes de cuidados intensivos. Dos ensayos principales se centran en la recuperaci\u00f3n de pacientes de accidentes cerebrovasculares y cirug\u00eda card\u00edaca, poblaciones particularmente vulnerables a las duras condiciones de iluminaci\u00f3n t\u00edpicas de las UCI hospitalarias.<\/p>\n\n\n\n<p>La investigaci\u00f3n tiene implicaciones pr\u00e1cticas inmediatas para la salud p\u00fablica. Intervenciones sencillas como reducir el tiempo frente a pantallas por la noche, usar colores de luz m\u00e1s c\u00e1lidos al atardecer y mantener horarios de sue\u00f1o regulares podr\u00edan tener un impacto significativo en la salud de la poblaci\u00f3n. Su trabajo sugiere que respetar nuestra herencia evolutiva, alineando la vida moderna con los patrones de luz natural, podr\u00eda prevenir numerosas enfermedades cr\u00f3nicas.<\/p>\n\n\n\n<p>Fuente: ABC<\/p>\n","protected":false},"excerpt":{"rendered":"<p>La exposici\u00f3n a la luz en momentos inapropiados puede suprimir las respuestas inmunitarias t\u00edpicas o desencadenar una inflamaci\u00f3n excesivaLa luz nocturna causa una alteraci\u00f3n en nuestros cerebro que puede tener consecuencias a la largo plazo. En un art\u00edculo que se publica en &#8216;Brain Medicine&#8217;, se subraya que la alteraci\u00f3n de los ritmos circadianos que causa [&hellip;]<\/p>\n","protected":false},"author":2,"featured_media":141789,"comment_status":"open","ping_status":"open","sticky":false,"template":"","format":"standard","meta":{"footnotes":""},"categories":[56],"tags":[],"class_list":["post-141788","post","type-post","status-publish","format-standard","has-post-thumbnail","hentry","category-salud"],"_links":{"self":[{"href":"http:\/\/elcuartopoder.com.mx\/nw\/wp-json\/wp\/v2\/posts\/141788","targetHints":{"allow":["GET"]}}],"collection":[{"href":"http:\/\/elcuartopoder.com.mx\/nw\/wp-json\/wp\/v2\/posts"}],"about":[{"href":"http:\/\/elcuartopoder.com.mx\/nw\/wp-json\/wp\/v2\/types\/post"}],"author":[{"embeddable":true,"href":"http:\/\/elcuartopoder.com.mx\/nw\/wp-json\/wp\/v2\/users\/2"}],"replies":[{"embeddable":true,"href":"http:\/\/elcuartopoder.com.mx\/nw\/wp-json\/wp\/v2\/comments?post=141788"}],"version-history":[{"count":1,"href":"http:\/\/elcuartopoder.com.mx\/nw\/wp-json\/wp\/v2\/posts\/141788\/revisions"}],"predecessor-version":[{"id":141790,"href":"http:\/\/elcuartopoder.com.mx\/nw\/wp-json\/wp\/v2\/posts\/141788\/revisions\/141790"}],"wp:featuredmedia":[{"embeddable":true,"href":"http:\/\/elcuartopoder.com.mx\/nw\/wp-json\/wp\/v2\/media\/141789"}],"wp:attachment":[{"href":"http:\/\/elcuartopoder.com.mx\/nw\/wp-json\/wp\/v2\/media?parent=141788"}],"wp:term":[{"taxonomy":"category","embeddable":true,"href":"http:\/\/elcuartopoder.com.mx\/nw\/wp-json\/wp\/v2\/categories?post=141788"},{"taxonomy":"post_tag","embeddable":true,"href":"http:\/\/elcuartopoder.com.mx\/nw\/wp-json\/wp\/v2\/tags?post=141788"}],"curies":[{"name":"wp","href":"https:\/\/api.w.org\/{rel}","templated":true}]}}