{"id":141797,"date":"2025-07-10T10:28:48","date_gmt":"2025-07-10T15:28:48","guid":{"rendered":"https:\/\/elcuartopoder.com.mx\/nw\/?p=141797"},"modified":"2025-07-10T10:28:50","modified_gmt":"2025-07-10T15:28:50","slug":"casar-a-los-hijos-menores-contra-su-voluntad-una-forma-de-trata-que-aflora-en-espana-2","status":"publish","type":"post","link":"http:\/\/elcuartopoder.com.mx\/nw\/destacadas\/casar-a-los-hijos-menores-contra-su-voluntad-una-forma-de-trata-que-aflora-en-espana-2\/","title":{"rendered":"Casar a los hijos menores contra su voluntad: una forma de trata que aflora en Espa\u00f1a"},"content":{"rendered":"\n<h2 class=\"wp-block-heading\">Un \u00absecreto\u00bb contado por una ni\u00f1a de 12 a\u00f1os a sus amigas la salv\u00f3 de un destino ama\u00f1ado por sus padres. Es la punta del iceberg de un delito \u00abinvisibilizado\u00bb en Espa\u00f1a<\/h2>\n\n\n\n<h2 class=\"wp-block-heading\">Perseguir esta forma de trata es complicado, dice la Guardia Civil, que pide colaboraci\u00f3n ciudadana<\/h2>\n\n\n\n<h2 class=\"wp-block-heading\"><a href=\"https:\/\/www.abc.es\/sociedad\/nina-anos-liberada-matrimonio-forzoso-iba-casarse-20240228194128-nt.html\">La ni\u00f1a de 12 a\u00f1os liberada del matrimonio forzado iba a casarse con otro menor de 16<\/a><\/h2>\n\n\n\n<p>Asma tiene 15 a\u00f1os. Acaba de asistir a una fiesta familiar que le hab\u00edan dicho que era para celebrar que se ha hecho mayor y que ha resultado ser la de su propia boda con un primo lejano a quien hab\u00eda visto antes solo en un par de ocasiones. Sus padres le explican que estaba comprometida con \u00e9l desde peque\u00f1ita y que hab\u00eda llegado ya el momento de casarlos.<\/p>\n\n\n\n<p>Una situaci\u00f3n semejante a la descrita la han vivido algunas adolescentes y mujeres j\u00f3venes en Espa\u00f1a.<\/p>\n\n\n\n<p>El matrimonio forzado constituye una manifestaci\u00f3n de\u00a0violencia contra las mujeres por causa de honor\u00a0todav\u00eda poco conocida en Espa\u00f1a. Apenas existen datos oficiales sobre su incidencia, m\u00e1s all\u00e1 de\u00a0los que proceden del Ministerio de Interior\u00a0en relaci\u00f3n con la trata de mujeres forzadas a casarse.<\/p>\n\n\n\n<h2 class=\"wp-block-heading\">\u00bfHay matrimonios forzados en Espa\u00f1a?<\/h2>\n\n\n\n<p>Sabemos que en Espa\u00f1a se producen estos matrimonios forzados gracias a diversas investigaciones acad\u00e9micas. Entre ellas,\u00a0un primer estudio cuantitativo\u00a0basado en una encuesta en l\u00ednea a entidades que pod\u00edan haberse topado con estos casos, seguido de dos an\u00e1lisis cualitativos con\u00a0profesionales forenses y del \u00e1mbito asistencial\u00a0y\u00a0con v\u00edctimas.<\/p>\n\n\n\n<p>Dichos estudios han permitido confirmar la existencia de matrimonios forzados en la mayor parte de territorios espa\u00f1oles explorados \u2013sobre todo, en Catalu\u00f1a, Madrid, Andaluc\u00eda, Valencia y Arag\u00f3n\u2013, establecer un perfil de v\u00edctima, conocer su din\u00e1mica, saber c\u00f3mo afloran estos casos y c\u00f3mo los viven las v\u00edctimas, determinar el grado de concienciaci\u00f3n profesional y la forma m\u00e1s adecuada de abordarlos.<\/p>\n\n\n\n<h2 class=\"wp-block-heading\">Menores de edad espa\u00f1olas de familia extranjera<\/h2>\n\n\n\n<p>Los colectivos en riesgo son mujeres menores de edad o muy j\u00f3venes. Suelen estar todav\u00eda al cuidado de sus padres y son mayoritariamente de nacionalidad espa\u00f1ola o tienen residencia legal en Espa\u00f1a, aunque sus familias procedan sobre todo del Magreb, \u00c1frica subsahariana y sur de Asia.<\/p>\n\n\n\n<p>Fuente: ABC Y  theconversation<\/p>\n","protected":false},"excerpt":{"rendered":"<p>Un \u00absecreto\u00bb contado por una ni\u00f1a de 12 a\u00f1os a sus amigas la salv\u00f3 de un destino ama\u00f1ado por sus padres. Es la punta del iceberg de un delito \u00abinvisibilizado\u00bb en Espa\u00f1a Perseguir esta forma de trata es complicado, dice la Guardia Civil, que pide colaboraci\u00f3n ciudadana La ni\u00f1a de 12 a\u00f1os liberada del matrimonio [&hellip;]<\/p>\n","protected":false},"author":2,"featured_media":141799,"comment_status":"open","ping_status":"open","sticky":false,"template":"","format":"standard","meta":{"footnotes":""},"categories":[59],"tags":[],"class_list":["post-141797","post","type-post","status-publish","format-standard","has-post-thumbnail","hentry","category-destacadas"],"_links":{"self":[{"href":"http:\/\/elcuartopoder.com.mx\/nw\/wp-json\/wp\/v2\/posts\/141797","targetHints":{"allow":["GET"]}}],"collection":[{"href":"http:\/\/elcuartopoder.com.mx\/nw\/wp-json\/wp\/v2\/posts"}],"about":[{"href":"http:\/\/elcuartopoder.com.mx\/nw\/wp-json\/wp\/v2\/types\/post"}],"author":[{"embeddable":true,"href":"http:\/\/elcuartopoder.com.mx\/nw\/wp-json\/wp\/v2\/users\/2"}],"replies":[{"embeddable":true,"href":"http:\/\/elcuartopoder.com.mx\/nw\/wp-json\/wp\/v2\/comments?post=141797"}],"version-history":[{"count":1,"href":"http:\/\/elcuartopoder.com.mx\/nw\/wp-json\/wp\/v2\/posts\/141797\/revisions"}],"predecessor-version":[{"id":141800,"href":"http:\/\/elcuartopoder.com.mx\/nw\/wp-json\/wp\/v2\/posts\/141797\/revisions\/141800"}],"wp:featuredmedia":[{"embeddable":true,"href":"http:\/\/elcuartopoder.com.mx\/nw\/wp-json\/wp\/v2\/media\/141799"}],"wp:attachment":[{"href":"http:\/\/elcuartopoder.com.mx\/nw\/wp-json\/wp\/v2\/media?parent=141797"}],"wp:term":[{"taxonomy":"category","embeddable":true,"href":"http:\/\/elcuartopoder.com.mx\/nw\/wp-json\/wp\/v2\/categories?post=141797"},{"taxonomy":"post_tag","embeddable":true,"href":"http:\/\/elcuartopoder.com.mx\/nw\/wp-json\/wp\/v2\/tags?post=141797"}],"curies":[{"name":"wp","href":"https:\/\/api.w.org\/{rel}","templated":true}]}}