{"id":141871,"date":"2025-07-11T10:51:45","date_gmt":"2025-07-11T15:51:45","guid":{"rendered":"https:\/\/elcuartopoder.com.mx\/nw\/?p=141871"},"modified":"2025-07-11T10:51:46","modified_gmt":"2025-07-11T15:51:46","slug":"reconoce-boric-alerta-por-casos-de-crimen-organizado-en-fuerzas-armadas","status":"publish","type":"post","link":"http:\/\/elcuartopoder.com.mx\/nw\/policiacas\/reconoce-boric-alerta-por-casos-de-crimen-organizado-en-fuerzas-armadas\/","title":{"rendered":"Reconoce Boric alerta por casos de crimen organizado en fuerzas armadas"},"content":{"rendered":"\n<p><em>Santiago.&nbsp;<\/em>El presidente chileno Gabriel Boric, reconoci\u00f3 la gravedad y la alarma institucional que representa la detecci\u00f3n de dos casos, en menos de dos semanas, de penetraci\u00f3n del crimen organizado en las fuerzas armadas y que miembros de estas sean part\u00edcipes de redes del narcotr\u00e1fico, utilizando medios y log\u00edstica castrense.&nbsp;<\/p>\n\n\n\n<p>\u00abAc\u00e1 tenemos un caso tremendamente grave en donde funcionarios de la fuerza a\u00e9rea, antes del ej\u00e9rcito, est\u00e1n involucrados en casos no de consumo de drogas, sino de tr\u00e1fico de drogas y nosotros no vamos a permitir que el narcotr\u00e1fico permee nuestras instituciones armadas ni otras\u00bb, afirm\u00f3.<\/p>\n\n\n\n<p>Tambi\u00e9n advirti\u00f3 que \u00abno solamente las instituciones armadas pueden ser blancos del narcotr\u00e1fico, sino tambi\u00e9n otras como el poder pol\u00edtico, el Congreso, el Ejecutivo, el Poder Judicial, las municipalidades. Tenemos que ser muy cuidadosos respecto a esto\u00bb.<\/p>\n\n\n\n<p>Las alarmas saltaron la semana pasada, cuando siete suboficiales del ej\u00e9rcito y un civil, fueron detenidos por la polic\u00eda y formalizados judicialmente por integrar una mafia dedicada a trasegar centenares de kilos de coca\u00edna desde la frontera con Bolivia hasta la capital chilena, en operativos de traslado por casi 2 mil kil\u00f3metros de carretera.<\/p>\n\n\n\n<p>La fiscal\u00eda regional de Tarapac\u00e1, a cargo de la investigaci\u00f3n, revel\u00f3 que el grupo est\u00e1 activo a lo menos desde octubre de 2024 y que se han acreditado hasta 17 env\u00edos de droga.<\/p>\n\n\n\n<p>Cuando las autoridades no terminaban de reaccionar a aquello, anteayer, la Fuerza A\u00e9rea (FACH) hizo p\u00fablico el arresto de cinco uniformados, confabulados en introducir una maleta cargada con ketamina en un Boeing 737 institucional, que se preparaba a despegar desde Iquique hacia Santiago. La detecci\u00f3n ocurri\u00f3 no por un control institucional o procedimiento policiaco, sino porque un mec\u00e1nico en la losa del aeropuerto se percat\u00f3, y dio aviso, que el equipaje fue subido sin pasar por inspecci\u00f3n.<\/p>\n\n\n\n<p>Ayer jueves se daba cuenta del hallazgo de \u201covoides\u201d con coca\u00edna en una unidad militar en la localidad de Colchane, fronteriza con Bolivia, y la ministra de Defensa, Adriana Delpiano, anunciaba que la Polic\u00eda de Investigaciones har\u00e1 registros en diversas guarniciones militares en todo el norte del pa\u00eds.&nbsp;<\/p>\n\n\n\n<p>El mi\u00e9rcoles, en una ceremonia de juramentaci\u00f3n militar a la que concurri\u00f3 Boric, el comandante en jefe del ej\u00e9rcito, general Javier Iturriaga, calific\u00f3 como una \u201ctraici\u00f3n mayor con la patria y con sus camaradas de armas\u201d, que un militar viole la ley o los c\u00f3digos de conducta castrenses.<\/p>\n\n\n\n<p>A todo lo anterior se suma que, en mayo, un juzgado decret\u00f3 la prisi\u00f3n preventiva de 14 funcionarios de Carabineros imputados por el Ministerio P\u00fablico como autores de los delitos reiterados de cohecho y asociaci\u00f3n criminal, vinculados al tr\u00e1fico de migrantes, cobrando montos de dinero para evitar procedimientos, detenciones e incautaciones, a la vez que delataban la existencia de controles policiacos.<\/p>\n\n\n\n<p>Fuente: La Jornada<\/p>\n","protected":false},"excerpt":{"rendered":"<p>Santiago.&nbsp;El presidente chileno Gabriel Boric, reconoci\u00f3 la gravedad y la alarma institucional que representa la detecci\u00f3n de dos casos, en menos de dos semanas, de penetraci\u00f3n del crimen organizado en las fuerzas armadas y que miembros de estas sean part\u00edcipes de redes del narcotr\u00e1fico, utilizando medios y log\u00edstica castrense.&nbsp; \u00abAc\u00e1 tenemos un caso tremendamente grave [&hellip;]<\/p>\n","protected":false},"author":2,"featured_media":141872,"comment_status":"open","ping_status":"open","sticky":false,"template":"","format":"standard","meta":{"footnotes":""},"categories":[23],"tags":[],"class_list":["post-141871","post","type-post","status-publish","format-standard","has-post-thumbnail","hentry","category-policiacas"],"_links":{"self":[{"href":"http:\/\/elcuartopoder.com.mx\/nw\/wp-json\/wp\/v2\/posts\/141871","targetHints":{"allow":["GET"]}}],"collection":[{"href":"http:\/\/elcuartopoder.com.mx\/nw\/wp-json\/wp\/v2\/posts"}],"about":[{"href":"http:\/\/elcuartopoder.com.mx\/nw\/wp-json\/wp\/v2\/types\/post"}],"author":[{"embeddable":true,"href":"http:\/\/elcuartopoder.com.mx\/nw\/wp-json\/wp\/v2\/users\/2"}],"replies":[{"embeddable":true,"href":"http:\/\/elcuartopoder.com.mx\/nw\/wp-json\/wp\/v2\/comments?post=141871"}],"version-history":[{"count":1,"href":"http:\/\/elcuartopoder.com.mx\/nw\/wp-json\/wp\/v2\/posts\/141871\/revisions"}],"predecessor-version":[{"id":141873,"href":"http:\/\/elcuartopoder.com.mx\/nw\/wp-json\/wp\/v2\/posts\/141871\/revisions\/141873"}],"wp:featuredmedia":[{"embeddable":true,"href":"http:\/\/elcuartopoder.com.mx\/nw\/wp-json\/wp\/v2\/media\/141872"}],"wp:attachment":[{"href":"http:\/\/elcuartopoder.com.mx\/nw\/wp-json\/wp\/v2\/media?parent=141871"}],"wp:term":[{"taxonomy":"category","embeddable":true,"href":"http:\/\/elcuartopoder.com.mx\/nw\/wp-json\/wp\/v2\/categories?post=141871"},{"taxonomy":"post_tag","embeddable":true,"href":"http:\/\/elcuartopoder.com.mx\/nw\/wp-json\/wp\/v2\/tags?post=141871"}],"curies":[{"name":"wp","href":"https:\/\/api.w.org\/{rel}","templated":true}]}}