{"id":141883,"date":"2025-07-14T08:29:58","date_gmt":"2025-07-14T13:29:58","guid":{"rendered":"https:\/\/elcuartopoder.com.mx\/nw\/?p=141883"},"modified":"2025-07-14T08:30:00","modified_gmt":"2025-07-14T13:30:00","slug":"ine-advierte-98-mil-micas-perderan-validez-en-q-roo","status":"publish","type":"post","link":"http:\/\/elcuartopoder.com.mx\/nw\/politica\/ine-advierte-98-mil-micas-perderan-validez-en-q-roo\/","title":{"rendered":"INE advierte: 98 mil micas perder\u00e1n validez en Q. Roo"},"content":{"rendered":"\n<p>Ciudadanos deben acudir a los m\u00f3dulos a realizar el tr\u00e1mite para que puedan estar actualizados en el padr\u00f3n.<\/p>\n\n\n\n<p>El Instituto Nacional Electoral (<strong>INE<\/strong>)&nbsp;hizo un<strong>&nbsp;llamado a 98 mil 531 ciudadanos de Quintana Roo<\/strong>&nbsp;ya que su credencial para votar&nbsp;<strong>est\u00e1 por perder validez.&nbsp;<\/strong><\/p>\n\n\n\n<p>Sergio Bernal Rojas, vocal ejecutivo de la Junta Local del INE en el estado, record\u00f3 que de dichas credenciales que<strong>&nbsp;requieren ser renovadas<\/strong>, 34 mil 280 credenciales corresponden a aquellas que ten\u00edan vigencia en 2024. Aunque pudieron ser utilizadas en el proceso electoral extraordinario, debido a un acuerdo aprobado por el Consejo General del INE, que establece que despu\u00e9s del 2 de junio \u2013un d\u00eda despu\u00e9s de la<strong>&nbsp;jornada electoral para renovar el Poder Judicial federal y local,<\/strong>&nbsp;<strong>dichos pl\u00e1sticos perd\u00edan su vigencia<\/strong><\/p>\n\n\n\n<p>Por ello<strong>&nbsp;el INE hace la invitaci\u00f3n a realizar el tr\u00e1mite correspondiente&nbsp;<\/strong>para que puedan estar actualizados en el patr\u00f3n. A la par se hizo un llamado a 64 mil 251 electores, que&nbsp;<strong>antes de cerrar el a\u00f1o tambi\u00e9n deber\u00e1n renovarse.<\/strong><\/p>\n\n\n\n<p>Por su parte, Norberto Moreno Garc\u00eda, vocal ejecutivo de la 03 Junta Distrital Ejecutiva del INE en Quintana Roo, record\u00f3 que esto se debe a que la ley establece que las credenciales para votar&nbsp;<strong>tienen una vigencia de diez a\u00f1os.<\/strong><\/p>\n\n\n\n<p>El entrevistado coment\u00f3 que aquellas personas que deseen renovar sus credenciales para votar,&nbsp;<strong>deben acudir a alguno de los m\u00f3dulos que tiene el INE&nbsp;<\/strong>en el estado con su acta de nacimiento original, y comprobante de domicilio no mayor a tres meses de vigencia y con su credencial electoral vencida.<\/p>\n\n\n\n<p>\u201cTambi\u00e9n pueden traer otro tipo de credencial, como su licencia para manejar, su c\u00e9dula profesional o cartilla militar, etc. Y solicitar su tr\u00e1mite de renovaci\u00f3n en los m\u00f3dulos del INE\u201d.<\/p>\n\n\n\n<blockquote class=\"wp-block-quote is-layout-flow wp-block-quote-is-layout-flow\"><\/blockquote>\n\n\n\n<p>Moreno Garc\u00eda coment\u00f3 que llevar a cabo el tr\u00e1mite para&nbsp;<strong>renovar su credencial para votar<\/strong>,&nbsp;<strong>dura menos de diez minutos<\/strong>, por lo que<strong>&nbsp;inst\u00f3 a la poblaci\u00f3n a acudir a realizar el tr\u00e1mite.<\/strong><\/p>\n\n\n\n<p>Sin embargo, en los m\u00f3dulos del INE tambi\u00e9n se realizan otros tr\u00e1mites, como actualizaci\u00f3n por cambios de domicilio, por lo que indic\u00f3 que el flujo de personas es constante, finaliz\u00f3.<\/p>\n\n\n\n<p>Fuente: SIPSE<\/p>\n","protected":false},"excerpt":{"rendered":"<p>Ciudadanos deben acudir a los m\u00f3dulos a realizar el tr\u00e1mite para que puedan estar actualizados en el padr\u00f3n. El Instituto Nacional Electoral (INE)&nbsp;hizo un&nbsp;llamado a 98 mil 531 ciudadanos de Quintana Roo&nbsp;ya que su credencial para votar&nbsp;est\u00e1 por perder validez.&nbsp; Sergio Bernal Rojas, vocal ejecutivo de la Junta Local del INE en el estado, record\u00f3 [&hellip;]<\/p>\n","protected":false},"author":2,"featured_media":141884,"comment_status":"open","ping_status":"open","sticky":false,"template":"","format":"standard","meta":{"footnotes":""},"categories":[61],"tags":[],"class_list":["post-141883","post","type-post","status-publish","format-standard","has-post-thumbnail","hentry","category-politica"],"_links":{"self":[{"href":"http:\/\/elcuartopoder.com.mx\/nw\/wp-json\/wp\/v2\/posts\/141883","targetHints":{"allow":["GET"]}}],"collection":[{"href":"http:\/\/elcuartopoder.com.mx\/nw\/wp-json\/wp\/v2\/posts"}],"about":[{"href":"http:\/\/elcuartopoder.com.mx\/nw\/wp-json\/wp\/v2\/types\/post"}],"author":[{"embeddable":true,"href":"http:\/\/elcuartopoder.com.mx\/nw\/wp-json\/wp\/v2\/users\/2"}],"replies":[{"embeddable":true,"href":"http:\/\/elcuartopoder.com.mx\/nw\/wp-json\/wp\/v2\/comments?post=141883"}],"version-history":[{"count":1,"href":"http:\/\/elcuartopoder.com.mx\/nw\/wp-json\/wp\/v2\/posts\/141883\/revisions"}],"predecessor-version":[{"id":141885,"href":"http:\/\/elcuartopoder.com.mx\/nw\/wp-json\/wp\/v2\/posts\/141883\/revisions\/141885"}],"wp:featuredmedia":[{"embeddable":true,"href":"http:\/\/elcuartopoder.com.mx\/nw\/wp-json\/wp\/v2\/media\/141884"}],"wp:attachment":[{"href":"http:\/\/elcuartopoder.com.mx\/nw\/wp-json\/wp\/v2\/media?parent=141883"}],"wp:term":[{"taxonomy":"category","embeddable":true,"href":"http:\/\/elcuartopoder.com.mx\/nw\/wp-json\/wp\/v2\/categories?post=141883"},{"taxonomy":"post_tag","embeddable":true,"href":"http:\/\/elcuartopoder.com.mx\/nw\/wp-json\/wp\/v2\/tags?post=141883"}],"curies":[{"name":"wp","href":"https:\/\/api.w.org\/{rel}","templated":true}]}}