{"id":141886,"date":"2025-07-14T08:32:54","date_gmt":"2025-07-14T13:32:54","guid":{"rendered":"https:\/\/elcuartopoder.com.mx\/nw\/?p=141886"},"modified":"2025-07-14T08:32:55","modified_gmt":"2025-07-14T13:32:55","slug":"cancun-preparan-incluir-a-bazaristas-a-reglamento-de-comercio","status":"publish","type":"post","link":"http:\/\/elcuartopoder.com.mx\/nw\/estatales\/cancun-preparan-incluir-a-bazaristas-a-reglamento-de-comercio\/","title":{"rendered":"Canc\u00fan: preparan incluir a bazaristas a reglamento de comercio"},"content":{"rendered":"\n<p>Hasta el momento, se han registrado 13 colectivos de bazares, donde ocho operan de manera activa en la ciudad.<\/p>\n\n\n\n<p>El gobierno municipal de Benito Ju\u00e1rez busca incluir a los&nbsp;<strong>bazares<\/strong>&nbsp;en el Reglamento para el&nbsp;<em>Comercio y la Prestaci\u00f3n de Servicios en V\u00eda P\u00fablica del Municipio de Benito Ju\u00e1rez<\/em>, con el objetivo de establecer lineamientos y sanciones para su operaci\u00f3n.<\/p>\n\n\n\n<p>Gamaliel Canto Cambranis, encargado de despacho de la&nbsp;<em>Direcci\u00f3n de Comercio y Servicios en la V\u00eda P\u00fablica del municipio<\/em>, coment\u00f3 que las mesas de trabajo para trazar la modificaci\u00f3n al reglamento participan representantes de&nbsp;<strong>13 colectivos de bazaristas.<\/strong><\/p>\n\n\n\n<p>\u201cEn el tema de bazar, no tenemos un cap\u00edtulo espec\u00edfico dentro del reglamento que ayude a determinar cu\u00e1les son las l\u00edneas de acci\u00f3n o lineamientos que deben cumplir los colectivos o bazares\u201d.<\/p>\n\n\n\n<blockquote class=\"wp-block-quote is-layout-flow wp-block-quote-is-layout-flow\"><\/blockquote>\n\n\n\n<p>&nbsp;El trabajo coordinado que se est\u00e1 haciendo con ellos, no solamente por parte de la&nbsp;<em>Direcci\u00f3n de Comercio, sino por la Decimosegunda Regidur\u00eda de la Comisi\u00f3n de Industria, Comercio y Asuntos Agropecuarios.<\/em>&nbsp;&nbsp;Tambi\u00e9n se analiza establecer las sanciones a aquellos integrantes de los colectivos de bazaristas que no acaten los lineamientos que se establezcan.<\/p>\n\n\n\n<p>\u201cNo solo lo que tiene que cumplir el bazar al momento de operaci\u00f3n y c\u00f3mo deber\u00eda hacer el tr\u00e1mite de los permisos correspondientes, sino que adicionalmente en caso de incumplimiento, se est\u00e1 poniendo un cap\u00edtulo especial de sanciones\u201d.<\/p>\n\n\n\n<blockquote class=\"wp-block-quote is-layout-flow wp-block-quote-is-layout-flow\"><\/blockquote>\n\n\n\n<p>Asegur\u00f3 que, actualmente para operar, los integrantes de las cooperativas de bazaristas tienen que acudir a la direcci\u00f3n a&nbsp;<strong>ingresar un escrito para laborar ciertas fechas&nbsp;<\/strong>\u2013por lo general es un fin de semana al mes\u2013 y, derivado de esta petici\u00f3n, se entrega la anuencia correspondiente que autoriza dicha actividad y se les emite un pase de caja para que ellos acudan a la Tesorer\u00eda para hacer su pago correspondiente para contar con todo en regla.&nbsp;<\/p>\n\n\n\n<p>\u201cUna de las condiciones que tambi\u00e9n pusimos a los bazaristas, es que, dependiendo del tipo de operaci\u00f3n que en su momento hagan, deber\u00e1n acudir a otras autoridades, como Seguridad Ciudadana, Vialidad, Protecci\u00f3n Civil y a la Secretar\u00eda General para darles conocimiento de las actividades que van a realizar y, en el caso particular de estas autoridades, para darles el apoyo correspondiente en cuanto a la protecci\u00f3n ciudadana\u201d.<\/p>\n\n\n\n<blockquote class=\"wp-block-quote is-layout-flow wp-block-quote-is-layout-flow\"><\/blockquote>\n\n\n\n<p>Canto Cambranis inform\u00f3 que, al d\u00eda de hoy, la Direcci\u00f3n de Comercio y Servicios en la V\u00eda P\u00fablica del municipio, tiene registrados<strong>&nbsp;13 colectivos de bazares,<\/strong>&nbsp;de los cuales ocho operan de manera activa, en ciertas zonas de la ciudad que ya est\u00e1n determinadas, como en Malec\u00f3n Tajamar.<\/p>\n\n\n\n<p>Fuente: sipse<\/p>\n","protected":false},"excerpt":{"rendered":"<p>Hasta el momento, se han registrado 13 colectivos de bazares, donde ocho operan de manera activa en la ciudad. El gobierno municipal de Benito Ju\u00e1rez busca incluir a los&nbsp;bazares&nbsp;en el Reglamento para el&nbsp;Comercio y la Prestaci\u00f3n de Servicios en V\u00eda P\u00fablica del Municipio de Benito Ju\u00e1rez, con el objetivo de establecer lineamientos y sanciones para [&hellip;]<\/p>\n","protected":false},"author":2,"featured_media":141887,"comment_status":"open","ping_status":"open","sticky":false,"template":"","format":"standard","meta":{"footnotes":""},"categories":[60],"tags":[],"class_list":["post-141886","post","type-post","status-publish","format-standard","has-post-thumbnail","hentry","category-estatales"],"_links":{"self":[{"href":"http:\/\/elcuartopoder.com.mx\/nw\/wp-json\/wp\/v2\/posts\/141886","targetHints":{"allow":["GET"]}}],"collection":[{"href":"http:\/\/elcuartopoder.com.mx\/nw\/wp-json\/wp\/v2\/posts"}],"about":[{"href":"http:\/\/elcuartopoder.com.mx\/nw\/wp-json\/wp\/v2\/types\/post"}],"author":[{"embeddable":true,"href":"http:\/\/elcuartopoder.com.mx\/nw\/wp-json\/wp\/v2\/users\/2"}],"replies":[{"embeddable":true,"href":"http:\/\/elcuartopoder.com.mx\/nw\/wp-json\/wp\/v2\/comments?post=141886"}],"version-history":[{"count":1,"href":"http:\/\/elcuartopoder.com.mx\/nw\/wp-json\/wp\/v2\/posts\/141886\/revisions"}],"predecessor-version":[{"id":141888,"href":"http:\/\/elcuartopoder.com.mx\/nw\/wp-json\/wp\/v2\/posts\/141886\/revisions\/141888"}],"wp:featuredmedia":[{"embeddable":true,"href":"http:\/\/elcuartopoder.com.mx\/nw\/wp-json\/wp\/v2\/media\/141887"}],"wp:attachment":[{"href":"http:\/\/elcuartopoder.com.mx\/nw\/wp-json\/wp\/v2\/media?parent=141886"}],"wp:term":[{"taxonomy":"category","embeddable":true,"href":"http:\/\/elcuartopoder.com.mx\/nw\/wp-json\/wp\/v2\/categories?post=141886"},{"taxonomy":"post_tag","embeddable":true,"href":"http:\/\/elcuartopoder.com.mx\/nw\/wp-json\/wp\/v2\/tags?post=141886"}],"curies":[{"name":"wp","href":"https:\/\/api.w.org\/{rel}","templated":true}]}}