{"id":141907,"date":"2025-07-14T10:28:29","date_gmt":"2025-07-14T15:28:29","guid":{"rendered":"https:\/\/elcuartopoder.com.mx\/nw\/?p=141907"},"modified":"2025-07-14T10:28:31","modified_gmt":"2025-07-14T15:28:31","slug":"bares-de-playa-del-carmen-piden-extender-horario-por-crisis-turistica-hoteleros-ven-la-propuesta-viable-si-hay-condiciones-adecuadas","status":"publish","type":"post","link":"http:\/\/elcuartopoder.com.mx\/nw\/municipales\/bares-de-playa-del-carmen-piden-extender-horario-por-crisis-turistica-hoteleros-ven-la-propuesta-viable-si-hay-condiciones-adecuadas\/","title":{"rendered":"Bares de Playa del Carmen piden extender horario por crisis tur\u00edstica; hoteleros ven la propuesta viable si hay condiciones adecuadas"},"content":{"rendered":"\n<p><strong>PLAYA DEL CARMEN, MX.-<\/strong>&nbsp;Ante la solicitud de bares y discotecas de extender su horario de funcionamiento de las 2:00 a las 4:00 de la ma\u00f1ana como medida para contrarrestar la baja afluencia tur\u00edstica en Playa del Carmen, Offner Arjona, presidente de la Asociaci\u00f3n de Peque\u00f1os Hoteles, consider\u00f3 que la propuesta podr\u00eda ser viable, siempre que se cuente con la infraestructura adecuada.<\/p>\n\n\n\n<p>Advirti\u00f3 que, de autorizarse sin las condiciones necesarias \u2014como medidas de seguridad, movilidad y regulaci\u00f3n\u2014 podr\u00eda generar afectaciones tanto a empresarios como a residentes.<\/p>\n\n\n\n<p>Durante la reciente Semana del Orgullo, empresarios del sector nocturno solicitaron a las autoridades mayor tolerancia en sus horarios de operaci\u00f3n, argumentando que desde febrero han enfrentado una fuerte ca\u00edda en sus ingresos, situaci\u00f3n que se agrav\u00f3 con el arribo masivo de sargazo.<\/p>\n\n\n\n<p>Arjona reconoci\u00f3 que Playa del Carmen atraviesa una etapa complicada en distintos sectores econ\u00f3micos, por lo que subray\u00f3 la necesidad de trabajar de forma coordinada entre todos los actores para reactivar el destino.<\/p>\n\n\n\n<p>Fuente: <strong>Noticaribe<\/strong><\/p>\n","protected":false},"excerpt":{"rendered":"<p>PLAYA DEL CARMEN, MX.-&nbsp;Ante la solicitud de bares y discotecas de extender su horario de funcionamiento de las 2:00 a las 4:00 de la ma\u00f1ana como medida para contrarrestar la baja afluencia tur\u00edstica en Playa del Carmen, Offner Arjona, presidente de la Asociaci\u00f3n de Peque\u00f1os Hoteles, consider\u00f3 que la propuesta podr\u00eda ser viable, siempre que [&hellip;]<\/p>\n","protected":false},"author":2,"featured_media":141908,"comment_status":"open","ping_status":"open","sticky":false,"template":"","format":"standard","meta":{"footnotes":""},"categories":[6],"tags":[],"class_list":["post-141907","post","type-post","status-publish","format-standard","has-post-thumbnail","hentry","category-municipales"],"_links":{"self":[{"href":"http:\/\/elcuartopoder.com.mx\/nw\/wp-json\/wp\/v2\/posts\/141907","targetHints":{"allow":["GET"]}}],"collection":[{"href":"http:\/\/elcuartopoder.com.mx\/nw\/wp-json\/wp\/v2\/posts"}],"about":[{"href":"http:\/\/elcuartopoder.com.mx\/nw\/wp-json\/wp\/v2\/types\/post"}],"author":[{"embeddable":true,"href":"http:\/\/elcuartopoder.com.mx\/nw\/wp-json\/wp\/v2\/users\/2"}],"replies":[{"embeddable":true,"href":"http:\/\/elcuartopoder.com.mx\/nw\/wp-json\/wp\/v2\/comments?post=141907"}],"version-history":[{"count":1,"href":"http:\/\/elcuartopoder.com.mx\/nw\/wp-json\/wp\/v2\/posts\/141907\/revisions"}],"predecessor-version":[{"id":141909,"href":"http:\/\/elcuartopoder.com.mx\/nw\/wp-json\/wp\/v2\/posts\/141907\/revisions\/141909"}],"wp:featuredmedia":[{"embeddable":true,"href":"http:\/\/elcuartopoder.com.mx\/nw\/wp-json\/wp\/v2\/media\/141908"}],"wp:attachment":[{"href":"http:\/\/elcuartopoder.com.mx\/nw\/wp-json\/wp\/v2\/media?parent=141907"}],"wp:term":[{"taxonomy":"category","embeddable":true,"href":"http:\/\/elcuartopoder.com.mx\/nw\/wp-json\/wp\/v2\/categories?post=141907"},{"taxonomy":"post_tag","embeddable":true,"href":"http:\/\/elcuartopoder.com.mx\/nw\/wp-json\/wp\/v2\/tags?post=141907"}],"curies":[{"name":"wp","href":"https:\/\/api.w.org\/{rel}","templated":true}]}}