{"id":141923,"date":"2025-07-14T15:03:17","date_gmt":"2025-07-14T20:03:17","guid":{"rendered":"https:\/\/elcuartopoder.com.mx\/nw\/?p=141923"},"modified":"2025-07-14T15:03:20","modified_gmt":"2025-07-14T20:03:20","slug":"la-ue-firmara-un-tratado-de-libre-comercio-con-indonesia-en-busca-de-mercados-emergentes","status":"publish","type":"post","link":"http:\/\/elcuartopoder.com.mx\/nw\/internacionales\/la-ue-firmara-un-tratado-de-libre-comercio-con-indonesia-en-busca-de-mercados-emergentes\/","title":{"rendered":"La UE firmar\u00e1 un tratado de libre comercio con Indonesia en busca de mercados emergentes"},"content":{"rendered":"\n<h2 class=\"wp-block-heading\">En plena guerra por los aranceles de Trump, Bruselas abre camino en este pa\u00eds de casi 300 millones de habitantes a sectores clave como la automoci\u00f3n, los servicios y la agricultura<\/h2>\n\n\n\n<h2 class=\"wp-block-heading\"><a href=\"https:\/\/www.abc.es\/internacional\/ordago-trump-ue-plenas-negociaciones-confirma-aranceles-20250712211034-nt.html\">\u00d3rdago de Trump a la UE: en plenas negociaciones, confirma aranceles del 30%<\/a><\/h2>\n\n\n\n<p>Indonesia y la Uni\u00f3n Europea han llegado este domingo a un acuerdo pol\u00edtico para acelerar la conclusi\u00f3n de un tratado de libre comercio que pretende intensificar los intercambios econ\u00f3micos con uno de los pa\u00edses m\u00e1s importantes de Asia. El anuncio se ha producido solo un d\u00eda despu\u00e9s de que la Comisi\u00f3n Europea recibiese la carta del presidente de Estados Unidos,&nbsp;<strong>Donald Trump<\/strong>, en la que decretaba la imposici\u00f3n general de aranceles del 30% para los productos europeos a partir del 1 de agosto. Todo ello a pesar de los esfuerzos de Bruselas por alcanzar un acuerdo con Washington. En este sentido, dos diplom\u00e1ticos declararon a POLITICO que esperaban que el periodo de gracia les diera tiempo adicional para negociar una exenci\u00f3n. El acuerdo con Indonesia es parte de la respuesta de la UE, que intenta ahora ampliar a toda velocidad su red de acuerdos comerciales con todos los pa\u00edses del mundo.<\/p>\n\n\n\n<p>Indonesia tiene casi 300 millones de habitantes y es una de las econom\u00edas m\u00e1s din\u00e1micas del planeta. El hecho de que el presidente indonesio,&nbsp;<strong>Prabowo Subianto<\/strong>, se hubiera desplazado a Bruselas para anunciar que se han desbloqueado todos los obst\u00e1culos pol\u00edticos es una se\u00f1al de la importancia que atribuye a este acuerdo. Igualmente, que la presidenta de la Comisi\u00f3n Europea,&nbsp;<strong>Ursula von der Leyen<\/strong>, se reuniera con \u00e9l un domingo evidencia su inter\u00e9s creciente por responder a las presiones de Washington con la extensi\u00f3n de acuerdos comerciales en todos los continentes. \u00abEn un mundo vol\u00e1til, esta es la fuerza de las alianzas\u00bb, ha afirmado Von der Leyen en una comparecencia conjunta con Subianto.<\/p>\n\n\n\n<p>Con este pacto, Indonesia se asegura el acceso libre de aranceles al mercado europeo, algo que hasta ahora encontraba un obst\u00e1culo en los productos a base de aceite de palma, cuyo cultivo entra en conflicto con las pol\u00edticas medioambientales de Bruselas.<\/p>\n\n\n\n<p>Sin embargo, en palabras de la propia Von der Leyen, \u00abahora vivimos tiempos turbulentos y, cuando la incertidumbre econ\u00f3mica se une a la volatilidad geopol\u00edtica, socios como nosotros debemos estrechar lazos, as\u00ed que hoy damos un gran paso adelante en esta alianza\u00bb.<\/p>\n\n\n\n<p>\u00abPara Indonesia, este acuerdo no se trata solo de comercio, sino de equidad, respeto y de la construcci\u00f3n de un futuro s\u00f3lido juntos\u00bb, ha declarado el presidente Subianto. \u00abEl acuerdo debe apoyar nuestros esfuerzos para impulsar el crecimiento de nuestras industrias, crear empleo y fortalecer nuestros objetivos de desarrollo sostenible\u00bb, recalca. Para ello, ha prometido que \u00abestamos listos para finalizarlo pronto, de una manera que beneficie a ambos pueblos\u00bb.<\/p>\n\n\n\n<p>El nuevo marco abrir\u00e1 los respectivos mercados en industrias clave como la automoci\u00f3n, los servicios y la agricultura, seg\u00fan ha asegurado la conservadora alemana, quien ha subrayado que tambi\u00e9n ayudar\u00e1 a \u00abfortalecer las cadenas de suministro de materias primas cr\u00edticas\u00bb.<\/p>\n\n\n\n<p>Fuentes comunitarias precisan que ahora ser\u00e1n los equipos negociadores \u2013liderados por el comisario de Comercio,&nbsp;<strong>Maros Sefcovic<\/strong>, y el ministro indonesio de Coordinaci\u00f3n Econ\u00f3mica,&nbsp;<strong>Airlangga Hartarto<\/strong>\u2013 quienes tengan que \u00abfinalizar\u00bb el acuerdo en detalle, con el objetivo de concluirlo en \u00abseptiembre de 2025\u00bb, recoge Europa Press. Una vez concluido y redactados los textos legales, el acuerdo deber\u00e1 cumplir el proceso de ratificaci\u00f3n para su entrada en vigor que, en el caso de la UE, pasa por el visto bueno de los 27 y del Parlamento Europeo.<\/p>\n\n\n\n<p>La UE tambi\u00e9n relajar\u00e1 el r\u00e9gimen de visados que aplica a los nacionales de Indonesia para que sea \u00abm\u00e1s f\u00e1cil\u00bb para ellos \u00abvisitar, invertir o estudiar\u00bb en suelo comunitario, ha dicho la jefa del Ejecutivo comunitario.<\/p>\n\n\n\n<h3 class=\"wp-block-heading\">Indonesia, un mercado emergente para la UE<\/h3>\n\n\n\n<p>Indonesia, con un mercado potencial de&nbsp;<strong>287 millones de personas<\/strong>&nbsp;y un PIB de&nbsp;<strong>1,2 billones de euros<\/strong>, es apenas el quinto socio comercial de la Uni\u00f3n Europea dentro de la Asociaci\u00f3n de Naciones del Sudeste Asi\u00e1tico (ASEAN, por sus siglas en ingl\u00e9s) y el 33 en el ranking global de socios comerciales del bloque europeo.<\/p>\n\n\n\n<p>El comercio bilateral de mercanc\u00edas entre la UE e Indonesia ascendi\u00f3 a&nbsp;<strong>27.300 millones de euros<\/strong>&nbsp;en 2024, con exportaciones de la UE por valor de 9.700 millones de euros e importaciones de la UE por valor de 17.500 millones de euros. Mientras, el comercio de servicios ascendi\u00f3 a 8.800 millones de euros en 2023, con exportaciones de la UE por 5.700 millones de euros e importaciones por 3.100 millones de euros, seg\u00fan los datos de la Comisi\u00f3n Europea, recogidos por Europa Press.<\/p>\n\n\n\n<p>En 2023, el volumen de inversi\u00f3n extranjera directa de la UE en Indonesia ascendi\u00f3 a 25.100 millones de euros, mientras que de Indonesia en la UE el volumen de inversi\u00f3n fue de 1.100 millones de euros.<\/p>\n\n\n\n<h3 class=\"wp-block-heading\">Negociaciones con EE.UU.<\/h3>\n\n\n\n<p>Durante esta comparecencia, Von der Leyen ha afirmado tambi\u00e9n que ha decidido extender la suspensi\u00f3n de las contramedidas a los aranceles estadounidenses sobre el acero y el aluminio, que expiraba este lunes, para no entorpecer las negociaciones y mientras sigue intentando llegar a un acuerdo con Estados Unidos para evitar un impuesto del 30% sobre todos sus productos.<\/p>\n\n\n\n<p>\u00abEstados Unidos nos ha enviado una carta con medidas que entrar\u00e1n en vigor a menos que se llegue a una soluci\u00f3n negociada, por lo que tambi\u00e9n extenderemos la suspensi\u00f3n de nuestras contramedidas hasta principios de agosto\u00bb, declar\u00f3 Von der Leyen. La suspensi\u00f3n de estas represalias a los aranceles aduaneros estadounidenses sobre el acero y el aluminio expiraba este lunes por la noche.<\/p>\n\n\n\n<h3 class=\"wp-block-heading\">Otros acuerdos comerciales<\/h3>\n\n\n\n<p>Actualmente, la Comisi\u00f3n Europea negocia importantes acuerdos comerciales con multitud de socios comerciales. El m\u00e1s importante de los que est\u00e1 en estos momentos sobre la mesa es un acuerdo de libre comercio con la India. Con Mercosur se lleg\u00f3 a un acuerdo hace dos a\u00f1os, pero la ratificaci\u00f3n est\u00e1 pendiente de que Francia acepte desbloquear el proceso. Tambi\u00e9n faltan algunos pa\u00edses por ratificar el acuerdo con Canad\u00e1, que entr\u00f3 en vigor pero solo de modo provisional. Jap\u00f3n y Vietnam, sin embargo, se benefician de un intercambio sin barreras con el mercado europeo. Con el otro gigante econ\u00f3mico, China, la UE no ha podido concretar un acuerdo comercial pero se ha empezado por firmar un pacto para la protecci\u00f3n de un centenar de indicaciones geogr\u00e1ficas europeas. Existe un acuerdo sobre inversiones, que supuso una mayor apertura del mercado chino para empresas europeas. Est\u00e1 previsto que se celebre una cumbre UE-China antes de fin de a\u00f1o.<\/p>\n\n\n\n<p>Fuente: ABC<\/p>\n","protected":false},"excerpt":{"rendered":"<p>En plena guerra por los aranceles de Trump, Bruselas abre camino en este pa\u00eds de casi 300 millones de habitantes a sectores clave como la automoci\u00f3n, los servicios y la agricultura \u00d3rdago de Trump a la UE: en plenas negociaciones, confirma aranceles del 30% Indonesia y la Uni\u00f3n Europea han llegado este domingo a un [&hellip;]<\/p>\n","protected":false},"author":2,"featured_media":141924,"comment_status":"open","ping_status":"open","sticky":false,"template":"","format":"standard","meta":{"footnotes":""},"categories":[8],"tags":[],"class_list":["post-141923","post","type-post","status-publish","format-standard","has-post-thumbnail","hentry","category-internacionales"],"_links":{"self":[{"href":"http:\/\/elcuartopoder.com.mx\/nw\/wp-json\/wp\/v2\/posts\/141923","targetHints":{"allow":["GET"]}}],"collection":[{"href":"http:\/\/elcuartopoder.com.mx\/nw\/wp-json\/wp\/v2\/posts"}],"about":[{"href":"http:\/\/elcuartopoder.com.mx\/nw\/wp-json\/wp\/v2\/types\/post"}],"author":[{"embeddable":true,"href":"http:\/\/elcuartopoder.com.mx\/nw\/wp-json\/wp\/v2\/users\/2"}],"replies":[{"embeddable":true,"href":"http:\/\/elcuartopoder.com.mx\/nw\/wp-json\/wp\/v2\/comments?post=141923"}],"version-history":[{"count":1,"href":"http:\/\/elcuartopoder.com.mx\/nw\/wp-json\/wp\/v2\/posts\/141923\/revisions"}],"predecessor-version":[{"id":141925,"href":"http:\/\/elcuartopoder.com.mx\/nw\/wp-json\/wp\/v2\/posts\/141923\/revisions\/141925"}],"wp:featuredmedia":[{"embeddable":true,"href":"http:\/\/elcuartopoder.com.mx\/nw\/wp-json\/wp\/v2\/media\/141924"}],"wp:attachment":[{"href":"http:\/\/elcuartopoder.com.mx\/nw\/wp-json\/wp\/v2\/media?parent=141923"}],"wp:term":[{"taxonomy":"category","embeddable":true,"href":"http:\/\/elcuartopoder.com.mx\/nw\/wp-json\/wp\/v2\/categories?post=141923"},{"taxonomy":"post_tag","embeddable":true,"href":"http:\/\/elcuartopoder.com.mx\/nw\/wp-json\/wp\/v2\/tags?post=141923"}],"curies":[{"name":"wp","href":"https:\/\/api.w.org\/{rel}","templated":true}]}}