{"id":141939,"date":"2025-07-14T18:34:15","date_gmt":"2025-07-14T23:34:15","guid":{"rendered":"https:\/\/elcuartopoder.com.mx\/nw\/?p=141939"},"modified":"2025-07-14T18:34:17","modified_gmt":"2025-07-14T23:34:17","slug":"quien-es-quien-en-el-tfja","status":"publish","type":"post","link":"http:\/\/elcuartopoder.com.mx\/nw\/politica\/quien-es-quien-en-el-tfja\/","title":{"rendered":"Qui\u00e9n es qui\u00e9n en el TFJA"},"content":{"rendered":"\n<h1 class=\"wp-block-heading\">Gente de Calder\u00f3n, Beltrones y Pe\u00f1a operan tribunal que decide m\u00e1s dinero que la SCJN<\/h1>\n\n\n\n<figure class=\"wp-block-embed is-type-video is-provider-youtube wp-block-embed-youtube wp-embed-aspect-16-9 wp-has-aspect-ratio\"><div class=\"wp-block-embed__wrapper\">\n<iframe loading=\"lazy\" title=\"Gente de Calder\u00f3n, Beltrones y Pe\u00f1a operan tribunal que decide m\u00e1s dinero que la SCJN\" width=\"696\" height=\"392\" src=\"https:\/\/www.youtube.com\/embed\/eykAyYV1dBI?feature=oembed\" frameborder=\"0\" allow=\"accelerometer; autoplay; clipboard-write; encrypted-media; gyroscope; picture-in-picture; web-share\" referrerpolicy=\"strict-origin-when-cross-origin\" allowfullscreen><\/iframe>\n<\/div><\/figure>\n\n\n\n<h2 class=\"wp-block-heading\"><strong>La biograf\u00eda de cada uno de los once magistrados del Tribunal Federal de Justicia Administrativa exhibe sus v\u00ednculos pol\u00edticos, econ\u00f3micos y partidarios, nombrados todos con una l\u00f3gica transexenal para durar 15 a\u00f1os en el cargo. Se trata de gente ligada a los expresidentes Felipe Calder\u00f3n, Enrique Pe\u00f1a Nieto y pol\u00edticos de los partidos que los llevaron al poder.<\/strong><\/h2>\n\n\n\n<p>Ciudad de M\u00e9xico, 7 de julio (SinEmbargo).\u2013 El\u00a0<strong>Tribunal Federal de Justicia Administrativa\u00a0(TFJA)<\/strong>, el opaco organismo que evadi\u00f3 la reforma judicial porque pertenece al\u00a0<strong>Poder Ejecutivo<\/strong>\u00a0y que resuelve multimillonarios juicios fiscales, sigue bajo el control de los grupos pol\u00edticos de\u00a0<strong>Felipe Calder\u00f3n, Enrique Pe\u00f1a Nieto, Diego Fern\u00e1ndez de Cevallos, Manlio Fabio Beltrones y Emilio Gamboa Patr\u00f3n<\/strong>.<\/p>\n\n\n\n<p>De los once magistrados actuales de la\u00a0<strong>Sala Superior del TFJA<\/strong>, que deber\u00eda tener 16, cinco fueron nombrados por\u00a0<strong>Calder\u00f3n,<\/strong>\u00a0tres por\u00a0<strong>Pe\u00f1a Nieto<\/strong>\u00a0\u2014una mayor\u00eda de ocho pol\u00edticos que inclusive han militado en los partidos Acci\u00f3n Nacional (PAN) y Revolucionario Institucional (PRI)\u2014 y otros tres por<strong>\u00a0Andr\u00e9s Manuel L\u00f3pez Obrador<\/strong>, que dej\u00f3 pendientes de nombrar a otros cinco.<\/p>\n\n\n\n<p>La biograf\u00eda de cada uno de los once magistrados exhibe sus v\u00ednculos pol\u00edticos, econ\u00f3micos y partidarios, nombrados todos con una l\u00f3gica transexenal para durar 15 a\u00f1os en el cargo: Por ejemplo, los que nombr\u00f3 Calder\u00f3n y ratific\u00f3 el Senado, cuando el coordinador del PRI era Beltrones, ya pasaron por Pe\u00f1a Nieto, L\u00f3pez Obrador y durar\u00e1n los primeros tres a\u00f1os de Claudia Sheinbaum.<\/p>\n\n\n\n<figure class=\"wp-block-embed is-type-video is-provider-youtube wp-block-embed-youtube wp-embed-aspect-16-9 wp-has-aspect-ratio\"><div class=\"wp-block-embed__wrapper\">\n<iframe loading=\"lazy\" title=\"Una denuncia exhibe a Magistrada calderonista y a un tribunal que la reforma olvid\u00f3\" width=\"696\" height=\"392\" src=\"https:\/\/www.youtube.com\/embed\/pZYaem0_Xeg?feature=oembed\" frameborder=\"0\" allow=\"accelerometer; autoplay; clipboard-write; encrypted-media; gyroscope; picture-in-picture; web-share\" referrerpolicy=\"strict-origin-when-cross-origin\" allowfullscreen><\/iframe>\n<\/div><\/figure>\n\n\n\n<p>Los cinco que Calder\u00f3n impuls\u00f3, con el apoyo de Beltrones son los siguientes:<\/p>\n\n\n\n<p>El 8 de diciembre de 2011, el Senado aprob\u00f3 cuatro de los cinco magistrados propuestos por Calder\u00f3n, que iniciaron su encargo en 2012 y lo concluir\u00e1n en 2027:<\/p>\n\n\n\n<p>1.-&nbsp;<strong>Magda Zulema Mosri Guti\u00e9rrez:<\/strong>&nbsp;Fue funcionaria del Gobierno de Beltrones en Sonora, entre 1994 a 1997. Luego fue jefa de la oficina de Informaci\u00f3n p\u00fablica del Senado, cuando \u00e9ste era coordinador del PRI y, en 2009, fue Diputada local de ese estado s\u00f3lo un a\u00f1o, porque fue nombrada Magistrada de la Segunda Sala Regional Noroeste del TFJA, con sede en Tijuana, Baja California, para ascender a la Sala Superior con el impulso de Calder\u00f3n.<\/p>\n\n\n\n<figure class=\"wp-block-image\" id=\"attachment_4672821\"><a href=\"https:\/\/www.sinembargo.mx\/wp-content\/uploads\/2025\/07\/magda-zulema-mosri-gutierrez.jpg?x25754\"><img decoding=\"async\" src=\"https:\/\/www.sinembargo.mx\/wp-content\/uploads\/2025\/07\/magda-zulema-mosri-gutierrez.jpg?x25754\" alt=\"\" class=\"wp-image-4672821\"\/><\/a><figcaption class=\"wp-element-caption\">La Magistrada Magda Zulema Mosri. Foto: Cuartoscuro.<\/figcaption><\/figure>\n\n\n\n<p>2.-&nbsp;<strong>V\u00edctor Ordu\u00f1a Mu\u00f1oz<\/strong>: Militante del PAN desde 1976, fue asesor pol\u00edtico de Diego Fern\u00e1ndez de Cevallos cuando fue Senador de 2000 a 2006, y luego lo fue de Santiago Creel, en 2006, de Gustavo Madero, en 2008, y posteriormente de Jos\u00e9 Gonz\u00e1lez Morf\u00edn, en 2011.<\/p>\n\n\n\n<figure class=\"wp-block-image\" id=\"attachment_4672823\"><a href=\"https:\/\/www.sinembargo.mx\/wp-content\/uploads\/2025\/07\/victor-martin-orduna-munoz.jpg?x25754\"><img decoding=\"async\" src=\"https:\/\/www.sinembargo.mx\/wp-content\/uploads\/2025\/07\/victor-martin-orduna-munoz.jpg?x25754\" alt=\"\" class=\"wp-image-4672823\"\/><\/a><figcaption class=\"wp-element-caption\">V\u00edctor Ordu\u00f1a Mu\u00f1oz tiene una trayectoria en el PAN de larga data. Foto: TFJA.<\/figcaption><\/figure>\n\n\n\n<p>3.-&nbsp;<strong>Rafael Estrada S\u00e1mano<\/strong>: Panista desde los sesenta, fue Subsecretario del Trabajo con Vicente Fox y en el gobierno de Calder\u00f3n, su amigo desde la juventud en Michoac\u00e1n, lo hizo titular del \u00d3rgano Interno de Control de la Polic\u00eda Federal de Genaro Garc\u00eda Luna, hasta que Calder\u00f3n lo propuso como Magistrado de la S\u00e9ptima Sala Regional Metropolitana y luego Magistrado de la Sala Superior.<\/p>\n\n\n\n<figure class=\"wp-block-image\" id=\"attachment_4672825\"><a href=\"https:\/\/www.sinembargo.mx\/wp-content\/uploads\/2025\/07\/rafael-estrada-samano.jpg?x25754\"><img decoding=\"async\" src=\"https:\/\/www.sinembargo.mx\/wp-content\/uploads\/2025\/07\/rafael-estrada-samano.jpg?x25754\" alt=\"\" class=\"wp-image-4672825\"\/><\/a><figcaption class=\"wp-element-caption\">Rafael Estrada Samana fue titular del \u00d3rgano Interno de Control de la Polic\u00eda Federal de Genaro Garc\u00eda Luna. Foto: TFJA.<\/figcaption><\/figure>\n\n\n\n<p>4.-&nbsp;<strong>Rafael Anzures Uribe<\/strong>. Fue procurador de Servicios de la Profeco con Calder\u00f3n, quien lo impuls\u00f3, en 2009, como Magistrado regional y luego de la Sala Superior.<\/p>\n\n\n\n<figure class=\"wp-block-image\" id=\"attachment_4672829\"><a href=\"https:\/\/www.sinembargo.mx\/wp-content\/uploads\/2025\/07\/rafael-anzures-uribe.jpg?x25754\"><img decoding=\"async\" src=\"https:\/\/www.sinembargo.mx\/wp-content\/uploads\/2025\/07\/rafael-anzures-uribe.jpg?x25754\" alt=\"\" class=\"wp-image-4672829\"\/><\/a><figcaption class=\"wp-element-caption\">El Magistrado Rafael Anzures Uribe fue funcionario con Calder\u00f3n. Foto: TFJA.<\/figcaption><\/figure>\n\n\n\n<p>5.-&nbsp;<strong>Carlos Mena Adame:<\/strong>&nbsp;Fue el \u00faltimo Magistrado de la Sala Regional propuesto por Calder\u00f3n, en 2012, quien lo propuso en 2009 como Magistrado regional. Tiene amplia carrera en la Suprema Corte de Justicia de la Naci\u00f3n (SCJN) como asesor de Ulises Schmill Ord\u00f3\u00f1ez, el presidente de ese \u00f3rgano cuando la reforma de Ernesto Zedillo, en 1994. Es yerno de Guillermo Ortiz Mayagoitia, expresidente de la SCJN, y secretario de estudio de la Ministra en retiro Olga S\u00e1nchez Cordero.<\/p>\n\n\n\n<figure class=\"wp-block-image\" id=\"attachment_4672830\"><a href=\"https:\/\/www.sinembargo.mx\/wp-content\/uploads\/2025\/07\/carlos-mena-adame.jpg?x25754\"><img decoding=\"async\" src=\"https:\/\/www.sinembargo.mx\/wp-content\/uploads\/2025\/07\/carlos-mena-adame.jpg?x25754\" alt=\"\" class=\"wp-image-4672830\"\/><\/a><figcaption class=\"wp-element-caption\">Carlos Mena Adame es yerno de Guillermo Ortiz Mayagoitia, expresidente de la SCJN. Foto: TFJA.<\/figcaption><\/figure>\n\n\n\n<p>Los propuestos por Pe\u00f1a Nieto:<\/p>\n\n\n\n<p>6.-&nbsp;<strong>Carlos Chaurand Arzate<\/strong>: Militante del PRI desde los setenta, presid\u00eda el Congreso de Guanajuato cuando Carlos Salinas de Gortari pact\u00f3 con el PAN entregarle la gubernatura a Carlos Medina Plascencia, la \u201cconcertacesi\u00f3n\u201d de 1991, posicionales que ese partido tiene hasta la actualidad. Luego fue Diputado federal en 1997 y Senador entre 2000 y 2006. Fue secretario t\u00e9cnico del Consejo Pol\u00edtico del CEN del PRI con Mariano Palacios Alcocer. Calder\u00f3n lo impuls\u00f3, en acuerdo con Beltrones, como Magistrado regional, en 2009, y luego Pe\u00f1a lo nombr\u00f3 en 2015 para la Sala Superior.<\/p>\n\n\n\n<figure class=\"wp-block-image\" id=\"attachment_4672832\"><a href=\"https:\/\/www.sinembargo.mx\/wp-content\/uploads\/2025\/07\/carlos-chaurand-arzate.jpg?x25754\"><img decoding=\"async\" src=\"https:\/\/www.sinembargo.mx\/wp-content\/uploads\/2025\/07\/carlos-chaurand-arzate.jpg?x25754\" alt=\"\" class=\"wp-image-4672832\"\/><\/a><figcaption class=\"wp-element-caption\">Carlos Chaurand Arzate durante la realizaci\u00f3n de la IV Sesi\u00f3n Ordinaria del Sistema Nacional Anticorrupci\u00f3n. Foto: Mario Jasso, Cuartoscuro.<\/figcaption><\/figure>\n\n\n\n<p>7.-&nbsp;<strong>Juli\u00e1n Alfonso Olivas Ugalde<\/strong>. Fue el primer Secretario de la Funci\u00f3n P\u00fablica de Pe\u00f1a Nieto, quien lo propuso como Magistrado de la Sala Superior, en abril de 2016, despu\u00e9s de hacer una larga carrera burocr\u00e1tica en los gobiernos del PRI y del PAN.<\/p>\n\n\n\n<figure class=\"wp-block-image\" id=\"attachment_4672834\"><a href=\"https:\/\/www.sinembargo.mx\/wp-content\/uploads\/2025\/07\/julian-alfonso-olivas-ugalde.jpg?x25754\"><img decoding=\"async\" src=\"https:\/\/www.sinembargo.mx\/wp-content\/uploads\/2025\/07\/julian-alfonso-olivas-ugalde.jpg?x25754\" alt=\"\" class=\"wp-image-4672834\"\/><\/a><figcaption class=\"wp-element-caption\">Juli\u00e1n Alfonso Olivas Ugalde, fue encargado del despacho de la Secretar\u00eda de la Funci\u00f3n P\u00fablica con Pe\u00f1a Nieto. Foto: Isaac Esquivel, Cuartoscuro.<\/figcaption><\/figure>\n\n\n\n<p>8.-&nbsp;<strong>Guillermo Valls Esponda.<\/strong>&nbsp;Pe\u00f1a Nieto lo propuso como Magistrado de la Sala Superior del TFJA, en mayo de 2016. Es hijo de del fallecido Sergio Valls Hern\u00e1ndez, ministro de la SCJN, a cuyo festejo por sus 70 a\u00f1os, en Chiapas, asistieron Salinas de Gortari, as\u00ed como los exgobernadores priistas Javier Duarte y Roberto Borge. Su hermana Maricarmen Valls Esponda fue Diputada suplente de Roberto Gil Zuarth, secretario particular de Calder\u00f3n. El esposo de ella es Carlos Alberto Lezama, socio de Gil en el Accuracy Legal and Consulting, S.C., el despacho que ha defendido entre otros al exgobernador Francisco Javier Cabeza de Vaca, todos estos \u00faltimos miembros del PAN. Sergio Valls Esponda ha sido Magistrado en el Estado de M\u00e9xico, con Pe\u00f1a Nieto, y Jaime Valls Esponda, otro hermano, fue presidente municipal de Tuxtla Guti\u00e9rrez, y rector de la universidad estatal.<\/p>\n\n\n\n<p>El actual presidente de la Sala Superior del TFJA fue administrador general de Servicios al Contribuyente del SAT de Pe\u00f1a Nieto, entre 2013 y 2016 y antes, con Calder\u00f3n, fue coordinador de Asuntos Internacionales de la extinta PGR, entre 2011 y 2011, y con Fox fue agregado legal para Europa desde 2005.<\/p>\n\n\n\n<figure class=\"wp-block-image\" id=\"attachment_4672839\"><a href=\"https:\/\/www.sinembargo.mx\/wp-content\/uploads\/2025\/07\/guillermo-valls-2.jpg?x25754\"><img decoding=\"async\" src=\"https:\/\/www.sinembargo.mx\/wp-content\/uploads\/2025\/07\/guillermo-valls-2.jpg?x25754\" alt=\"\" class=\"wp-image-4672839\"\/><\/a><figcaption class=\"wp-element-caption\">Guillermo Valls Esponda es presidente del Tribunal Federal de Justicia Administrativa. Foto: Mario Jasso, Cuartoscuro.<\/figcaption><\/figure>\n\n\n\n<p>Los magistrados propuestos por L\u00f3pez Obrador:<\/p>\n\n\n\n<p>En abril de 2021, se aprob\u00f3 nombramiento de<\/p>\n\n\n\n<p>9.-<strong>&nbsp;Natalia T\u00e9llez Torres.<\/strong>&nbsp;Fue la primera magistrada de la Sala Superior que propuso y defendi\u00f3 L\u00f3pez Obrador, en mayo de 2021. Fue subprocuradora fiscal de Amparos de la Procuradur\u00eda Fiscal, desde donde colabor\u00f3 con la titular del Servicio de Administraci\u00f3n Tributaria (SAT), Raquel Buenrostro, para el cobro de las deudas de grandes contribuyentes y se le identifica como integrantes del equipo de la actual secretaria Anticorrupci\u00f3n y de Bueno Gobierno. Fue candidata a Ministra de la SCJN.<\/p>\n\n\n\n<figure class=\"wp-block-image\" id=\"attachment_4672864\"><a href=\"https:\/\/www.sinembargo.mx\/wp-content\/uploads\/2025\/07\/natalia-tellez-torres-orozco.jpg?x25754\"><img decoding=\"async\" src=\"https:\/\/www.sinembargo.mx\/wp-content\/uploads\/2025\/07\/natalia-tellez-torres-orozco.jpg?x25754\" alt=\"\" class=\"wp-image-4672864\"\/><\/a><figcaption class=\"wp-element-caption\">Natala T\u00e9llez fue candidata a ministra de la SCJN. Foto: TFJA.<\/figcaption><\/figure>\n\n\n\n<p>10.-&nbsp;<strong>Luz Mar\u00eda Anaya Dom\u00ednguez.<\/strong>&nbsp;En julio de 2021, L\u00f3pez Obrador la propuso como magistrada de la Sala Superior, impulsada por el entonces Consejero Jur\u00eddico de la Presidencia Julio Scherer Ibarra, en acuerdo con Rafael Anzures Uribe, pero antes, en 2012, Calder\u00f3n la propuso para Magistrada regional, despu\u00e9s de haber trabajado en la Procuradur\u00eda Fiscal de la Federaci\u00f3n.&nbsp; &nbsp;<\/p>\n\n\n\n<figure class=\"wp-block-image\" id=\"attachment_4672865\"><a href=\"https:\/\/www.sinembargo.mx\/wp-content\/uploads\/2025\/07\/luz-maria-anaya-dominguez.jpg?x25754\"><img decoding=\"async\" src=\"https:\/\/www.sinembargo.mx\/wp-content\/uploads\/2025\/07\/luz-maria-anaya-dominguez.jpg?x25754\" alt=\"\" class=\"wp-image-4672865\"\/><\/a><figcaption class=\"wp-element-caption\">A Luz Mar\u00eda Anaya Calder\u00f3n la propuso para Magistrada regional, despu\u00e9s de haber trabajado en la Procuradur\u00eda Fiscal de la Federaci\u00f3n.&nbsp;Foto: TFJA.<\/figcaption><\/figure>\n\n\n\n<p>11.-&nbsp;<strong>Julio \u00c1ngel Sabines Chesterking.<\/strong>&nbsp;Fue Diputado federal suplente del PRI, de 2006 a 2009, cuyo propietario era Ricardo Aldana Prieto, tesorero del sindicato petrolero, lapso en el que fue coordinador de asesores del presidente nacional de ese partido. Trabaj\u00f3 en la Agencia de Investigaci\u00f3n Criminal de la PGR de Murillo Karam. En junio de 2021, L\u00f3pez Obrador lo propuso como Magistrado de la Sala Superior con el apoyo de Zo\u00e9 Robledo, director del IMSS, y de Scherer Ibarra. Mantiene una estrecha relaci\u00f3n con el Diputado Ricardo Monreal y en el TFJA hace equipo con Mosri Guti\u00e9rrez y Valls Esponda, su paisano de Chiapas, cuyo exgobernador priista Juan Sabines Guti\u00e9rrez es su pariente.<\/p>\n\n\n\n<figure class=\"wp-block-image\" id=\"attachment_4672866\"><a href=\"https:\/\/www.sinembargo.mx\/wp-content\/uploads\/2025\/07\/julio-sabines-chesterking.jpg?x25754\"><img decoding=\"async\" src=\"https:\/\/www.sinembargo.mx\/wp-content\/uploads\/2025\/07\/julio-sabines-chesterking.jpg?x25754\" alt=\"\" class=\"wp-image-4672866\"\/><\/a><figcaption class=\"wp-element-caption\">Julio Sabines fue Diputado federal suplente del PRI, de 2006 a 2009, cuyo propietario era Ricardo Aldana Prieto, tesorero del sindicato petrolero. Foto: TFJA.<\/figcaption><\/figure>\n\n\n\n<p>Fuente: TFJA<\/p>\n","protected":false},"excerpt":{"rendered":"<p>Gente de Calder\u00f3n, Beltrones y Pe\u00f1a operan tribunal que decide m\u00e1s dinero que la SCJN La biograf\u00eda de cada uno de los once magistrados del Tribunal Federal de Justicia Administrativa exhibe sus v\u00ednculos pol\u00edticos, econ\u00f3micos y partidarios, nombrados todos con una l\u00f3gica transexenal para durar 15 a\u00f1os en el cargo. Se trata de gente ligada [&hellip;]<\/p>\n","protected":false},"author":2,"featured_media":141940,"comment_status":"open","ping_status":"open","sticky":false,"template":"","format":"standard","meta":{"footnotes":""},"categories":[61],"tags":[],"class_list":["post-141939","post","type-post","status-publish","format-standard","has-post-thumbnail","hentry","category-politica"],"_links":{"self":[{"href":"http:\/\/elcuartopoder.com.mx\/nw\/wp-json\/wp\/v2\/posts\/141939","targetHints":{"allow":["GET"]}}],"collection":[{"href":"http:\/\/elcuartopoder.com.mx\/nw\/wp-json\/wp\/v2\/posts"}],"about":[{"href":"http:\/\/elcuartopoder.com.mx\/nw\/wp-json\/wp\/v2\/types\/post"}],"author":[{"embeddable":true,"href":"http:\/\/elcuartopoder.com.mx\/nw\/wp-json\/wp\/v2\/users\/2"}],"replies":[{"embeddable":true,"href":"http:\/\/elcuartopoder.com.mx\/nw\/wp-json\/wp\/v2\/comments?post=141939"}],"version-history":[{"count":1,"href":"http:\/\/elcuartopoder.com.mx\/nw\/wp-json\/wp\/v2\/posts\/141939\/revisions"}],"predecessor-version":[{"id":141941,"href":"http:\/\/elcuartopoder.com.mx\/nw\/wp-json\/wp\/v2\/posts\/141939\/revisions\/141941"}],"wp:featuredmedia":[{"embeddable":true,"href":"http:\/\/elcuartopoder.com.mx\/nw\/wp-json\/wp\/v2\/media\/141940"}],"wp:attachment":[{"href":"http:\/\/elcuartopoder.com.mx\/nw\/wp-json\/wp\/v2\/media?parent=141939"}],"wp:term":[{"taxonomy":"category","embeddable":true,"href":"http:\/\/elcuartopoder.com.mx\/nw\/wp-json\/wp\/v2\/categories?post=141939"},{"taxonomy":"post_tag","embeddable":true,"href":"http:\/\/elcuartopoder.com.mx\/nw\/wp-json\/wp\/v2\/tags?post=141939"}],"curies":[{"name":"wp","href":"https:\/\/api.w.org\/{rel}","templated":true}]}}