{"id":141948,"date":"2025-07-14T18:57:48","date_gmt":"2025-07-14T23:57:48","guid":{"rendered":"https:\/\/elcuartopoder.com.mx\/nw\/?p=141948"},"modified":"2025-07-14T18:57:50","modified_gmt":"2025-07-14T23:57:50","slug":"el-chocolate-bienestar-nos-ensena-el-camino","status":"publish","type":"post","link":"http:\/\/elcuartopoder.com.mx\/nw\/editorial\/el-chocolate-bienestar-nos-ensena-el-camino\/","title":{"rendered":"El Chocolate Bienestar nos ense\u00f1a el camino"},"content":{"rendered":"\n<p><strong>El Doctor Pat\u00e1n<\/strong>&nbsp;vio c\u00f3mo la Compa\u00f1era&nbsp;<strong>Presidenta&nbsp;<\/strong>reivindicaba el&nbsp;<strong>Chocolate Bienestar<\/strong>, que al parecer est\u00e1n llenos de vitamina B2 y son agroecol\u00f3gicos, y sonri\u00f3 de felicidad, pleno, por dos razones.<\/p>\n\n\n\n<p>La primera: me quitaron el peso de la duda, una toxina burguesa que nos rompe el alma a los militantes de izquierda. Los chocolates del pueblo bueno, sabr\u00e1n ustedes, traen sellos de esos que el&nbsp;<strong>Doctor Gatell<\/strong>&nbsp;decidi\u00f3 ponerle a toda la comida salvo las j\u00edcamas y el quelite.<\/p>\n\n\n\n<p>Fiel seguidor de los preceptos de la 4T, incluso de aquellos que pone el referido&nbsp;<strong>Doctor Muerte<\/strong>, que como ya he dicho es el \u00fanico de los compa\u00f1eros del movimiento por el que no tengo el menor respeto, estaba en una encrucijada. Me explico. A su Doctor le parece que el chocolate es un magn\u00edfico acompa\u00f1amiento para el whisky, al que gracias a Dios \u2013\u00a1no lo hagan!\u2013 no le han puesto etiquetas.<\/p>\n\n\n\n<p>Pero hab\u00eda dejado de entregarme a ese maridaje, limit\u00e1ndome a acompa\u00f1ar el single malt con puros dominicanos, por un principio de fe militante. As\u00ed que los&nbsp;<strong>Bienestar<\/strong>, cuando los anunciaron, me abrieron el camino: \u201c<strong>Producidos por la Cuarta<\/strong>, y bendecidos por las manos de productores de los pueblos originarios, tienen que ser san\u00edsimos\u201d, me dije con esperanzas. Luego vi los sellos, y se me vino el mundo encima. Hasta que nuestra presidenta sali\u00f3 a la palestra y lanz\u00f3 un sonoro \u201cDense\u201d \u2013con otras palabras.<\/p>\n\n\n\n<p>Sobre todo, el \u201cdense\u201d presidencial me ha llevado a entender lo de los sellos de un modo totalmente distinto, menos estresante y por lo tanto sanador. En casa, lo de seguir el etiquetado ha sido dif\u00edcil. Muy cuesta arriba. A aqu\u00ed su doctor, por ejemplo, le parece que el tequila blanco de antes de comer se lleva muy bien con unos&nbsp;<strong>Doritos Nachos,<\/strong>&nbsp;cosa que ten\u00eda dolorosamente vetada por las consideraciones antes referidas.<\/p>\n\n\n\n<p>Pero mi caso no era el m\u00e1s dif\u00edcil. A la se\u00f1ora le gusta prepararse una versi\u00f3n casera de los dorilocos, que consiste en abrir la bolsa horizontalmente con unas tijeras y vaciarle, por ese orden, cueritos, chicharr\u00f3n prensado, jalape\u00f1os,&nbsp;<strong>Valentina y j\u00edcama&nbsp;<\/strong>(es inmune a la gastritis, por sus or\u00edgenes tlaxcaltecas). De igual modo, nos hab\u00edan quedado prohibidos el cucharazo de leche condensada, las cubas con Coca cl\u00e1sica y los nachos con queso amarillo ultra procesado.&nbsp;&nbsp;&nbsp;&nbsp;&nbsp;&nbsp;&nbsp;&nbsp;&nbsp;&nbsp;&nbsp;&nbsp;&nbsp;&nbsp;<\/p>\n\n\n\n<p>Bueno, ya no. Ahora entiendo que los etiquetados son como el sem\u00e1foro epidemiol\u00f3gico que se invent\u00f3 Muerte en la pandemia. Ya saben: aquel gigantesco \u201cLo dejamos a su criterio\u201d que consist\u00eda en decir, en la conferencia de prensa diaria, algo como \u201cHoy es verde con notas amarillas y medio anaranjad\u00f3n, as\u00ed que tranquis y v\u00e1yanse por unas tlayudas\u201d.<\/p>\n\n\n\n<p>Esta misma tarde me lanzo por un bote de condensada, todo lo necesario para los dorilocos y un arsenal de Bienestares. \u00bfAlguien sabe en qu\u00e9 parte de la zona de Polanco los puedo encontrar?<\/p>\n\n\n\n<p>POR JULIO PAT\u00c1N<\/p>\n\n\n\n<p>Fuente: El Heraldo de M\u00e9xico<\/p>\n","protected":false},"excerpt":{"rendered":"<p>El Doctor Pat\u00e1n&nbsp;vio c\u00f3mo la Compa\u00f1era&nbsp;Presidenta&nbsp;reivindicaba el&nbsp;Chocolate Bienestar, que al parecer est\u00e1n llenos de vitamina B2 y son agroecol\u00f3gicos, y sonri\u00f3 de felicidad, pleno, por dos razones. La primera: me quitaron el peso de la duda, una toxina burguesa que nos rompe el alma a los militantes de izquierda. Los chocolates del pueblo bueno, sabr\u00e1n [&hellip;]<\/p>\n","protected":false},"author":2,"featured_media":141949,"comment_status":"open","ping_status":"open","sticky":false,"template":"","format":"standard","meta":{"footnotes":""},"categories":[63],"tags":[],"class_list":["post-141948","post","type-post","status-publish","format-standard","has-post-thumbnail","hentry","category-editorial"],"_links":{"self":[{"href":"http:\/\/elcuartopoder.com.mx\/nw\/wp-json\/wp\/v2\/posts\/141948","targetHints":{"allow":["GET"]}}],"collection":[{"href":"http:\/\/elcuartopoder.com.mx\/nw\/wp-json\/wp\/v2\/posts"}],"about":[{"href":"http:\/\/elcuartopoder.com.mx\/nw\/wp-json\/wp\/v2\/types\/post"}],"author":[{"embeddable":true,"href":"http:\/\/elcuartopoder.com.mx\/nw\/wp-json\/wp\/v2\/users\/2"}],"replies":[{"embeddable":true,"href":"http:\/\/elcuartopoder.com.mx\/nw\/wp-json\/wp\/v2\/comments?post=141948"}],"version-history":[{"count":1,"href":"http:\/\/elcuartopoder.com.mx\/nw\/wp-json\/wp\/v2\/posts\/141948\/revisions"}],"predecessor-version":[{"id":141950,"href":"http:\/\/elcuartopoder.com.mx\/nw\/wp-json\/wp\/v2\/posts\/141948\/revisions\/141950"}],"wp:featuredmedia":[{"embeddable":true,"href":"http:\/\/elcuartopoder.com.mx\/nw\/wp-json\/wp\/v2\/media\/141949"}],"wp:attachment":[{"href":"http:\/\/elcuartopoder.com.mx\/nw\/wp-json\/wp\/v2\/media?parent=141948"}],"wp:term":[{"taxonomy":"category","embeddable":true,"href":"http:\/\/elcuartopoder.com.mx\/nw\/wp-json\/wp\/v2\/categories?post=141948"},{"taxonomy":"post_tag","embeddable":true,"href":"http:\/\/elcuartopoder.com.mx\/nw\/wp-json\/wp\/v2\/tags?post=141948"}],"curies":[{"name":"wp","href":"https:\/\/api.w.org\/{rel}","templated":true}]}}