{"id":142051,"date":"2025-07-16T11:14:14","date_gmt":"2025-07-16T16:14:14","guid":{"rendered":"https:\/\/elcuartopoder.com.mx\/nw\/?p=142051"},"modified":"2025-07-16T11:14:16","modified_gmt":"2025-07-16T16:14:16","slug":"gonzalez-inarritu-sera-el-primer-cineasta-en-el-colegio-nacional","status":"publish","type":"post","link":"http:\/\/elcuartopoder.com.mx\/nw\/entretenimiento\/espectaculos\/gonzalez-inarritu-sera-el-primer-cineasta-en-el-colegio-nacional\/","title":{"rendered":"Gonz\u00e1lez I\u00f1\u00e1rritu ser\u00e1 el primer cineasta en El Colegio Nacional"},"content":{"rendered":"\n<p>El cineasta mexicano y ganador de cuatro premios Oscar se unir\u00e1 a las filas de la llamada M\u00e1xima C\u00e1tedra de M\u00e9xico en 2026. \u201cEs una voz que nos hace mucha falta\u201d, declara Cristina Rivera Garza.<\/p>\n\n\n\n<p>El director de\u00a0cine mexicano\u00a0ganador de cuatro premios Oscar, Alejandro Gonz\u00e1lez I\u00f1\u00e1rritu (Ciudad de M\u00e9xico, 1963), se convertir\u00e1 en el primer cineasta en ingresar a las filas de El Colegio Nacional, considerado como la M\u00e1xima C\u00e1tedra de M\u00e9xico y dedicado a la difusi\u00f3n y fomento de la cultura y la ciencia en voz de las mentes protagonistas de ambas disciplinas en nuestro pa\u00eds.<\/p>\n\n\n\n<p>As\u00ed lo difundi\u00f3 dicha instituci\u00f3n la ma\u00f1ana de este martes, junto con las primeras palabras del cineasta: \u201crecibo esta distinci\u00f3n con asombro, gratitud y responsabilidad. Agradezco a los miembros de El Colegio Nacional por abrirme las puertas de esta casa del pensamiento. Me conmueve especialmente que, por primera vez, el cine, como forma de reflexi\u00f3n, memoria y lenguaje, tenga (cabida) entre las voces tan l\u00facidas y necesarias para el pa\u00eds\u00bb.<\/p>\n\n\n\n<p>I\u00f1\u00e1rritu se unir\u00e1 al \u00e1rea de Artes y letras junto a los escritores Juan Villoro y Vicente Quirarte, el cr\u00edtico literario Christopher Dom\u00ednguez Michael, el arquitecto Felipe Leal, la compositora Gabriela Ortiz y la tambi\u00e9n autora Cristina Rivera Garza, esta \u00faltima ganadora del Pulitzer 2024 por la traducci\u00f3n al ingl\u00e9s de su novela \u201cEl invencible verano de Liliana\u201d.<\/p>\n\n\n\n<h2 class=\"wp-block-heading\">Se une una voz esencial<\/h2>\n\n\n\n<p>En palabras de Rivera Garza, el ingreso del realizador de cintas emblem\u00e1ticas de la cinematograf\u00eda mexicano e internacional, como \u201cAmores perros\u201d (2000), \u201cBabel\u201d (2006), \u201cBirdman o (la inesperada virtud de la ignorancia)\u201d (2014), \u201cEl renacido\u201d (2015) y Bardo (o falsa cr\u00f3nica de unas cuantas verdades) (2022), entre otras, resulta \u201cesencialmente significativa\u201d dada su experiencia profesional binacional, compartida entre dos tierras, M\u00e9xico y Estados Unidos.<\/p>\n\n\n\n<p>\u201cEl alcance e impacto de la obra creativa de Gonz\u00e1lez I\u00f1\u00e1rritu profundiza nuestro di\u00e1logo y nuestra conexi\u00f3n con la sociedad, y abre nuevas vetas para conversaciones cada vez m\u00e1s profundas en torno al arte, la sociedad y la pol\u00edtica (\u2026) En los momentos graves que vivimos en la actualidad, es una voz que nos hace mucha falta\u201d, declar\u00f3 Rivera Garza de acuerdo con informaci\u00f3n difundida por el Colegio.<\/p>\n\n\n\n<p>El ingreso de Gonz\u00e1lez I\u00f1arritu, de acuerdo con lo comunicado por el departamento de Comunicaci\u00f3n del Colnal, se concretar\u00e1 oficialmente en el primer trimestre de 2026.<\/p>\n\n\n\n<h2 class=\"wp-block-heading\">Pl\u00e9yade de mentes brillantes<\/h2>\n\n\n\n<p>Desde su gestaci\u00f3n en 1943, El Colegio Nacional ha sido casa para las mentes m\u00e1s destacadas de las disciplinas art\u00edsticas y cient\u00edficas en el pa\u00eds, divididas en cuatro principales \u00e1reas: Artes y letras; Ciencias biol\u00f3gicas y de la salud; Ciencias exactas; Ciencias sociales y humanidades.<\/p>\n\n\n\n<p>La instituci\u00f3n fue fundada por personajes como Alfonso Reyes, Diego Rivera, Jos\u00e9 Vasconcelos, Jos\u00e9 Clemente Orozco y Mariano Azuela, entre otros.<\/p>\n\n\n\n<p>A lo largo de m\u00e1s de ocho d\u00e9cadas, por las filas de El Colegio Nacional han militado 113 integrantes \u2013I\u00f1\u00e1rritu ser\u00e1 el n\u00famero 114\u2013, entre los cuales, adem\u00e1s de los fundadores listados arriba, se encuentran la arque\u00f3loga Beatriz de la Fuente y su colega Alfonso Caso, el m\u00fasico Carlos Ch\u00e1vez, el historiador Silvio Zavala, el pintor Gerardo Murillo Dr. Atl, el astr\u00f3nomo Guillermo Haro, el Nobel de Literatura Octavio Paz, el historiador Miguel Le\u00f3n Portilla, el fil\u00f3logo Rub\u00e9n Bonifaz Nu\u00f1o y el escritor Salvador Elizondo.<\/p>\n\n\n\n<p>Tambi\u00e9n han formado parte el arquitecto Teodoro Gonz\u00e1lez de Le\u00f3n, el arque\u00f3logo Eduardo Matos Moctezuma, el novelista Fernando del Paso, la ling\u00fcista Concepci\u00f3n Company Company y la bi\u00f3loga Julia Carabias Lillo, entre muchas otras luminarias del pensamiento mexicano.<\/p>\n\n\n\n<p>Fuente: el economista<\/p>\n","protected":false},"excerpt":{"rendered":"<p>El cineasta mexicano y ganador de cuatro premios Oscar se unir\u00e1 a las filas de la llamada M\u00e1xima C\u00e1tedra de M\u00e9xico en 2026. \u201cEs una voz que nos hace mucha falta\u201d, declara Cristina Rivera Garza. El director de\u00a0cine mexicano\u00a0ganador de cuatro premios Oscar, Alejandro Gonz\u00e1lez I\u00f1\u00e1rritu (Ciudad de M\u00e9xico, 1963), se convertir\u00e1 en el primer [&hellip;]<\/p>\n","protected":false},"author":2,"featured_media":142052,"comment_status":"open","ping_status":"open","sticky":false,"template":"","format":"standard","meta":{"footnotes":""},"categories":[11],"tags":[],"class_list":["post-142051","post","type-post","status-publish","format-standard","has-post-thumbnail","hentry","category-espectaculos"],"_links":{"self":[{"href":"http:\/\/elcuartopoder.com.mx\/nw\/wp-json\/wp\/v2\/posts\/142051","targetHints":{"allow":["GET"]}}],"collection":[{"href":"http:\/\/elcuartopoder.com.mx\/nw\/wp-json\/wp\/v2\/posts"}],"about":[{"href":"http:\/\/elcuartopoder.com.mx\/nw\/wp-json\/wp\/v2\/types\/post"}],"author":[{"embeddable":true,"href":"http:\/\/elcuartopoder.com.mx\/nw\/wp-json\/wp\/v2\/users\/2"}],"replies":[{"embeddable":true,"href":"http:\/\/elcuartopoder.com.mx\/nw\/wp-json\/wp\/v2\/comments?post=142051"}],"version-history":[{"count":1,"href":"http:\/\/elcuartopoder.com.mx\/nw\/wp-json\/wp\/v2\/posts\/142051\/revisions"}],"predecessor-version":[{"id":142053,"href":"http:\/\/elcuartopoder.com.mx\/nw\/wp-json\/wp\/v2\/posts\/142051\/revisions\/142053"}],"wp:featuredmedia":[{"embeddable":true,"href":"http:\/\/elcuartopoder.com.mx\/nw\/wp-json\/wp\/v2\/media\/142052"}],"wp:attachment":[{"href":"http:\/\/elcuartopoder.com.mx\/nw\/wp-json\/wp\/v2\/media?parent=142051"}],"wp:term":[{"taxonomy":"category","embeddable":true,"href":"http:\/\/elcuartopoder.com.mx\/nw\/wp-json\/wp\/v2\/categories?post=142051"},{"taxonomy":"post_tag","embeddable":true,"href":"http:\/\/elcuartopoder.com.mx\/nw\/wp-json\/wp\/v2\/tags?post=142051"}],"curies":[{"name":"wp","href":"https:\/\/api.w.org\/{rel}","templated":true}]}}