{"id":142057,"date":"2025-07-16T13:38:16","date_gmt":"2025-07-16T18:38:16","guid":{"rendered":"https:\/\/elcuartopoder.com.mx\/nw\/?p=142057"},"modified":"2025-07-16T13:38:18","modified_gmt":"2025-07-16T18:38:18","slug":"toda-la-carne-en-el-asador-para-la-ufc-en-la-casa-blanca-conor-mcgregor-y-jon-jones-como-posibles-regresos","status":"publish","type":"post","link":"http:\/\/elcuartopoder.com.mx\/nw\/entretenimiento\/deportes\/toda-la-carne-en-el-asador-para-la-ufc-en-la-casa-blanca-conor-mcgregor-y-jon-jones-como-posibles-regresos\/","title":{"rendered":"Toda la carne en el asador para la UFC en la Casa Blanca: Conor McGregor y Jon Jones como posibles regresos"},"content":{"rendered":"\n<h2 class=\"wp-block-heading\">Con el anuncio de Donald Trump, ambos peleadores mostraron su inter\u00e9s en volver a la competici\u00f3n<\/h2>\n\n\n\n<p>Aunque de primeras sonaba a fantas\u00eda, cada vez es m\u00e1s real una futura velada de la UFC en la\u00a0<strong>Casa Blanca<\/strong>. El primero en anunciarlo no fue otro que el mism\u00edsimo Presidente de los Estados Unidos Donald Trump. En una conferencia en Iowa el pasado 4 de julio, el m\u00e1ximo mandatario dijo que el siguiente a\u00f1o, de cara al\u00a0<strong>250 aniversario<\/strong>\u00a0de la independencia del pa\u00eds, se llevar\u00e1n a cabo una serie de eventos para conmemorarlo. Uno de ellos ser\u00e1 una velada de\u00a0artes marciales mixtas\u00a0(MMA) de la compa\u00f1\u00eda de Dana White en la propia Casa Blanca. Adem\u00e1s, asegur\u00f3 que tendr\u00eda una pelea de campeonato.<\/p>\n\n\n\n<p>Seg\u00fan inform\u00f3 CNN, las conversaciones ya estaban avanzadas. Algo que no es de extra\u00f1ar teniendo en cuenta la buena relaci\u00f3n que mantienen\u00a0Trump y White. \u00abUn lado del tel\u00f3n de fondo ser\u00e1 la Casa Blanca y el otro, el Monumento a Washington. Es tan \u00fanico, tan impresionante&#8230; No creo que vendamos entradas para ese evento.\u00a0<strong>Todas ser\u00e1n entradas gratuitas<\/strong>. Sin duda, vamos a poner la cartelera &#8216;m\u00e1s mala&#8217; de todos los tiempos\u00bb, expresaba el presidente de la UFC en una reciente entrevista en Full Send Podcast.<\/p>\n\n\n\n<p>Y es que una velada de tal magnitud debe estar a la altura, en cuanto a nombres se refiere. En esa misma entrevista, el presidente de la UFC revel\u00f3 que su pelea principal so\u00f1ada es la de&nbsp;<a href=\"https:\/\/www.abc.es\/deportes\/mma\/jon-jones-mejor-peleador-tiempos-ufc-retira-20250622185509-nt.html\">Jon Jones contra Tom Aspinall<\/a>. Aunque el estadounidense est\u00e9 retirado, este ha expresado su inter\u00e9s en volver a la compa\u00f1\u00eda para pelear en la Casa Blanca. \u00abDonald hizo su anuncio la ma\u00f1ana del 4 de julio. Llam\u00e9 a la sede de la UFC esa misma tarde. Lo dejar\u00e9 ah\u00ed. \u00a1Am\u00e9rica!<strong>&nbsp;\u00a1Eso s\u00ed que me hace gracia!<\/strong>\u00bb, publicaba, el considerado como el mejor de la historia, en sus redes.<\/p>\n\n\n\n<p>\u00abPara m\u00ed, se trata de la oportunidad de representar a Estados Unidos en la Casa Blanca. No me importa contra qui\u00e9n pelee esa noche. Encontr\u00e9 mi raz\u00f3n, eso era lo que necesitaba, algo m\u00e1s que dinero&#8230; Qui\u00e9n sabe qu\u00e9 me depara el futuro, pero en el momento en que escuch\u00e9 el anuncio de Donald Trump,&nbsp;<strong>comenc\u00e9 a entrenar nuevamente<\/strong>\u00bb, escrib\u00eda m\u00e1s adelante. Parece que todo est\u00e1 puesto en el camino para tener una velada hist\u00f3rica el a\u00f1o que viene.<\/p>\n\n\n\n<p>Otro que no se quiere perder la fiesta\u00a0es Conor McGregor. El irland\u00e9s siempre salta a la palestra cuando se habla de algo extravagante, y un evento de la UFC en la casa presidencial no es la excepci\u00f3n. Desde que salt\u00f3 la noticia mostr\u00f3 su inter\u00e9s en participar. En la \u00faltima rueda de prensa de su compa\u00f1\u00eda de boxeo sin guantes, BKFC, el irland\u00e9s declar\u00f3 que \u00abparece que voy a volver al Despacho Oval.\u00a0<strong>Ah\u00ed es donde me dirijo ahora<\/strong>\u00bb. El mismo Dana White dijo que era posible su presencia. Esta podr\u00eda ser la oportunidad para que se den dos combates que se quedaron a las puertas. La UFC en la Casa Blanca puede abrir las puertas a los choques de Conor McGregor vs Michael Chandler y Jon Jones vs Tom Aspinall.<\/p>\n\n\n\n<p>Fuente: ABC<\/p>\n\n\n\n<ul class=\"wp-block-list\">\n<li><\/li>\n<\/ul>\n","protected":false},"excerpt":{"rendered":"<p>Con el anuncio de Donald Trump, ambos peleadores mostraron su inter\u00e9s en volver a la competici\u00f3n Aunque de primeras sonaba a fantas\u00eda, cada vez es m\u00e1s real una futura velada de la UFC en la\u00a0Casa Blanca. El primero en anunciarlo no fue otro que el mism\u00edsimo Presidente de los Estados Unidos Donald Trump. En una [&hellip;]<\/p>\n","protected":false},"author":2,"featured_media":142058,"comment_status":"open","ping_status":"open","sticky":false,"template":"","format":"standard","meta":{"footnotes":""},"categories":[7],"tags":[],"class_list":["post-142057","post","type-post","status-publish","format-standard","has-post-thumbnail","hentry","category-deportes"],"_links":{"self":[{"href":"http:\/\/elcuartopoder.com.mx\/nw\/wp-json\/wp\/v2\/posts\/142057","targetHints":{"allow":["GET"]}}],"collection":[{"href":"http:\/\/elcuartopoder.com.mx\/nw\/wp-json\/wp\/v2\/posts"}],"about":[{"href":"http:\/\/elcuartopoder.com.mx\/nw\/wp-json\/wp\/v2\/types\/post"}],"author":[{"embeddable":true,"href":"http:\/\/elcuartopoder.com.mx\/nw\/wp-json\/wp\/v2\/users\/2"}],"replies":[{"embeddable":true,"href":"http:\/\/elcuartopoder.com.mx\/nw\/wp-json\/wp\/v2\/comments?post=142057"}],"version-history":[{"count":1,"href":"http:\/\/elcuartopoder.com.mx\/nw\/wp-json\/wp\/v2\/posts\/142057\/revisions"}],"predecessor-version":[{"id":142059,"href":"http:\/\/elcuartopoder.com.mx\/nw\/wp-json\/wp\/v2\/posts\/142057\/revisions\/142059"}],"wp:featuredmedia":[{"embeddable":true,"href":"http:\/\/elcuartopoder.com.mx\/nw\/wp-json\/wp\/v2\/media\/142058"}],"wp:attachment":[{"href":"http:\/\/elcuartopoder.com.mx\/nw\/wp-json\/wp\/v2\/media?parent=142057"}],"wp:term":[{"taxonomy":"category","embeddable":true,"href":"http:\/\/elcuartopoder.com.mx\/nw\/wp-json\/wp\/v2\/categories?post=142057"},{"taxonomy":"post_tag","embeddable":true,"href":"http:\/\/elcuartopoder.com.mx\/nw\/wp-json\/wp\/v2\/tags?post=142057"}],"curies":[{"name":"wp","href":"https:\/\/api.w.org\/{rel}","templated":true}]}}