{"id":142075,"date":"2025-07-16T14:09:40","date_gmt":"2025-07-16T19:09:40","guid":{"rendered":"https:\/\/elcuartopoder.com.mx\/nw\/?p=142075"},"modified":"2025-07-16T14:09:41","modified_gmt":"2025-07-16T19:09:41","slug":"arribo-del-polvo-del-sahara-inhibe-ciclones-y-provoca-calor-sofocante","status":"publish","type":"post","link":"http:\/\/elcuartopoder.com.mx\/nw\/estatales\/arribo-del-polvo-del-sahara-inhibe-ciclones-y-provoca-calor-sofocante\/","title":{"rendered":"Arribo del polvo del Sahara inhibe ciclones y provoca calor sofocante"},"content":{"rendered":"\n<p>La llega de este fen\u00f3meno est\u00e1 impidiendo de nuevo la formaci\u00f3n de ciclones en el Atl\u00e1ntico.<\/p>\n\n\n\n<p>El meteor\u00f3logo&nbsp;<strong>Luis Antonio Morales Oca\u00f1a<\/strong>, adscrito a la Secretar\u00eda de Protecci\u00f3n Civil Prevenci\u00f3n de Riesgos de Playa del Carmen, inform\u00f3 que la nueva llegada del&nbsp;<strong>polvo del Sahara&nbsp;<\/strong>est\u00e1 impidiendo la formaci\u00f3n de ciclones en el Atl\u00e1ntico.<\/p>\n\n\n\n<p>Agreg\u00f3 que la temperatura de las aguas del&nbsp;<strong>mar Caribe&nbsp;<\/strong>ya sobrepasan los 29 grados cent\u00edgrados, ideal para la formaci\u00f3n de ciclones tropicales.<\/p>\n\n\n\n<p><em>\u201cPara nosotros, en el mar Caribe, ya las condiciones, temperaturas por arriba de los 20 o 30 grados, pudieran crear la formaci\u00f3n de ciclones, pero tenemos la invasi\u00f3n del polvo del&nbsp;<strong>Sahara que est\u00e1 cubriendo todo el Atl\u00e1ntico, el mar Caribe<\/strong>, las peque\u00f1as y grandes Antillas y la Pen\u00ednsula de Yucat\u00e1n, y este sistema inhibe la formaci\u00f3n de ciclones tropicales, pero tambi\u00e9n de nubes de gran desarrollo y esto hace que las altas temperaturas contin\u00faen\u201d<\/em>, explic\u00f3 Morales Oca\u00f1a.<\/p>\n\n\n\n<blockquote class=\"wp-block-quote is-layout-flow wp-block-quote-is-layout-flow\"><\/blockquote>\n\n\n\n<p>Los \u00faltimos cinco d\u00edas han registrado altas temperaturas, con m\u00e1ximas de hasta&nbsp;<strong>35 grados cent\u00edgrados a la sombra y sensaciones t\u00e9rmicas que est\u00e1n sobrepasando los 45 grados;<\/strong>&nbsp;no obstante, adelant\u00f3 Morales Oca\u00f1a, en los pr\u00f3ximos d\u00edas se espera una temperatura a la sombra cercana o por arriba de los 37 grados cent\u00edgrados&nbsp;en la regi\u00f3n.<\/p>\n\n\n\n<p>\u201c<em>Hasta agosto, entre esos lapsos en que no haya llegada de polvo del Sahara pudiera haber una formaci\u00f3n cicl\u00f3nica de que se vayan a formar en alg\u00fan punto medio del oc\u00e9ano Atl\u00e1ntico\u201d<\/em>.<\/p>\n\n\n\n<p>Fuente: SIPSE<\/p>\n\n\n\n<blockquote class=\"wp-block-quote is-layout-flow wp-block-quote-is-layout-flow\"><\/blockquote>\n","protected":false},"excerpt":{"rendered":"<p>La llega de este fen\u00f3meno est\u00e1 impidiendo de nuevo la formaci\u00f3n de ciclones en el Atl\u00e1ntico. El meteor\u00f3logo&nbsp;Luis Antonio Morales Oca\u00f1a, adscrito a la Secretar\u00eda de Protecci\u00f3n Civil Prevenci\u00f3n de Riesgos de Playa del Carmen, inform\u00f3 que la nueva llegada del&nbsp;polvo del Sahara&nbsp;est\u00e1 impidiendo la formaci\u00f3n de ciclones en el Atl\u00e1ntico. Agreg\u00f3 que la temperatura [&hellip;]<\/p>\n","protected":false},"author":2,"featured_media":142076,"comment_status":"open","ping_status":"open","sticky":false,"template":"","format":"standard","meta":{"footnotes":""},"categories":[60],"tags":[],"class_list":["post-142075","post","type-post","status-publish","format-standard","has-post-thumbnail","hentry","category-estatales"],"_links":{"self":[{"href":"http:\/\/elcuartopoder.com.mx\/nw\/wp-json\/wp\/v2\/posts\/142075","targetHints":{"allow":["GET"]}}],"collection":[{"href":"http:\/\/elcuartopoder.com.mx\/nw\/wp-json\/wp\/v2\/posts"}],"about":[{"href":"http:\/\/elcuartopoder.com.mx\/nw\/wp-json\/wp\/v2\/types\/post"}],"author":[{"embeddable":true,"href":"http:\/\/elcuartopoder.com.mx\/nw\/wp-json\/wp\/v2\/users\/2"}],"replies":[{"embeddable":true,"href":"http:\/\/elcuartopoder.com.mx\/nw\/wp-json\/wp\/v2\/comments?post=142075"}],"version-history":[{"count":1,"href":"http:\/\/elcuartopoder.com.mx\/nw\/wp-json\/wp\/v2\/posts\/142075\/revisions"}],"predecessor-version":[{"id":142077,"href":"http:\/\/elcuartopoder.com.mx\/nw\/wp-json\/wp\/v2\/posts\/142075\/revisions\/142077"}],"wp:featuredmedia":[{"embeddable":true,"href":"http:\/\/elcuartopoder.com.mx\/nw\/wp-json\/wp\/v2\/media\/142076"}],"wp:attachment":[{"href":"http:\/\/elcuartopoder.com.mx\/nw\/wp-json\/wp\/v2\/media?parent=142075"}],"wp:term":[{"taxonomy":"category","embeddable":true,"href":"http:\/\/elcuartopoder.com.mx\/nw\/wp-json\/wp\/v2\/categories?post=142075"},{"taxonomy":"post_tag","embeddable":true,"href":"http:\/\/elcuartopoder.com.mx\/nw\/wp-json\/wp\/v2\/tags?post=142075"}],"curies":[{"name":"wp","href":"https:\/\/api.w.org\/{rel}","templated":true}]}}