{"id":142490,"date":"2025-07-24T16:17:32","date_gmt":"2025-07-24T21:17:32","guid":{"rendered":"https:\/\/elcuartopoder.com.mx\/nw\/?p=142490"},"modified":"2025-07-24T16:17:34","modified_gmt":"2025-07-24T21:17:34","slug":"estudio-cientifico-revela-los-problemas-de-salud-mental-que-genera-regalarle-a-un-adolescente-menor-de-13-anos-un-movil","status":"publish","type":"post","link":"http:\/\/elcuartopoder.com.mx\/nw\/entretenimiento\/tecnologia\/estudio-cientifico-revela-los-problemas-de-salud-mental-que-genera-regalarle-a-un-adolescente-menor-de-13-anos-un-movil\/","title":{"rendered":"Estudio cient\u00edfico revela los problemas de salud mental que genera regalarle a un adolescente menor de 13 a\u00f1os un m\u00f3vil"},"content":{"rendered":"\n<p>Todo lo que vemos es bueno en cuanto a la tecnolog\u00eda, y no creemos que tenga efectos a largo plazo, sin embargo, hay un estudio cient\u00edfico que revel\u00f3 los problemas que conlleva que un adolescente de 13 a\u00f1os, ya posea un tel\u00e9fono celular.<\/p>\n\n\n\n<p>Cada vez es m\u00e1s complicado regalarle algo a un ni\u00f1o,\u00a0adolescente\u00a0que la salida m\u00e1s f\u00e1cil, por lo general, es algo de electr\u00f3nica, en especial, un<strong>\u00a0celular.<\/strong>\u00a0Tambi\u00e9n por una comodidad, e independencia del\u00a0<strong><em>chico, ni\u00f1o en cuesti\u00f3n,<\/em><\/strong>\u00a0sin embargo, estudio cient\u00edfico revel\u00f3 los problemas que le generamos a los menores de 13 a\u00f1os, al recibir un<strong>\u00a0m\u00f3vil,<\/strong>\u00a0principalmente en su\u00a0<strong>salud mental.<\/strong><\/p>\n\n\n\n<h2 class=\"wp-block-heading\">Consecuencias de un smartphone<\/h2>\n\n\n\n<p>Poseer un<strong>\u00a0tel\u00e9fono celular,<\/strong>\u00a0en especial, en la\u00a0<strong>adolescencia<\/strong>\u00a0tiene un impacto en su\u00a0<strong>salud\u00a0mental\u00a0<\/strong>y a largo plazo, por m\u00e1s que de es sentido de popularidad y otras ventajas. Ya que no estamos hablando, del d\u00eda a d\u00eda, sino que ya se prev\u00e9 y se propone un enfoque preventivo al nivel del alcoholismo y del tabaquismo.<\/p>\n\n\n\n<p>Seg\u00fan un estudio publicado por la revista cient\u00edfica&nbsp;<strong>Journal of Human Development and Capabilities<\/strong>&nbsp;revela que los j\u00f3venes de entre 18 y 24 a\u00f1os que recibieron su primer<strong>&nbsp;celular&nbsp;<\/strong>a los 12 a\u00f1os o antes son m\u00e1s propensos a presentar pensamientos suicidas, agresividad, desconexi\u00f3n de la realidad, mala estabilidad emocional, o baja autoestima.<\/p>\n\n\n\n<p>Fue realizado por<strong>&nbsp;Sapien Labs,&nbsp;<\/strong>fundada y dirigida por la neurocientifica&nbsp;<strong>Tara Thiagarajan,&nbsp;<\/strong>de la&nbsp;<strong>Universidad de Stanford<\/strong>.&nbsp;<em>\u00abHemos visto que la posesi\u00f3n temprana de un&nbsp;<strong>m\u00f3vil inteligente,<\/strong>&nbsp;est\u00e1 relacionada con un profundo cambio en la<strong>&nbsp;salud mental<\/strong>&nbsp;y el bienestar en la edad adulta temprana\u00bb<\/em>, declar\u00f3<strong>&nbsp;Thiagaranjan<\/strong>.&nbsp;<em>\u201cEsa asociaci\u00f3n est\u00e1 relacionada por varios factores: el ciberacoso, los trastornos del sue\u00f1o y las malas relaciones familiares, que dan lugar a s\u00edntomas en la edad adulta que no son los tradicionales de la depresi\u00f3n o la ansiedad<\/em>\u00ab, continua la neurocient\u00edfica.<\/p>\n\n\n\n<figure class=\"wp-block-image\"><img decoding=\"async\" src=\"https:\/\/heraldodemexico.com.mx\/u\/fotografias\/m\/2025\/7\/22\/f768x1-1158986_1159113_5050.jpg\" alt=\"\"\/><figcaption class=\"wp-element-caption\">Efectos del celular a temprana edad<\/figcaption><\/figure>\n\n\n\n<p><strong>A nivel mundial<\/strong><\/p>\n\n\n\n<p><em>\u00abEsta tendencia se observa de forma consistente en todas las regiones del mundo, con mayor magnitud en los pa\u00edses de habla inglesa\u00bb<\/em>, indican los autores en su estudio. Adem\u00e1s, alertan de que la incidencia de estas patolog\u00edas est\u00e1 aumentando en adultos j\u00f3venes. Y se refieren, sobre todo,&nbsp;<em><u>a la agresividad, el distanciamiento de la realidad y los pensamientos suicidas.<\/u><\/em><\/p>\n\n\n\n<p>Fuente: Heraldo de M\u00e9xico<\/p>\n","protected":false},"excerpt":{"rendered":"<p>Todo lo que vemos es bueno en cuanto a la tecnolog\u00eda, y no creemos que tenga efectos a largo plazo, sin embargo, hay un estudio cient\u00edfico que revel\u00f3 los problemas que conlleva que un adolescente de 13 a\u00f1os, ya posea un tel\u00e9fono celular. Cada vez es m\u00e1s complicado regalarle algo a un ni\u00f1o,\u00a0adolescente\u00a0que la salida [&hellip;]<\/p>\n","protected":false},"author":2,"featured_media":142491,"comment_status":"open","ping_status":"open","sticky":false,"template":"","format":"standard","meta":{"footnotes":""},"categories":[57],"tags":[],"class_list":["post-142490","post","type-post","status-publish","format-standard","has-post-thumbnail","hentry","category-tecnologia"],"_links":{"self":[{"href":"http:\/\/elcuartopoder.com.mx\/nw\/wp-json\/wp\/v2\/posts\/142490","targetHints":{"allow":["GET"]}}],"collection":[{"href":"http:\/\/elcuartopoder.com.mx\/nw\/wp-json\/wp\/v2\/posts"}],"about":[{"href":"http:\/\/elcuartopoder.com.mx\/nw\/wp-json\/wp\/v2\/types\/post"}],"author":[{"embeddable":true,"href":"http:\/\/elcuartopoder.com.mx\/nw\/wp-json\/wp\/v2\/users\/2"}],"replies":[{"embeddable":true,"href":"http:\/\/elcuartopoder.com.mx\/nw\/wp-json\/wp\/v2\/comments?post=142490"}],"version-history":[{"count":1,"href":"http:\/\/elcuartopoder.com.mx\/nw\/wp-json\/wp\/v2\/posts\/142490\/revisions"}],"predecessor-version":[{"id":142492,"href":"http:\/\/elcuartopoder.com.mx\/nw\/wp-json\/wp\/v2\/posts\/142490\/revisions\/142492"}],"wp:featuredmedia":[{"embeddable":true,"href":"http:\/\/elcuartopoder.com.mx\/nw\/wp-json\/wp\/v2\/media\/142491"}],"wp:attachment":[{"href":"http:\/\/elcuartopoder.com.mx\/nw\/wp-json\/wp\/v2\/media?parent=142490"}],"wp:term":[{"taxonomy":"category","embeddable":true,"href":"http:\/\/elcuartopoder.com.mx\/nw\/wp-json\/wp\/v2\/categories?post=142490"},{"taxonomy":"post_tag","embeddable":true,"href":"http:\/\/elcuartopoder.com.mx\/nw\/wp-json\/wp\/v2\/tags?post=142490"}],"curies":[{"name":"wp","href":"https:\/\/api.w.org\/{rel}","templated":true}]}}