{"id":142496,"date":"2025-07-24T16:24:36","date_gmt":"2025-07-24T21:24:36","guid":{"rendered":"https:\/\/elcuartopoder.com.mx\/nw\/?p=142496"},"modified":"2025-07-24T16:24:37","modified_gmt":"2025-07-24T21:24:37","slug":"las-cifras-de-la-ryder-cup-un-filon-de-oro-para-espana","status":"publish","type":"post","link":"http:\/\/elcuartopoder.com.mx\/nw\/entretenimiento\/deportes\/las-cifras-de-la-ryder-cup-un-filon-de-oro-para-espana\/","title":{"rendered":"Las cifras de la Ryder Cup, un fil\u00f3n de oro para Espa\u00f1a"},"content":{"rendered":"\n<h2 class=\"wp-block-heading\">La edici\u00f3n de 2031, que se disputar\u00e1 en el Camiral Golf de Gerona, tendr\u00e1 un impacto econ\u00f3mico superior a los 1.000 millones de euros<\/h2>\n\n\n\n<p>Puede que veinte a\u00f1os no sean nada, como canta el tango, pero en el mundo del golf se antojan much\u00edsimos. Por eso Espa\u00f1a trat\u00f3 de organizar las Ryder Cups de 2018 y 2022, cuando se conmemoraba aproximadamente la edici\u00f3n de Valderrama (1997).<\/p>\n\n\n\n<p>Mucho ha llovido desde que, gracias al impulso del a\u00f1orado&nbsp;<strong>Seve Ballestero<\/strong>s, el Real Club de Valderrama acogiera en 1997 la disputa de la&nbsp;<strong>Ryder Cup<\/strong>, la competici\u00f3n bianual que enfrenta a los mejores golfistas europeos con Estados Unidos, y que es uno de los grandes acontecimientos deportivos mundiales. Y en 2031, la Ryder Cup regresa a Espa\u00f1a, concretamente al&nbsp;<strong>Camiral Golf &amp; Wellness<\/strong>&nbsp;(anterior PGA Catalunya Resort), un acontecimiento que generar\u00e1 un&nbsp;<strong>impacto econ\u00f3mico<\/strong>&nbsp;directo en diversos sectores de la econom\u00eda catalana.<\/p>\n\n\n\n<p>Se espera que la celebraci\u00f3n de la Ryder Cup 2013 atraiga unos\u00a0<strong>250.000 visitantes<\/strong>\u00a0durante los d\u00edas del torneo, muchos de ellos procedentes de Reino Unido, Alemania y Estados Unidos, principales mercados emisores del\u00a0golf europeo. Las estimaciones iniciales del sector tur\u00edstico y de la administraci\u00f3n p\u00fablica proyectan un impacto econ\u00f3mico superior a los\u00a0<strong>1.000 millones de euros<\/strong>: solo durante la semana del torneo, se prev\u00e9 una ocupaci\u00f3n hotelera total en Girona y sus alrededores, as\u00ed como una fuerte demanda en restauraci\u00f3n, transporte y comercio, y la creaci\u00f3n de miles de empleos directos e indirectos. Cabe destacar que la media de gasto por visitante en eventos como la Ryder Cup\u00a0<strong>supera<\/strong>\u00a0ampliamente la media del turista m\u00e1s tradicional<\/p>\n\n\n\n<figure class=\"wp-block-image size-large\"><img loading=\"lazy\" decoding=\"async\" width=\"1024\" height=\"576\" src=\"https:\/\/elcuartopoder.com.mx\/nw\/wp-content\/uploads\/2025\/07\/mk-s-WHf1wtNMMLU-unsplash-1024x576.png\" alt=\"\" class=\"wp-image-142498\" srcset=\"http:\/\/elcuartopoder.com.mx\/nw\/wp-content\/uploads\/2025\/07\/mk-s-WHf1wtNMMLU-unsplash-1024x576.png 1024w, http:\/\/elcuartopoder.com.mx\/nw\/wp-content\/uploads\/2025\/07\/mk-s-WHf1wtNMMLU-unsplash-300x169.png 300w, http:\/\/elcuartopoder.com.mx\/nw\/wp-content\/uploads\/2025\/07\/mk-s-WHf1wtNMMLU-unsplash-768x432.png 768w, http:\/\/elcuartopoder.com.mx\/nw\/wp-content\/uploads\/2025\/07\/mk-s-WHf1wtNMMLU-unsplash-696x392.png 696w, http:\/\/elcuartopoder.com.mx\/nw\/wp-content\/uploads\/2025\/07\/mk-s-WHf1wtNMMLU-unsplash.png 1200w\" sizes=\"auto, (max-width: 1024px) 100vw, 1024px\" \/><\/figure>\n\n\n\n<h2 class=\"wp-block-heading\">Apoyo institucional y colaboraci\u00f3n p\u00fablico-privada<\/h2>\n\n\n\n<p>La candidatura fue impulsada por un consorcio entre la&nbsp;<strong>Real Federaci\u00f3n Espa\u00f1ola de Golf<\/strong>, el&nbsp;<strong>Gobierno de Espa\u00f1a<\/strong>, la&nbsp;<strong>Generalitat de Catalunya<\/strong>, la&nbsp;<strong>Diputaci\u00f3n de Girona<\/strong>&nbsp;y el&nbsp;<strong>Ayuntamiento de Caldes de Malavella<\/strong>, entre otras entidades. Esta colaboraci\u00f3n p\u00fablico-privada ha sido clave para la adjudicaci\u00f3n del torneo, convirtiendo a Espa\u00f1a en el segundo pa\u00eds europeo, tras el Reino Unido, en acoger dos ediciones de la Ryder Cup. A nivel de promoci\u00f3n internacional, la Ryder Cup representar\u00e1 una oportunidad \u00fanica de&nbsp;<strong>posicionamiento<\/strong>&nbsp;de marca para Girona y la Costa Brava como destino premium, que espolear\u00e1 la retransmisi\u00f3n del torneo, seguida por&nbsp;<strong>m\u00e1s de 600 millones&nbsp;<\/strong>de espectadores en todo el mundo.<\/p>\n\n\n\n<p>Fuente: Forbes<\/p>\n","protected":false},"excerpt":{"rendered":"<p>La edici\u00f3n de 2031, que se disputar\u00e1 en el Camiral Golf de Gerona, tendr\u00e1 un impacto econ\u00f3mico superior a los 1.000 millones de euros Puede que veinte a\u00f1os no sean nada, como canta el tango, pero en el mundo del golf se antojan much\u00edsimos. Por eso Espa\u00f1a trat\u00f3 de organizar las Ryder Cups de 2018 [&hellip;]<\/p>\n","protected":false},"author":2,"featured_media":142497,"comment_status":"open","ping_status":"open","sticky":false,"template":"","format":"standard","meta":{"footnotes":""},"categories":[7],"tags":[],"class_list":["post-142496","post","type-post","status-publish","format-standard","has-post-thumbnail","hentry","category-deportes"],"_links":{"self":[{"href":"http:\/\/elcuartopoder.com.mx\/nw\/wp-json\/wp\/v2\/posts\/142496","targetHints":{"allow":["GET"]}}],"collection":[{"href":"http:\/\/elcuartopoder.com.mx\/nw\/wp-json\/wp\/v2\/posts"}],"about":[{"href":"http:\/\/elcuartopoder.com.mx\/nw\/wp-json\/wp\/v2\/types\/post"}],"author":[{"embeddable":true,"href":"http:\/\/elcuartopoder.com.mx\/nw\/wp-json\/wp\/v2\/users\/2"}],"replies":[{"embeddable":true,"href":"http:\/\/elcuartopoder.com.mx\/nw\/wp-json\/wp\/v2\/comments?post=142496"}],"version-history":[{"count":1,"href":"http:\/\/elcuartopoder.com.mx\/nw\/wp-json\/wp\/v2\/posts\/142496\/revisions"}],"predecessor-version":[{"id":142499,"href":"http:\/\/elcuartopoder.com.mx\/nw\/wp-json\/wp\/v2\/posts\/142496\/revisions\/142499"}],"wp:featuredmedia":[{"embeddable":true,"href":"http:\/\/elcuartopoder.com.mx\/nw\/wp-json\/wp\/v2\/media\/142497"}],"wp:attachment":[{"href":"http:\/\/elcuartopoder.com.mx\/nw\/wp-json\/wp\/v2\/media?parent=142496"}],"wp:term":[{"taxonomy":"category","embeddable":true,"href":"http:\/\/elcuartopoder.com.mx\/nw\/wp-json\/wp\/v2\/categories?post=142496"},{"taxonomy":"post_tag","embeddable":true,"href":"http:\/\/elcuartopoder.com.mx\/nw\/wp-json\/wp\/v2\/tags?post=142496"}],"curies":[{"name":"wp","href":"https:\/\/api.w.org\/{rel}","templated":true}]}}