{"id":142604,"date":"2025-07-28T08:34:25","date_gmt":"2025-07-28T13:34:25","guid":{"rendered":"https:\/\/elcuartopoder.com.mx\/nw\/?p=142604"},"modified":"2025-07-28T08:34:27","modified_gmt":"2025-07-28T13:34:27","slug":"familias-mexicanas-lloran-en-sus-altares-a-sus-mujeres-asesinadas-y-agraviadas-por-falta-de-justicia","status":"publish","type":"post","link":"http:\/\/elcuartopoder.com.mx\/nw\/destacadas\/familias-mexicanas-lloran-en-sus-altares-a-sus-mujeres-asesinadas-y-agraviadas-por-falta-de-justicia\/","title":{"rendered":"Familias mexicanas lloran en sus altares a sus mujeres asesinadas, y agraviadas por falta de justicia"},"content":{"rendered":"\n<figure class=\"wp-block-embed is-type-video is-provider-youtube wp-block-embed-youtube wp-embed-aspect-16-9 wp-has-aspect-ratio\"><div class=\"wp-block-embed__wrapper\">\n<iframe loading=\"lazy\" title=\"Familias mexicanas lloran en sus altares a sus mujeres asesinadas\" width=\"696\" height=\"392\" src=\"https:\/\/www.youtube.com\/embed\/WcYJImIowoM?feature=oembed\" frameborder=\"0\" allow=\"accelerometer; autoplay; clipboard-write; encrypted-media; gyroscope; picture-in-picture; web-share\" referrerpolicy=\"strict-origin-when-cross-origin\" allowfullscreen><\/iframe>\n<\/div><\/figure>\n\n\n\n<h3 class=\"wp-block-heading\">Familiares de v\u00edctimas de feminicidio las recuerdan en el D\u00eda de Muertos bajo la promesa que cuidar\u00e1n a sus hijos y buscar\u00e1n justicia para ellas.<\/h3>\n\n\n\n<h3 class=\"wp-block-heading\">Madres, hermanas, hermanos, t\u00edas y abuelitas de algunas v\u00edctimas de feminicidio colocaron ofrendas para sus queridas mujeres y permitieron a SinEmbargo que ese momento pudiera ser capturado para visibilizar la redignificaci\u00f3n de su recuerdo y mostrar as\u00ed que la violencia y el feminicidio quiebra a familias enteras\u00bb<\/h3>\n\n\n\n<p>Ciudad de M\u00e9xico, 2 de noviembre (SinEmbargo).- Esta es la primera vez que Leticia Viviana Mart\u00ednez S\u00e1nchez coloca una&nbsp;<strong>ofrenda<\/strong>&nbsp;dedicada a su hermana \u201cBivi\u201d. La herida a\u00fan es muy reciente. Martha Biviana fue&nbsp;<strong>asesinada<\/strong>&nbsp;hace un par de meses atr\u00e1s, el 13 de junio de 2019.<\/p>\n\n\n\n<p>Estas fechas son particularmente dif\u00edciles para Leticia Viviana, pues estas festividades eran momentos en que ambas pasaban juntas: instalaban altares a sus parientes difuntos e iban al pante\u00f3n. \u00abElla ven\u00eda a la casa para que coloc\u00e1ramos las ofrendas\u201d, recuerda. \u00abSiempre estaba con su sonrisa\u00bb.<\/p>\n\n\n\n<p>El D\u00eda muertos es una de las principales festividades mexicanas donde la tradici\u00f3n dicta que los vivos \u201cinvitan\u201d a los muertos a regresar. La festividad fue nombrada por la Organizaci\u00f3n de las Naciones Unidas para la Educaci\u00f3n, la Ciencia y la Cultura (UNESCO), como Patrimonio Oral e inmaterial de la Humanidad en el a\u00f1o 2008, pues se ha convertido en una gran manifestaci\u00f3n de la cultura, la gastronom\u00eda y la riqueza del pa\u00eds.<\/p>\n\n\n\n<blockquote class=\"wp-block-quote is-layout-flow wp-block-quote-is-layout-flow\"><\/blockquote>\n\n\n\n<p>\u00abLa muerte no remite a una ausencia sino a una presencia viva; la muerte es una met\u00e1fora de la vida que se materializa en el altar ofrecido: quienes hoy ofrendan a sus muertos ser\u00e1n en el futuro invitados a la fiesta. En este sentido se trata de una celebraci\u00f3n que conlleva una gran trascendencia popular en tanto comprende diversos \u00e1mbitos de significaci\u00f3n, desde los filos\u00f3ficos hasta los materiales\u00bb, se\u00f1ala la Unesco.<\/p>\n\n\n\n<p>El asesinato de \u201cBivi\u201d, como le dec\u00edan de cari\u00f1o, ha cambiado el modo de pensar de Leticia; ahora ella est\u00e1 convencida que las almas \u201clos muertos\u201d retornan con la gu\u00eda de los vivos para la celebraci\u00f3n a los fieles difuntos.&nbsp; \u00abAntes solo pon\u00eda la ofrenda por costumbre, tradici\u00f3n, pero ahora s\u00ed creo que ellos vienen\u00bb, dice. Eso tambi\u00e9n ha marcado una diferencia.<\/p>\n\n\n\n<p>Ruidos en la casa, voces que la llaman de pronto son escuchados por Leticia. Ella tiene la esperanza que su hermana la visite. \u00abA veces platico con ella, antes me daba miedo, ahora ya no\u00bb, dice.<\/p>\n\n\n\n<blockquote class=\"wp-block-quote is-layout-flow wp-block-quote-is-layout-flow\"><\/blockquote>\n\n\n\n<p>Frijoles, naranjas, pollo, pozole, papas fritas y otras frituras son colocadas para el deleite de Martha Biviana. Un vaso de tequila y un peque\u00f1o vaso con licor basado en whisky irland\u00e9s y crema de leche, tampoco pueden faltar en el altar en su honor.<\/p>\n\n\n\n<p>Las hijas e hijos de Leticia y Martha participan en el ritual. Varias palomitas son esparcidas alrededor del altar. Para la familia, significan \u201cel cielo\u201d, platican Leticia y su hija. Luego, las hojas de cempas\u00fachil son esparcidas. El bello olor de esta t\u00edpica flor marca el camino y atrae el alma de sus seres queridos, comentan.<\/p>\n\n\n\n<figure class=\"wp-block-image\" id=\"attachment_3671770\"><img decoding=\"async\" src=\"https:\/\/www.sinembargo.mx\/wp-content\/uploads\/2019\/11\/bivi-2.jpg?x25754\" alt=\"\" class=\"wp-image-3671770\"\/><figcaption class=\"wp-element-caption\">La familia de Leticia y Martha participan en la colocaci\u00f3n del altar. Foto: Crisanto Rodr\u00edguez, SinEmbargo.<\/figcaption><\/figure>\n\n\n\n<figure class=\"wp-block-image\" id=\"attachment_3671766\"><img decoding=\"async\" src=\"https:\/\/www.sinembargo.mx\/wp-content\/uploads\/2019\/11\/edomex.jpeg?x25754\" alt=\"\" class=\"wp-image-3671766\"\/><figcaption class=\"wp-element-caption\">Leticia, hermana de Martha Biviana, joven madre asesinada en Estado de M\u00e9xico, el pasado mes de junio, en compa\u00f1\u00eda de su sobrina -hija de la v\u00edctima-, colocan por primera vez un altar en honor a Bivi. Foto: Crisanto Rodr\u00edguez, SinEmbargo.<\/figcaption><\/figure>\n\n\n\n<p>Martha Biviana Mart\u00ednez S\u00e1nchez fue asesinada por un disparo de arma de fuego en el cuello. La joven fue atacada por su propio esposo y frente a dos de sus tres hijas: una peque\u00f1a de cinco a\u00f1os que atestigu\u00f3 el crimen y una beb\u00e9 de tres meses, a la que cargaba en brazos al momento de ser asesinada.<\/p>\n\n\n\n<p>\u201cBivi\u201d ten\u00eda 32 a\u00f1os de edad, era la menor de siete hermanos. Desde hace 13 a\u00f1os estaba casada con Jos\u00e9 \u201cN\u201d, alias Pepe, con quien tuvo tres hijas, la m\u00e1s peque\u00f1a de tan s\u00f3lo tres meses de edad.<\/p>\n\n\n\n<blockquote class=\"wp-block-quote is-layout-flow wp-block-quote-is-layout-flow\"><\/blockquote>\n\n\n\n<p>Pepe huy\u00f3 despu\u00e9s de llevar el cuerpo \u2013ya sin vida\u2013 al hospital de la localidad, explicaron familiares de la v\u00edctima, quienes ahora claman por su pronta captura y justicia para la joven madre.<\/p>\n\n\n\n<p>Como Leticia y su familia, miles de ciudadanos llegan a este 2 de noviembre sin la presencia de una mujer que fue v\u00edctima de violencia. Al menos 2 mil 833 mujeres fueron asesinadas en M\u00e9xico de enero a septiembre del presente a\u00f1o, un total de 349 casos tan s\u00f3lo en el pasado el mes de septiembre.<\/p>\n\n\n\n<p>Madres, hermanas, hermanos, t\u00edas y abuelitas de algunas v\u00edctimas de feminicidio abrieron las puertas de su casa a&nbsp;<strong>SinEmbargo<\/strong>&nbsp;los d\u00edas que colocaron las ofrendas para sus queridas mujeres y permitieron que ese momento pudiera ser capturado para visibilizar la redignificaci\u00f3n de su recuerdo y mostrar as\u00ed que la violencia y el feminicidio quiebra a familias enteras.<\/p>\n\n\n\n<figure class=\"wp-block-image\"><img decoding=\"async\" src=\"https:\/\/www.sinembargo.mx\/wp-content\/uploads\/2019\/11\/bivi-4.jpg?x25754\" alt=\"\" class=\"wp-image-3671771\"\/><\/figure>\n\n\n\n<figure class=\"wp-block-image\" id=\"attachment_3671730\"><img decoding=\"async\" src=\"https:\/\/www.sinembargo.mx\/wp-content\/uploads\/2019\/11\/img_0437.jpg?x25754\" alt=\"\" class=\"wp-image-3671730\"\/><figcaption class=\"wp-element-caption\">Adriana, y Gerardo, madre y hermano de Jessica Serrano, una joven secuestrada y asesinada en Tlalnepantla, Estado de M\u00e9xico, buscan justicia para la chica. Foto: Sugeyry G\u00e1ndara, SinEmbargo.<\/figcaption><\/figure>\n\n\n\n<figure class=\"wp-block-image\" id=\"attachment_3671727\"><img decoding=\"async\" src=\"https:\/\/www.sinembargo.mx\/wp-content\/uploads\/2019\/11\/photo5033000513662200026.jpg?x25754\" alt=\"\" class=\"wp-image-3671727\"\/><figcaption class=\"wp-element-caption\">La se\u00f1ora Feliza Hern\u00e1ndez Silva, abuela de Yesica Celene, joven asesinada en Reforma 222, destacada que a pesar del tiempo la herida siempre est\u00e1 abierta. Foto: Sugeyry G\u00e1ndara, SinEmbargo.<\/figcaption><\/figure>\n\n\n\n<figure class=\"wp-block-image\" id=\"attachment_3671728\"><img decoding=\"async\" src=\"https:\/\/www.sinembargo.mx\/wp-content\/uploads\/2019\/11\/sandra-1.jpg?x25754\" alt=\"\" class=\"wp-image-3671728\"\/><figcaption class=\"wp-element-caption\">Sandra Soto Az\u00faa, hermana de Serymar, asesinada en Coahuila, emprendi\u00f3 una fuerte lucha para buscar la justicia de su hermana. Este es el primer a\u00f1o que la recuerda ya con su asesino sentenciado. Foto: Sugeyry G\u00e1ndara, SinEmbargo.<\/figcaption><\/figure>\n\n\n\n<p><strong>\u00abPUEDES IRTE TRANQUILA\u00bb<\/strong><\/p>\n\n\n\n<p>\u2013Hija puedes estar tranquila, yo te voy a cuidar a tu ni\u00f1o, t\u00fa est\u00e1 tranquila, yo voy a estar tranquila. Te amo mucho, te extra\u00f1o\u2013, promete la se\u00f1ora Felizia Hern\u00e1ndez Silva frente a su nieta Yesica Celene Hern\u00e1ndez Mujica.<\/p>\n\n\n\n<p>Yesi, como le dec\u00edan de cari\u00f1o, fue asesinada la tarde del 19 de marzo de 2018 en una tienda de ropa, dentro del centro comercial Reforma 222, ubicado en la Ciudad de M\u00e9xico.<\/p>\n\n\n\n<p>Do\u00f1a Felizia tiene 84 a\u00f1os. A su edad, ella se dice una mujer sana y fuerte. Habla con voz firme y su tono de voz es algo. La se\u00f1ora, madre de once hijos, no puede evitar llorar mientras le habla a su querida \u201cChina\u201d. Para ella, Yesica era como otra de sus hijas, pues la chica vivi\u00f3 y creci\u00f3 a su lado.<\/p>\n\n\n\n<blockquote class=\"wp-block-quote is-layout-flow wp-block-quote-is-layout-flow\"><\/blockquote>\n\n\n\n<figure class=\"wp-block-image\" id=\"attachment_3671787\"><img decoding=\"async\" src=\"https:\/\/www.sinembargo.mx\/wp-content\/uploads\/2019\/11\/felizia.jpg?x25754\" alt=\"\" class=\"wp-image-3671787\"\/><figcaption class=\"wp-element-caption\">Yesi, como le dec\u00edan de cari\u00f1o, fue asesinada la tarde del 19 de marzo de 2018 en una tienda de ropa, dentro del centro comercial Reforma 222. Foto: Crisanto Rodr\u00edguez, SinEmbargo.<\/figcaption><\/figure>\n\n\n\n<p>Junto a Do\u00f1a Felizia, Mar\u00eda Mujica Hern\u00e1ndez, t\u00eda de la v\u00edctima, colocan la ofrenda.<\/p>\n\n\n\n<p>\u2013A ella le gustaba comer de todo\u2013, narran mientras colocan naranjas, tejocotes, pan de muerto, refrescos de sabor&nbsp; y algunos de los platillos que a Jesica le gustaban.<\/p>\n\n\n\n<p>\u2013La sal y el agua, no hay que olvida\u2013, dice Mary, la t\u00eda.<\/p>\n\n\n\n<p>Yesica es una joven afable y de car\u00e1cter alegre. Sus amistades y compa\u00f1eras de trabajo le dec\u00edan de cari\u00f1o \u201cLa China\u201d, pero en su casa la nombraban como Yesi.<\/p>\n\n\n\n<p>\u201cEra muy alegre y amiguera, ten\u00eda muchos amigos. Su felicidad era su hijo, [a quien le dec\u00eda de cari\u00f1o Rayword]. \u00c9l era todo para ella. Su vida era andar con \u00e9l, o llevarlo al parque. \u00c9l la extra\u00f1a mucho\u201d, platica Do\u00f1a Felizia.<\/p>\n\n\n\n<blockquote class=\"wp-block-quote is-layout-flow wp-block-quote-is-layout-flow\"><\/blockquote>\n\n\n\n<p>Celene dej\u00f3 trunca la Licenciatura en Ciencias Biol\u00f3gicas en el Instituto Polit\u00e9cnico Nacional (IPN). Ella curs\u00f3 hasta el cuarto semestre, por eso, uno de sus sue\u00f1os era concluir su educaci\u00f3n superior.<\/p>\n\n\n\n<figure class=\"wp-block-image\" id=\"attachment_3671794\"><img decoding=\"async\" src=\"https:\/\/www.sinembargo.mx\/wp-content\/uploads\/2019\/11\/felizia-3.jpg?x25754\" alt=\"\" class=\"wp-image-3671794\"\/><figcaption class=\"wp-element-caption\">Junto a Do\u00f1a Felizia, Mar\u00eda Mujica Hern\u00e1ndez, t\u00eda de la v\u00edctima, colocan la ofrenda. Foto: Cri Rodr\u00edguez, SinEmbargo.<\/figcaption><\/figure>\n\n\n\n<p>Los refrescos y las cervezas tampoco pueden faltan para en la ofrenda para la joven. Mary, al tiempo, dice que hasta la fecha no han obtenido justicia.<\/p>\n\n\n\n<p>El detenido por el caso, Oscar Alejandro, \u2013 quien sobrevivi\u00f3 al intento de suicidio despu\u00e9s del asesinato\u2013 ya dijo que si fue \u00e9l quien la mat\u00f3 y que despu\u00e9s se dispar\u00f3\u201d, narra Mar\u00eda. Sin embargo, tuvo el cinismo de decir que \u201ccomo quieren que repare el da\u00f1o si estoy encerrado\u201d, relat\u00f3 la t\u00eda de la chica.<\/p>\n\n\n\n<p>\u201c\u00c9l esta aferrado a que el proceso se vaya a juicio abreviado, pero nosotros no queremos, queremos que \u00e9l pague, queremos justicia\u201d, dice Mari.<\/p>\n\n\n\n<blockquote class=\"wp-block-quote is-layout-flow wp-block-quote-is-layout-flow\"><\/blockquote>\n\n\n\n<p>La familia est\u00e1 a la espera del juicio oral contra el imputado. Do\u00f1a Felizia destaca que el dolor de haber perdido a una hija no tiene fecha de caducidad. \u00abEs la primera que me matan, el dolor se lleva para siempre. La mujer clama a las autoridades justicia para su nieta.<\/p>\n\n\n\n<figure class=\"wp-block-image\" id=\"attachment_3671795\"><img decoding=\"async\" src=\"https:\/\/www.sinembargo.mx\/wp-content\/uploads\/2019\/11\/celene-altar.jpg?x25754\" alt=\"\" class=\"wp-image-3671795\"\/><figcaption class=\"wp-element-caption\">Do\u00f1a Felizia destaca que el dolor de haber perdido a una hija no tiene fecha de caducidad. Cri Rodr\u00edguez, SinEmbargo.<\/figcaption><\/figure>\n\n\n\n<p><strong>SIEMPRE EN PRESENTE<\/strong><\/p>\n\n\n\n<p>\u2013Mi chula, mira lo que te traje\u2013, dice Adriana, mientras saca una lata de licor. Sonr\u00ede levemente y la coloca en el altar al lado de la fotograf\u00eda de su querida hija Jesica. Luego, toma una de sus im\u00e1genes y la besa.<\/p>\n\n\n\n<p>Jessica Serrano ten\u00eda 18 a\u00f1os de edad cuando le fue arrebatada a su familia. Con enga\u00f1os se la llevaron, la privaron de la libertad y la asesinaron. La tarde del 5 de noviembre de 2017. Adriana lo recuerda bien, era un domingo, a las 7 pm. La joven ten\u00eda pocos d\u00edas de haber llegado a su mayor\u00eda de edad.<\/p>\n\n\n\n<blockquote class=\"wp-block-quote is-layout-flow wp-block-quote-is-layout-flow\"><\/blockquote>\n\n\n\n<figure class=\"wp-block-image\" id=\"attachment_3671813\"><img decoding=\"async\" src=\"https:\/\/www.sinembargo.mx\/wp-content\/uploads\/2019\/11\/img_0413.jpg?x25754\" alt=\"\" class=\"wp-image-3671813\"\/><figcaption class=\"wp-element-caption\">Jessica Serrano ten\u00eda 18 a\u00f1os de edad cuando le fue arrebatada a su familia. Con enga\u00f1os se la llevaron, la privaron de la libertad y la asesinaron. Foto: Sugeyry G\u00e1ndara, SinEmbargo.<\/figcaption><\/figure>\n\n\n\n<p>Un peque\u00f1ito apenas corre con pasitos muy cortos por la casa. No alcanz\u00f3 a conocer a la menor de sus t\u00edas. Pero sonriente, pone su manita en la boca y le lanza un besos a la imagen de Jesica. Adriana pl\u00e1tica que es extra\u00f1o, \u201ces c\u00f3mo si \u00e9l pudiera verla a veces\u201d, dice la madre mientras la esperanza se asoma a sus ojos.<\/p>\n\n\n\n<p>\u2013Ella es una alma libre\u2013 a\u00f1ade Adriana en tanto adorna la ofrenda, sus ojos se ponen vidriosos, luego sonr\u00ede y describe a su hija:&nbsp; una chica alegre, sociable y audaz, que le gustaba viajar. Con una voz afinada, encantadora y vivaz. Era parte en una banda musical. Con muchos amigos y querida entre sus conocidos.<\/p>\n\n\n\n<blockquote class=\"wp-block-quote is-layout-flow wp-block-quote-is-layout-flow\"><\/blockquote>\n\n\n\n<p>Jesica era de estatura baja, pero de car\u00e1cter fuerte y protector.&nbsp; Adriana est\u00e1 convencida que hasta el \u00faltimo minuto su hija le dio \u00abla cara la muerte\u00bb, as\u00ed como dice en el tatuaje que lleva en su antebrazo derecho.<\/p>\n\n\n\n<p>Adriana, como miles de madres, habla de su hija en presente, porque el recuerdo siempre est\u00e1 vivo, y ella siempre est\u00e1 en sus vidas.<\/p>\n\n\n\n<figure class=\"wp-block-image\" id=\"attachment_3671811\"><img decoding=\"async\" src=\"https:\/\/www.sinembargo.mx\/wp-content\/uploads\/2019\/11\/img_0356.jpg?x25754\" alt=\"\" class=\"wp-image-3671811\"\/><figcaption class=\"wp-element-caption\">Uno de los hermanaos de Jesica&nbsp; ayuda a colocar la ofrenda. Foto: Sugeyry G\u00e1ndara, SinEmbargo.<\/figcaption><\/figure>\n\n\n\n<p>Gerardo, uno de sus hermanos mayores, va pronto a la tienda por las papas preferidas de su peque\u00f1a hermana.<\/p>\n\n\n\n<p>\u2013Ah, claro, sus takies no pueden faltar\u2013, dice el joven mientras abre una bolsa de frituras. Golosinas de chile, naranjas, panqueques, se le ofrecieron en su altar. Dos gorras con el nombre Crats fueron colocadas, pues la joven y su hermana, gustan del grafiti.<\/p>\n\n\n\n<p>La familia prefiri\u00f3 no dar detalles del caso, pues el proceso penal est\u00e1 abierto y el juicio en curso, sin embargo, s\u00ed elevaron la exigencia a las autoridades del Estado de M\u00e9xico, para que los responsables del secuestro y asesinato de la joven sean castigados con la pena m\u00e1xima.<\/p>\n\n\n\n<figure class=\"wp-block-image\" id=\"attachment_3671821\"><img decoding=\"async\" src=\"https:\/\/www.sinembargo.mx\/wp-content\/uploads\/2019\/11\/jessica-serrano.jpeg?x25754\" alt=\"\" class=\"wp-image-3671821\"\/><figcaption class=\"wp-element-caption\">Adriana, como miles de madres, habla de su hija en presente, porque para ella el recuerdo de su hija siempre est\u00e1 vivo, y ella siempre est\u00e1 en sus vidas. Sus ojos se ponen en ocasiones vidriosos, luego sonr\u00ede y mira al cielo. Foto: Sugeyry G\u00e1ndara, SinEmbargo.<\/figcaption><\/figure>\n\n\n\n<p><strong>Y CUANDO LA JUSTICIA LLEGA&#8230; DIGNIFICAR LA MEMORIA<\/strong><br>El feminicidio Serymar Soto Az\u00faa, la madrugada 28 de enero de 2017 en Coahuila, dio la fortaleza a Sandra para luchar incansablemente por la justicia para su hermana. Y lo logr\u00f3: el pasado 3 de septiembre, el Tribunal de Alzada en Coahuila ratific\u00f3 la condena de 46 a\u00f1os de c\u00e1rcel para Jorge Alejandro Ugarte Hern\u00e1ndez.<\/p>\n\n\n\n<p>Este es el primer a\u00f1o en que Sandra conmemora el D\u00eda de Muertos con una sentencia en mano para Serymar. Pero el vac\u00edo y el dolor jam\u00e1s se acaba, aunque la justicie llegue.<\/p>\n\n\n\n<figure class=\"wp-block-image\" id=\"attachment_3671919\"><img decoding=\"async\" src=\"https:\/\/www.sinembargo.mx\/wp-content\/uploads\/2019\/11\/sandra-2.jpg?x25754\" alt=\"\" class=\"wp-image-3671919\"\/><figcaption class=\"wp-element-caption\">Serymar era una joven con ilusiones, que quer\u00eda sacar adelante a su hijo. Tras su asesinato, su hermana Sandra, emprendi\u00f3 una fuerte lucha para poder lograr la justicia. Foto: Sugeyry G\u00e1ndara, SinEmbargo<\/figcaption><\/figure>\n\n\n\n<p>La ratificaci\u00f3n de la sentencia ha sido para la ahora activista una victoria amarga \u201cporque nuestra p\u00e9rdida es irreparable\u201d. Tampoco ha sido el fin de la lucha puess adem\u00e1s de contar con una p\u00e1gina para visibilizar el feminicidio y la violencia, apoya y acompa\u00f1a a otras mujeres y familiares que han perdido a sus hijas, madres, hermanas a manos de un feminicida.<\/p>\n\n\n\n<p>Serymar Soto Az\u00faa era la menor de cinco hermanos. Madre soltera que trabajaba como estilista para sostener a su peque\u00f1o hijo y adquirir equipo para poner una est\u00e9tica en su casa. So\u00f1aba con poner su propio estudio de maquillaje.<\/p>\n\n\n\n<p>Sandra coloca en su casa un altar para su querida hermana Serymar. Ella siempre est\u00e1 en sus pensamientos, al igual que su peque\u00f1o sobrino, Romeo, que ahora est\u00e1 a cargo de sus abuelos maternos.<\/p>\n\n\n\n<p>Serymar \u201cera muy dulcera\u00bb, recuerda Sandra. Un refresco no podr\u00eda faltar en su ofrenda. Adem\u00e1s, gustaba de dulces con picante.<\/p>\n\n\n\n<figure class=\"wp-block-image\"><img decoding=\"async\" src=\"https:\/\/www.sinembargo.mx\/wp-content\/uploads\/2019\/11\/photo5035482695521642621.jpg?x25754\" alt=\"\" class=\"wp-image-3671931\"\/><figcaption class=\"wp-element-caption\">Este es el primer a\u00f1o en que Sandra llega al D\u00eda de Muertos con una sentencia en mano para Serymar. Pero el vac\u00edo y el dolor jam\u00e1s se acaba, aunque la justicie llegue. Foto: Sugeyry G\u00e1ndara, SinEmbargo<\/figcaption><\/figure>\n\n\n\n<p>Al igual que las dem\u00e1s familiares, Sandra ha prometido a su hermana velar por su hijo.<\/p>\n\n\n\n<p>No obstante, su inter\u00e9s no se cierra s\u00f3lo a su familia. Soto Az\u00faa ha pugnado no solo para visibilizar los feminicidios, sino tambi\u00e9n por los hu\u00e9rfanos, los y las hijas que se han quedado con una identidad quebrada.<\/p>\n\n\n\n<p>En el D\u00eda de los Muertos el objetivo de la activista es claro: redignificar la memoria de ellas.<\/p>\n\n\n\n<figure class=\"wp-block-image\" id=\"attachment_3671930\"><img decoding=\"async\" src=\"https:\/\/www.sinembargo.mx\/wp-content\/uploads\/2019\/11\/photo5035482695521642626.jpg?x25754\" alt=\"\" class=\"wp-image-3671930\"\/><figcaption class=\"wp-element-caption\">En su casa coloca un altar para su querida hermana Serymar. Ella siempre est\u00e1 en sus pensamientos, al igual que su peque\u00f1o sobrino, Rom\u00e1n. Sugeyry G\u00e1ndara, SinEmbargo<\/figcaption><\/figure>\n\n\n\n<p>Por segundo a\u00f1o consecutivo organiz\u00f3 y realiz\u00f3 la \u201cVelada para dignificar a nuestras desaparecidas y asesinadas\u201d, como parte del segundo encuentro de familiares de v\u00edctimas y hu\u00e9rfanos de feminicidio. En esta ocasi\u00f3n se ha logrado que cientos de familiares participen.<\/p>\n\n\n\n<p>Sandra Soto aclara \u201cno celebramos que est\u00e9n muertas, es una velada de redignificacion y pronta justicia\u201d.<\/p>\n\n\n\n<p>El Monumento a la Revoluci\u00f3n fue la sede en la que se colocaron decenas de fotograf\u00edas de mujeres asesinadas para recordarlas. Al lado de ellas cruces color rosa. Se trata de v\u00edctimas de diversos estados, desde Baja California, Coahuila, Ciudad de M\u00e9xico, Estado de M\u00e9xico, Nuevo Le\u00f3n, Puebla, Quer\u00e9taro, entre otros.<\/p>\n\n\n\n<p>\u201cDesde que me arrancaron a nuestras hijas, madres o hermanas, no somos las mismas. No nos culpes por no aceptar. No nos culpes por pedir Justicia. Nuestros corazones se quebraron y no logramos levantarlo, estamos perdidas, muertas en vidas\u201d, destaca el colectivo Los Machos Nos Matan en M\u00e9xico.<\/p>\n\n\n\n<blockquote class=\"wp-block-quote is-layout-flow wp-block-quote-is-layout-flow\"><\/blockquote>\n\n\n\n<p>Las familias de las v\u00edctimas lanzaron un llamado a las autoridades a brindar justicia, pero tambi\u00e9n a una reparaci\u00f3n integral del da\u00f1o. En tanto a la sociedad, clamaron por empat\u00eda y comprensi\u00f3n: \u201cpor favor comprende que mutilaron un trozo de nosotros, nuestros anhelos y fuerzas\u201d.<\/p>\n\n\n\n<figure class=\"wp-block-image\" id=\"attachment_3671934\"><img decoding=\"async\" src=\"https:\/\/www.sinembargo.mx\/wp-content\/uploads\/2019\/11\/serymar-altar.jpg?x25754\" alt=\"\" class=\"wp-image-3671934\"\/><figcaption class=\"wp-element-caption\">Serymar Soto Az\u00faa era la menor de cinco hermanos. Fue asesinada por su prometido, hoy al igual que miles es recordada por sus familiares. Foto: Sugeyry G\u00e1ndara, SinEmbargo<\/figcaption><\/figure>\n\n\n\n<figure class=\"wp-block-image\" id=\"attachment_3671970\"><img decoding=\"async\" src=\"https:\/\/www.sinembargo.mx\/wp-content\/uploads\/2019\/11\/revolutacion.jpg?x25754\" alt=\"\" class=\"wp-image-3671970\"\/><figcaption class=\"wp-element-caption\">El Monumento a la Revoluci\u00f3n fue la sede en la que se colocaron decenas de fotograf\u00edas de v\u00edctimas de feminicidio. Foto: @OCNF Observatorio Ciudadano Nacional del Feminicidio<\/figcaption><\/figure>\n\n\n\n<p>Fuente: sinembargo<\/p>\n","protected":false},"excerpt":{"rendered":"<p>Familiares de v\u00edctimas de feminicidio las recuerdan en el D\u00eda de Muertos bajo la promesa que cuidar\u00e1n a sus hijos y buscar\u00e1n justicia para ellas. Madres, hermanas, hermanos, t\u00edas y abuelitas de algunas v\u00edctimas de feminicidio colocaron ofrendas para sus queridas mujeres y permitieron a SinEmbargo que ese momento pudiera ser capturado para visibilizar la [&hellip;]<\/p>\n","protected":false},"author":2,"featured_media":142605,"comment_status":"open","ping_status":"open","sticky":false,"template":"","format":"standard","meta":{"footnotes":""},"categories":[59],"tags":[],"class_list":["post-142604","post","type-post","status-publish","format-standard","has-post-thumbnail","hentry","category-destacadas"],"_links":{"self":[{"href":"http:\/\/elcuartopoder.com.mx\/nw\/wp-json\/wp\/v2\/posts\/142604","targetHints":{"allow":["GET"]}}],"collection":[{"href":"http:\/\/elcuartopoder.com.mx\/nw\/wp-json\/wp\/v2\/posts"}],"about":[{"href":"http:\/\/elcuartopoder.com.mx\/nw\/wp-json\/wp\/v2\/types\/post"}],"author":[{"embeddable":true,"href":"http:\/\/elcuartopoder.com.mx\/nw\/wp-json\/wp\/v2\/users\/2"}],"replies":[{"embeddable":true,"href":"http:\/\/elcuartopoder.com.mx\/nw\/wp-json\/wp\/v2\/comments?post=142604"}],"version-history":[{"count":1,"href":"http:\/\/elcuartopoder.com.mx\/nw\/wp-json\/wp\/v2\/posts\/142604\/revisions"}],"predecessor-version":[{"id":142606,"href":"http:\/\/elcuartopoder.com.mx\/nw\/wp-json\/wp\/v2\/posts\/142604\/revisions\/142606"}],"wp:featuredmedia":[{"embeddable":true,"href":"http:\/\/elcuartopoder.com.mx\/nw\/wp-json\/wp\/v2\/media\/142605"}],"wp:attachment":[{"href":"http:\/\/elcuartopoder.com.mx\/nw\/wp-json\/wp\/v2\/media?parent=142604"}],"wp:term":[{"taxonomy":"category","embeddable":true,"href":"http:\/\/elcuartopoder.com.mx\/nw\/wp-json\/wp\/v2\/categories?post=142604"},{"taxonomy":"post_tag","embeddable":true,"href":"http:\/\/elcuartopoder.com.mx\/nw\/wp-json\/wp\/v2\/tags?post=142604"}],"curies":[{"name":"wp","href":"https:\/\/api.w.org\/{rel}","templated":true}]}}