{"id":142610,"date":"2025-07-28T08:40:59","date_gmt":"2025-07-28T13:40:59","guid":{"rendered":"https:\/\/elcuartopoder.com.mx\/nw\/?p=142610"},"modified":"2025-07-28T08:41:01","modified_gmt":"2025-07-28T13:41:01","slug":"1-720-muertos","status":"publish","type":"post","link":"http:\/\/elcuartopoder.com.mx\/nw\/politica\/1-720-muertos\/","title":{"rendered":"1, 720 muertos"},"content":{"rendered":"\n<p><strong>Ah\u00ed est\u00e1n las cifras positivas de Harfuch \u2026 pero insuficientes por el balance de mil 720 homicidios dolosos, mil 701 levantones, seis mil 015 veh\u00edculos robados, 17 mil 300 empleos perdidos, mil 200 negocios cerrados y, algo cada vez m\u00e1s visible, ese miedo que manifiesta en el 90 por ciento de los culiacanenses y el 75.5 por ciento de los mazatlecos (INEGI, dixit).\u00a0\u00a0<\/strong><\/p>\n\n\n\n<p>Ayer, s\u00ed, el 25 de julio, seguramente ser\u00e1 inolvidable para la mayor\u00eda de los sinaloenses porque se cumple un a\u00f1o del secuestro de Ismael \u00abEl Mayo\u00bb Zambada y el asesinato de H\u00e9ctor Melesio Cu\u00e9n Ojeda, Diputado federal y dirigente del Partido Sinaloense; por todo lo vivido y perdido en esos 365 d\u00edas.&nbsp;<\/p>\n\n\n\n<p>Recordemos, luego de los yerros de la fiscal\u00eda local, la federal, atrajo el caso y \u00e9sta, sigue tener una versi\u00f3n definitiva de lo sucedido en el coto Huertos del Pedregal como lo exhibe la explicaci\u00f3n de Gertz Manero de hace unos meses cuando se\u00f1al\u00f3 que la culpa la ten\u00eda un Juez federal de Culiac\u00e1n porque no consideraba suficientes las pruebas aportadas.&nbsp;<\/p>\n\n\n\n<p>El argumento da mala espina, sea por la FGR o por el Poder Judicial, cuando el tema ha sido medi\u00e1tico por la guerra que sostienen las principales facciones del C\u00e1rtel de Sinaloa y donde la metralla no parece tener fecha de t\u00e9rmino, con los da\u00f1os humanos y econ\u00f3micos con cada d\u00eda que pasa.<\/p>\n\n\n\n<p>Desde entonces han sido 365 d\u00edas infernales que vinieron a trastocar completamente la vida social y p\u00fablica del estado de Sinaloa y, con especial \u00e9nfasis, del municipio de Culiac\u00e1n, que hasta el d\u00eda de hoy sigue siendo escenario de batallas cotidianas.&nbsp;<\/p>\n\n\n\n<p>Est\u00e1n al d\u00eda los homicidios, levantones, feminicidios, infanticidios, robos, decomisos, confiscaciones y una huida a cuentagotas de quienes pueden salir de esa atm\u00f3sfera t\u00f3xica para ir a vivir a regiones m\u00e1s seguras.<\/p>\n\n\n\n<p>En este contexto de crisis Omar Garc\u00eda Harfuch juzg\u00f3 oportuno regresar a Culiac\u00e1n para informar sobre el logro con el ir y venir de las tropas federales. Lleg\u00f3 el pasado 20 de julio con el objetivo de ofrecer los saldos de lo alcanzado con su estrategia de seguridad donde, por cierto, llam\u00f3 la atenci\u00f3n que no estuviera acompa\u00f1ado por el Gobernador Rub\u00e9n Rocha Moya, lo que reedit\u00f3 rumores de un distanciamiento entre la Federaci\u00f3n y el Gobierno estatal o, quiz\u00e1, en las altas esferas de seguridad federal consideraron que su presencia restaba credibilidad al informe y antes que ayudar con su presencia, perjudicaba la percepci\u00f3n sobre las tareas de contenci\u00f3n y pacificaci\u00f3n.<\/p>\n\n\n\n<p>Garc\u00eda Harfuch, les dijo a los sinaloenses, que, con la acci\u00f3n de las fuerzas federales se ha logrado la detenci\u00f3n de mil 487 personas en el estado; tambi\u00e9n, que fueron decomisadas tres mil 003 armas de fuego, que representan el 20 por ciento de las aseguradas a nivel nacional; que se desmantelaron 91 laboratorios destinados a la producci\u00f3n de metanfetaminas; y 51 toneladas de droga aseguradas, incluyendo una correspondiente a un mill\u00f3n de pastillas de fentanilo que ha tenido un efecto directo en las finanzas de las facciones del C\u00e1rtel sinaloense.<\/p>\n\n\n\n<p>Pero, hay cosas que no dijo, y que subyace a este informe, el cambio de 180 grados de la \u201cestrategia\u201d de seguridad de \u201cabrazos y no balazos\u201d por otra proactiva contra los grupos criminales. Y tambi\u00e9n la toma de distancia de las mentiras que esgrimi\u00f3 impunemente el expresidente L\u00f3pez Obrador sobre la producci\u00f3n y tr\u00e1fico de fentanilo y que est\u00e1n cada d\u00eda m\u00e1s exhibidas lo que justifica parad\u00f3jicamente la nueva estrategia de seguridad de \u201cgolpe a golpe\u201d emparentada operativamente con la practicada durante el Gobierno de Felipe Calder\u00f3n, incluso, al menos en Tabasco, ya est\u00e1 documentado el primer Garcia Luna del Gobierno de la 4T.&nbsp;<\/p>\n\n\n\n<p>Uno de los pilares de la narrativa del l\u00edder moral de Morena para alcanzar y refrendar la Presidencia de la Rep\u00fablica.&nbsp;<\/p>\n\n\n\n<p>Y c\u00f3mo no va a ser as\u00ed la narrativa, si las instituciones y los actores del sistema de seguridad, son los mismos, y la \u00fanica diferencia con la llamada \u201cguerra contra el narco\u201d, es el factor estadounidense que presiona constantemente para lograr m\u00e1s en materia de migraci\u00f3n, comercio y combate a la producci\u00f3n y tr\u00e1fico de fentanilo.&nbsp;<\/p>\n\n\n\n<p>Esa factor no estaba en el esquema sucesorio program\u00e1tico AMLO-Sheinbaum y llev\u00f3 a la creencia equivocada de que la relaci\u00f3n con Trump II ser\u00eda con peque\u00f1as diferencias la que AMLO sostuvo Trump I, qui\u00e9n, recordemos como mero apunte, que despu\u00e9s de la estrategia de \u201ctercer pa\u00eds\u201d en materia de migraci\u00f3n AMLO fue recibido por Trump en la Casa Blanca el 8 de julio de 2020 con una expresi\u00f3n de gozo: \u201ces tremendo placer, dijo Trump, darle la bienvenida a la Casa Blanca a mi amigo Andr\u00e9s Manuel L\u00f3pez Obrador\u201d. \u00bfC\u00f3mo no?, M\u00e9xico hab\u00eda resuelto un problema al vecino y el pa\u00eds lo asum\u00eda como propio congestionando las ciudades fronterizas de caribe\u00f1os, centro y sudamericanos.<\/p>\n\n\n\n<p>Y esto ha continuado con Sheinbaum, sin embargo, hasta el d\u00eda de hoy Claudia Sheinbaum no ha recibido la cortes\u00eda de una entrevista cara a cara con el Presidente Trump como ya sucedi\u00f3 con el Primer Ministro de Canad\u00e1 y, en el mejor de los casos, los intercambios verbales entre ambos ejecutivos han sido telef\u00f3nicos, todos ellos calificados por nuestra Presidenta como \u201cmuy buenos\u201d en un \u201cmarco de respeto a la soberan\u00eda\u201d.&nbsp;<\/p>\n\n\n\n<p>Estos desplantes ret\u00f3ricos indican que para la Administraci\u00f3n Trump las formas son dise\u00f1adas y operadas cuidadosamente para obtener m\u00e1s beneficios en materia de migraci\u00f3n y seguridad, cuando no es de abierta presi\u00f3n a trav\u00e9s de la puesta en operaci\u00f3n de la estrategia de los aranceles que los veremos con toda contundencia a partir del 1 de agosto, si no sucede una reversa t\u00e1ctica.<\/p>\n\n\n\n<p>En definitiva, mientras las conversaciones telef\u00f3nicas entre ambos mandatarios son \u201cmuy buenas\u201d, y lo mismo cuando llegan y se van de Palacio Nacional mensajeros de la Casa Blanca, la situaci\u00f3n en Sinaloa empeora, como en muchas otros estados del pa\u00eds. Ah\u00ed est\u00e1n las cifras positivas de Harfuch \u2026 pero, insuficientes, por el balance de mil 720 homicidios dolosos, mil 701 levantones, seis mil 015 veh\u00edculos robados, 17 mil 300 empleos perdidos, mil 200 negocios cerrados y, algo cada vez visible, ese miedo que manifiesta en el 90 por ciento de los culiacanenses y el 75.5 por ciento de los mazatlecos (INEGI,&nbsp;<em>dixit<\/em>).&nbsp;&nbsp;<\/p>\n\n\n\n<p>Este balance tr\u00e1gico me recuerda la lectura de la novela hist\u00f3rica&nbsp;<em>35 muertos<\/em>&nbsp;del colombiano Sergio \u00c1lvarez, quien, en esa obra testimonial da cuenta de un recorrido de tres a\u00f1os por la Colombia profunda y de los actores que la volvieron un infierno.&nbsp;<\/p>\n\n\n\n<p>Y es que cada vez nos parecemos m\u00e1s o superamos a la tierra que vio nacer a Garc\u00eda M\u00e1rquez mientras nuestra historia est\u00e1 esperando un escritor comprometido.&nbsp;<\/p>\n\n\n\n<p>Y termino pregunt\u00e1ndome este 25 de julio \u00bfsobre qu\u00e9 historias escriben los escritores sinaloenses?<\/p>\n\n\n\n<p>Fuente: sinembargo<\/p>\n","protected":false},"excerpt":{"rendered":"<p>Ah\u00ed est\u00e1n las cifras positivas de Harfuch \u2026 pero insuficientes por el balance de mil 720 homicidios dolosos, mil 701 levantones, seis mil 015 veh\u00edculos robados, 17 mil 300 empleos perdidos, mil 200 negocios cerrados y, algo cada vez m\u00e1s visible, ese miedo que manifiesta en el 90 por ciento de los culiacanenses y el [&hellip;]<\/p>\n","protected":false},"author":2,"featured_media":142611,"comment_status":"open","ping_status":"open","sticky":false,"template":"","format":"standard","meta":{"footnotes":""},"categories":[61],"tags":[],"class_list":["post-142610","post","type-post","status-publish","format-standard","has-post-thumbnail","hentry","category-politica"],"_links":{"self":[{"href":"http:\/\/elcuartopoder.com.mx\/nw\/wp-json\/wp\/v2\/posts\/142610","targetHints":{"allow":["GET"]}}],"collection":[{"href":"http:\/\/elcuartopoder.com.mx\/nw\/wp-json\/wp\/v2\/posts"}],"about":[{"href":"http:\/\/elcuartopoder.com.mx\/nw\/wp-json\/wp\/v2\/types\/post"}],"author":[{"embeddable":true,"href":"http:\/\/elcuartopoder.com.mx\/nw\/wp-json\/wp\/v2\/users\/2"}],"replies":[{"embeddable":true,"href":"http:\/\/elcuartopoder.com.mx\/nw\/wp-json\/wp\/v2\/comments?post=142610"}],"version-history":[{"count":1,"href":"http:\/\/elcuartopoder.com.mx\/nw\/wp-json\/wp\/v2\/posts\/142610\/revisions"}],"predecessor-version":[{"id":142612,"href":"http:\/\/elcuartopoder.com.mx\/nw\/wp-json\/wp\/v2\/posts\/142610\/revisions\/142612"}],"wp:featuredmedia":[{"embeddable":true,"href":"http:\/\/elcuartopoder.com.mx\/nw\/wp-json\/wp\/v2\/media\/142611"}],"wp:attachment":[{"href":"http:\/\/elcuartopoder.com.mx\/nw\/wp-json\/wp\/v2\/media?parent=142610"}],"wp:term":[{"taxonomy":"category","embeddable":true,"href":"http:\/\/elcuartopoder.com.mx\/nw\/wp-json\/wp\/v2\/categories?post=142610"},{"taxonomy":"post_tag","embeddable":true,"href":"http:\/\/elcuartopoder.com.mx\/nw\/wp-json\/wp\/v2\/tags?post=142610"}],"curies":[{"name":"wp","href":"https:\/\/api.w.org\/{rel}","templated":true}]}}