{"id":142613,"date":"2025-07-28T08:43:00","date_gmt":"2025-07-28T13:43:00","guid":{"rendered":"https:\/\/elcuartopoder.com.mx\/nw\/?p=142613"},"modified":"2025-07-28T08:43:02","modified_gmt":"2025-07-28T13:43:02","slug":"eu-y-ue-llegan-a-acuerdo","status":"publish","type":"post","link":"http:\/\/elcuartopoder.com.mx\/nw\/internacionales\/eu-y-ue-llegan-a-acuerdo\/","title":{"rendered":"EU y UE llegan a acuerdo"},"content":{"rendered":"\n<h1 class=\"wp-block-heading\">Trump pondr\u00e1 arancel de 15% a productos europeos; Von der Leyen le promete inversi\u00f3n<\/h1>\n\n\n\n<h2 class=\"wp-block-heading\"><strong>Trump introdujo un arancel del 15 por ciento y comprometi\u00f3 a la UE a nuevas inversiones, compras de energ\u00eda y armamento. Von der Leyen celebr\u00f3 el acuerdo que aporta \u00abcerteza\u00bb en \u00abtiempos turbulentos\u00bb para el mercado de consumidores europeos.<\/strong><\/h2>\n\n\n\n<p>BRUSELAS, 27 Jul. (EUROPA PRESS).- La presidenta de la\u00a0<strong>Comisi\u00f3n Europea<\/strong>,\u00a0<strong>Ursula von der Leyen<\/strong>, y el\u00a0<strong>Presidente de Estados Unidos (EU)<\/strong>,\u00a0<strong>Donald Trump<\/strong>, han alcanzado este domingo un\u00a0<strong>acuerdo<\/strong>\u00a0para resolver su disputa comercial sobre el aumento de\u00a0<strong>aranceles<\/strong>, con el establecimiento de\u00a0<strong>grav\u00e1menes<\/strong>\u00a0del 15 por ciento para productos europeos y el compromiso del bloque de ese continente a realizar inversiones adicionales, as\u00ed como adquisiciones de energ\u00eda y armamento.<\/p>\n\n\n\n<p>El&nbsp;<strong>Presidente estadounidense<\/strong>&nbsp;ha concretado que el&nbsp;<strong>acuerdo<\/strong>&nbsp;incluye un&nbsp;<strong>arancel<\/strong>&nbsp;del 15 por ciento sobre los bienes de la&nbsp;<strong>Uni\u00f3n Europea (UE)<\/strong>&nbsp;que entran a&nbsp;<strong>Estados Unidos<\/strong>.&nbsp;<strong>Bruselas<\/strong>&nbsp;efectuar\u00e1 compras de energ\u00eda a&nbsp;<strong>EU<\/strong>&nbsp;por valor de 750 mil millones de d\u00f3lares (638 mil millones de euros), inversiones por valor de 600 mil millones de d\u00f3lares (510 mil millones de euros) y la adquisici\u00f3n de una \u00abenorme\u00bb cantidad de equipo militar norteamericano. El mandatario no concret\u00f3 este \u00faltimo aspecto.<\/p>\n\n\n\n<p>Von der Leyen ha confirmado posteriormente este arancel \u00ab\u00fanico\u00bb del 15 por ciento para \u00abla gran mayor\u00eda de las exportaciones de la UE\u00bb, como autom\u00f3viles, los semiconductores y los productos farmac\u00e9uticos. \u00abEste 15 por ciento es un l\u00edmite m\u00e1ximo claro, por lo que no hay acumulaci\u00f3n de aranceles\u00bb, ha indicado.<\/p>\n\n\n\n<p>La presidenta de la Comisi\u00f3n Europea ha dado a conocer que tambi\u00e9n ha acordado con Estados Unidos \u00abaranceles cero por cero\u00bb en otros \u00e1mbitos: aeron\u00e1utica, ciertos productos qu\u00edmicos, ciertos gen\u00e9ricos, equipos de semiconductores, ciertos productos agr\u00edcolas, recursos naturales y materias primas esenciales.<\/p>\n\n\n\n<p>Sobre las compras de energ\u00eda, Von der Leyen ha defendido que las adquisiciones servir\u00e1n para \u00abdiversificar las fuentes de suministro y para contribuir a la seguridad energ\u00e9tica de Europa\u00bb comprometida por la guerra de Ucrania.<\/p>\n\n\n\n<p>\u00abSustituiremos el gas y el petr\u00f3leo rusos por compras significativas de gas licuado y combustible nuclear estadounidense\u00bb, ha asegurado Von der Leyen.<\/p>\n\n\n\n<blockquote class=\"wp-block-quote is-layout-flow wp-block-quote-is-layout-flow\"><\/blockquote>\n\n\n\n<p>El acuerdo pactado en Turnberry (Escocia) salva a Europa de la amenaza del mandatario estadounidense, quien dio a Bruselas hasta el 1 de agosto como plazo m\u00e1ximo, o de lo contrario impondr\u00eda un 30 por ciento de aranceles generalizados sobre las producciones europeas a partir de ese momento.<\/p>\n\n\n\n<p>Cabe recordar que, desde el pasado abril, Estados Unidos impone a las exportaciones europeas un arancel m\u00ednimo del 10 por ciento, que en un primer momento anunci\u00f3 del 20 por ciento, pero redujo a la mitad como un gesto de \u00abtregua\u00bb para negociar un acuerdo con la UE.<\/p>\n\n\n\n<p>En t\u00e9rminos generales, Von der Leyen ha valorado que este acuerdo ha sido cerrado pensando, por encima de todo, en un mercado europeo de 450 millones de consumidores, que es \u00abel mayor activo y un puerto seguro\u00bb para la Uni\u00f3n Europea \u00abespecialmente en tiempos turbulentos\u00bb.<\/p>\n\n\n\n<p>\u00abEl acuerdo de hoy genera certidumbre en tiempos de incertidumbre. Ofrece estabilidad y previsibilidad para los ciudadanos y las empresas de ambas orillas del Atl\u00e1ntico\u00bb, ha sostenido la presidenta de la Comisi\u00f3n Europea.<\/p>\n\n\n\n<blockquote class=\"wp-block-quote is-layout-flow wp-block-quote-is-layout-flow\"><\/blockquote>\n\n\n\n<p>Fuente: sinembargo<\/p>\n","protected":false},"excerpt":{"rendered":"<p>Trump pondr\u00e1 arancel de 15% a productos europeos; Von der Leyen le promete inversi\u00f3n Trump introdujo un arancel del 15 por ciento y comprometi\u00f3 a la UE a nuevas inversiones, compras de energ\u00eda y armamento. Von der Leyen celebr\u00f3 el acuerdo que aporta \u00abcerteza\u00bb en \u00abtiempos turbulentos\u00bb para el mercado de consumidores europeos. BRUSELAS, 27 [&hellip;]<\/p>\n","protected":false},"author":2,"featured_media":142614,"comment_status":"open","ping_status":"open","sticky":false,"template":"","format":"standard","meta":{"footnotes":""},"categories":[8],"tags":[],"class_list":["post-142613","post","type-post","status-publish","format-standard","has-post-thumbnail","hentry","category-internacionales"],"_links":{"self":[{"href":"http:\/\/elcuartopoder.com.mx\/nw\/wp-json\/wp\/v2\/posts\/142613","targetHints":{"allow":["GET"]}}],"collection":[{"href":"http:\/\/elcuartopoder.com.mx\/nw\/wp-json\/wp\/v2\/posts"}],"about":[{"href":"http:\/\/elcuartopoder.com.mx\/nw\/wp-json\/wp\/v2\/types\/post"}],"author":[{"embeddable":true,"href":"http:\/\/elcuartopoder.com.mx\/nw\/wp-json\/wp\/v2\/users\/2"}],"replies":[{"embeddable":true,"href":"http:\/\/elcuartopoder.com.mx\/nw\/wp-json\/wp\/v2\/comments?post=142613"}],"version-history":[{"count":1,"href":"http:\/\/elcuartopoder.com.mx\/nw\/wp-json\/wp\/v2\/posts\/142613\/revisions"}],"predecessor-version":[{"id":142615,"href":"http:\/\/elcuartopoder.com.mx\/nw\/wp-json\/wp\/v2\/posts\/142613\/revisions\/142615"}],"wp:featuredmedia":[{"embeddable":true,"href":"http:\/\/elcuartopoder.com.mx\/nw\/wp-json\/wp\/v2\/media\/142614"}],"wp:attachment":[{"href":"http:\/\/elcuartopoder.com.mx\/nw\/wp-json\/wp\/v2\/media?parent=142613"}],"wp:term":[{"taxonomy":"category","embeddable":true,"href":"http:\/\/elcuartopoder.com.mx\/nw\/wp-json\/wp\/v2\/categories?post=142613"},{"taxonomy":"post_tag","embeddable":true,"href":"http:\/\/elcuartopoder.com.mx\/nw\/wp-json\/wp\/v2\/tags?post=142613"}],"curies":[{"name":"wp","href":"https:\/\/api.w.org\/{rel}","templated":true}]}}