{"id":142637,"date":"2025-07-28T13:59:57","date_gmt":"2025-07-28T18:59:57","guid":{"rendered":"https:\/\/elcuartopoder.com.mx\/nw\/?p=142637"},"modified":"2025-07-28T13:59:59","modified_gmt":"2025-07-28T18:59:59","slug":"cancun-barre-con-decenas-de-anuncios-espectaculares","status":"publish","type":"post","link":"http:\/\/elcuartopoder.com.mx\/nw\/municipales\/cancun-barre-con-decenas-de-anuncios-espectaculares\/","title":{"rendered":"Canc\u00fan \u201cbarre\u201d con decenas de anuncios espectaculares"},"content":{"rendered":"\n<p>En lo que va de la administraci\u00f3n, se han retirado 48 anuncios espectaculares en Canc\u00fan, principalmente por falta de permisos e imagen urbana.<\/p>\n\n\n\n<p>Al menos&nbsp;<strong>48 anuncios espectaculares han sido retirados de varias calles de Canc\u00fan<\/strong>, el \u00faltimo apenas el pasado 24 de julio.<\/p>\n\n\n\n<p>Margarita Concepci\u00f3n Jim\u00e9nez Bonifaz, directora de Imagen Urbana y V\u00eda P\u00fablica del municipio de Benito Ju\u00e1rez, dijo que este balance es en lo que va la administraci\u00f3n.<\/p>\n\n\n\n<p>El \u00faltimo fue el pasado 24 de julio, cuando se retir\u00f3 una estructura que se encontraba ubicada sobre la avenida Chac Mool y la calle 44, en la Regi\u00f3n 100.<\/p>\n\n\n\n<p>Detall\u00f3 que en el retiro de este anuncio espectacular participaron elementos de las direcciones generales Protecci\u00f3n Civil, de Imagen Urbana y V\u00eda P\u00fablica, as\u00ed como de la Secretar\u00eda de Seguridad Ciudadana y Tr\u00e1nsito municipal, quienes realizaron un cerco que permita salvaguardar la integridad de las personas mientras la gr\u00faa desmontaba dicha estructura.<\/p>\n\n\n\n<h2 class=\"wp-block-heading\">\u00bfPor qu\u00e9 se retiran los anuncios espectaculares en Canc\u00fan?<\/h2>\n\n\n\n<p>Del balance total, 23 anuncios espectaculares retirados estaban en distintas zonas de la ciudad y uno m\u00e1s en la zona hotelera; los otros 25 se encontraban sobre el boulevard Luis Donaldo Colosio.<\/p>\n\n\n\n<p>Entre las&nbsp;<strong>causas para el retiro de estas estructuras promocionales<\/strong>&nbsp;se encuentran<\/p>\n\n\n\n<ul class=\"wp-block-list\">\n<li>mejorar la imagen urbana, pues hab\u00eda zonas saturadas;\u00a0\u00a0<\/li>\n\n\n\n<li>falta de los permisos, y<\/li>\n\n\n\n<li>por el mal estado en el que estaban, representando riesgo para la poblaci\u00f3n.<\/li>\n<\/ul>\n\n\n\n<p>Ana Patricia Peralta de la Pe\u00f1a, presidenta municipal de Benito Ju\u00e1rez, dijo que el retiro de anuncios espectaculares se da dentro de los&nbsp;<strong>operativos del programa de limpieza de la imagen urbana<\/strong>.<\/p>\n\n\n\n<p><em>\u201cEse operativo, que es de imagen urbana, se lleva a cabo de manera constante. Todo el tiempo estamos revisando tanto estructuras, como tambi\u00e9n cualquier tipo de espectacular que no cumpla con los permisos, que est\u00e9n sobre v\u00eda p\u00fablica, que est\u00e9n en alg\u00fan predio privado, tienen que contar con los permisos\u201d.<\/em><\/p>\n\n\n\n<p>Tanto la alcaldesa como la directora de Imagen Urbana, afirmaron que los operativos de este programa continuar\u00e1n porque se busca garantizar la seguridad a trav\u00e9s de la revisi\u00f3n de estas estructuras y en caso de ser necesario, su retiro.<\/p>\n\n\n\n<p>Fuente: SIPSE<\/p>\n","protected":false},"excerpt":{"rendered":"<p>En lo que va de la administraci\u00f3n, se han retirado 48 anuncios espectaculares en Canc\u00fan, principalmente por falta de permisos e imagen urbana. Al menos&nbsp;48 anuncios espectaculares han sido retirados de varias calles de Canc\u00fan, el \u00faltimo apenas el pasado 24 de julio. Margarita Concepci\u00f3n Jim\u00e9nez Bonifaz, directora de Imagen Urbana y V\u00eda P\u00fablica del [&hellip;]<\/p>\n","protected":false},"author":2,"featured_media":142638,"comment_status":"open","ping_status":"open","sticky":false,"template":"","format":"standard","meta":{"footnotes":""},"categories":[6],"tags":[],"class_list":["post-142637","post","type-post","status-publish","format-standard","has-post-thumbnail","hentry","category-municipales"],"_links":{"self":[{"href":"http:\/\/elcuartopoder.com.mx\/nw\/wp-json\/wp\/v2\/posts\/142637","targetHints":{"allow":["GET"]}}],"collection":[{"href":"http:\/\/elcuartopoder.com.mx\/nw\/wp-json\/wp\/v2\/posts"}],"about":[{"href":"http:\/\/elcuartopoder.com.mx\/nw\/wp-json\/wp\/v2\/types\/post"}],"author":[{"embeddable":true,"href":"http:\/\/elcuartopoder.com.mx\/nw\/wp-json\/wp\/v2\/users\/2"}],"replies":[{"embeddable":true,"href":"http:\/\/elcuartopoder.com.mx\/nw\/wp-json\/wp\/v2\/comments?post=142637"}],"version-history":[{"count":1,"href":"http:\/\/elcuartopoder.com.mx\/nw\/wp-json\/wp\/v2\/posts\/142637\/revisions"}],"predecessor-version":[{"id":142639,"href":"http:\/\/elcuartopoder.com.mx\/nw\/wp-json\/wp\/v2\/posts\/142637\/revisions\/142639"}],"wp:featuredmedia":[{"embeddable":true,"href":"http:\/\/elcuartopoder.com.mx\/nw\/wp-json\/wp\/v2\/media\/142638"}],"wp:attachment":[{"href":"http:\/\/elcuartopoder.com.mx\/nw\/wp-json\/wp\/v2\/media?parent=142637"}],"wp:term":[{"taxonomy":"category","embeddable":true,"href":"http:\/\/elcuartopoder.com.mx\/nw\/wp-json\/wp\/v2\/categories?post=142637"},{"taxonomy":"post_tag","embeddable":true,"href":"http:\/\/elcuartopoder.com.mx\/nw\/wp-json\/wp\/v2\/tags?post=142637"}],"curies":[{"name":"wp","href":"https:\/\/api.w.org\/{rel}","templated":true}]}}