{"id":142695,"date":"2025-07-29T06:41:32","date_gmt":"2025-07-29T11:41:32","guid":{"rendered":"https:\/\/elcuartopoder.com.mx\/nw\/?p=142695"},"modified":"2025-07-29T06:41:34","modified_gmt":"2025-07-29T11:41:34","slug":"revelan-que-la-virgen-de-izamal-aparece-en-los-libros-del-chilam-balam","status":"publish","type":"post","link":"http:\/\/elcuartopoder.com.mx\/nw\/varios\/revelan-que-la-virgen-de-izamal-aparece-en-los-libros-del-chilam-balam\/","title":{"rendered":"Revelan que la Virgen de Izamal aparece en los libros del Chilam Balam"},"content":{"rendered":"\n<p>Investigadora de la UNAM dio a conocer que&nbsp;la Virgen de Izamal aparece representada en los libros mayas del Chilam Balam, asociada con registros de&nbsp;eclipses.<\/p>\n\n\n\n<p>En un fascinante hallazgo que revela la profundidad del sincretismo religioso y cultural entre el mundo prehisp\u00e1nico y el catolicismo, la investigadora Florencia Scandar, del Instituto de Investigaciones Est\u00e9ticas de la<strong>&nbsp;Universidad Nacional Aut\u00f3noma de M\u00e9xico<\/strong>&nbsp;(UNAM), dio a conocer que&nbsp;la&nbsp;<strong>Virgen de Izamal<\/strong>&nbsp;aparece representada en los libros mayas del&nbsp;<strong>Chilam Balam<\/strong>, asociada con registros de&nbsp;eclipses.<\/p>\n\n\n\n<p>La especialista explic\u00f3 que esta imagen, con inspiraci\u00f3n claramente europea, personifica a la Luna como la Virgen de Izamal, en una estrategia que permiti\u00f3 a los mayas coloniales fusionar sus antiguas creencias con los nuevos&nbsp;s\u00edmbolos del cristianismo.<\/p>\n\n\n\n<p>\u201c<em>Es un acto evidente de sincretismo, un proceso de&nbsp;adaptaci\u00f3n cultural mediante el cual las antiguas cosmovisiones mesoamericanas se entrelazaron con el catolicismo impuesto<\/em>\u201d, se\u00f1al\u00f3 Scandar.<\/p>\n\n\n\n<p>Una de las revelaciones m\u00e1s impactantes del estudio es la imagen hallada en la p\u00e1gina 16 del Chilam Balam de Chumayel, donde se representan un eclipse solar y otro lunar. Las glosas marginales explican de forma detallada el proceso f\u00edsico del fen\u00f3meno. Sin embargo, lo llamativo es que la Luna aparece ilustrada como la Virgen de Izamal, lo que muestra la adopci\u00f3n de una figura central del catolicismo local en el marco de una explicaci\u00f3n astron\u00f3mica.<\/p>\n\n\n\n<p>El an\u00e1lisis forma parte del proyecto acad\u00e9mico\u00a0\u201cIconotextualidad en el universo cultural de los libros del Chilam Balam, una aproximaci\u00f3n intermedial a los fragmentos de tem\u00e1tica astron\u00f3mica en la convergencia de dos tradiciones\u201d, donde la universitaria analiza manuscritos escritos en maya yucateco con caracteres latinos, que\u00a0datan de los siglos XVIII y XIX, pero conservan conocimientos e ideas del siglo XVI.<\/p>\n\n\n\n<p><img loading=\"lazy\" decoding=\"async\" width=\"150\" height=\"200\" class=\"wp-image-142696\" style=\"width: 150px;\" src=\"http:\/\/elcuartopoder.com.mx\/nw\/wp-content\/uploads\/2025\/07\/1753737967088.png\" alt=\"\" srcset=\"http:\/\/elcuartopoder.com.mx\/nw\/wp-content\/uploads\/2025\/07\/1753737967088.png 375w, http:\/\/elcuartopoder.com.mx\/nw\/wp-content\/uploads\/2025\/07\/1753737967088-225x300.png 225w\" sizes=\"auto, (max-width: 150px) 100vw, 150px\" \/><a href=\"https:\/\/images.sipse.com\/Aj1oNfQRYlVaThnQBZ1FWdpUS6U=\/fit-in\/900x500\/2025\/07\/28\/1753737967088.jpg\"><\/a><\/p>\n\n\n\n<p>La Virgen de Izamal<\/p>\n\n\n\n<h1 class=\"wp-block-heading\">Los secretos del Chilam Balam&nbsp;<\/h1>\n\n\n\n<p>Florencia Scandar, doctora en Historia de Am\u00e9rica por la Universidad Complutense de Madrid, subraya que en ellos se aprecia c\u00f3mo los pueblos ind\u00edgenas seleccionaron lo&nbsp;que consideraron \u00fatil de la tradici\u00f3n europea para integrarlo a su propia visi\u00f3n del mundo.<\/p>\n\n\n\n<p>En el caso de los eclipses, fen\u00f3menos que ya eran registrados y temidos en la \u00e9poca prehisp\u00e1nica \u2014 al ser interpretados como ataques de seres sobrenaturales al Sol o a la Luna\u2014, los mayas coloniales encontraron en la ciencia europea una nueva forma de explicarlos, sin abandonar por completo sus ideas ancestrales.<\/p>\n\n\n\n<p>Tres de estos c\u00f3dices, el Chilam Balam de Chumayel, el de Ixil y el de Kaua, contienen cap\u00edtulos dedicados a los eclipses. En ellos se describen tanto las creencias tradicionales (como la \u201cmordida\u201d del astro por un ente invisible), como la explicaci\u00f3n astron\u00f3mica europea basada en la alineaci\u00f3n entre la Tierra, la Luna y el Sol.<\/p>\n\n\n\n<p>La ilustraci\u00f3n hallada de la Virgen de Izamal en los c\u00f3dices, es notablemente parecida a la contenida en la Spherae Mundi de Gin\u00e9s de Rocamora y Torrano, un tratado europeo sobre astronom\u00eda.&nbsp;<br><\/p>\n\n\n\n<figure class=\"wp-block-image\"><a href=\"https:\/\/images.sipse.com\/38qUPmLrGggbkyyVQVBAwkX-8nc=\/fit-in\/900x500\/2025\/07\/28\/1753738009646.jpeg\"><img decoding=\"async\" src=\"https:\/\/images.sipse.com\/-v2yYR67pGq-YdLzxqOLXTvPq9Y=\/fit-in\/580x500\/2025\/07\/28\/1753738009646.jpeg\" alt=\"x\"\/><\/a><\/figure>\n\n\n\n<p>Fuente: SIPSE<\/p>\n","protected":false},"excerpt":{"rendered":"<p>Investigadora de la UNAM dio a conocer que&nbsp;la Virgen de Izamal aparece representada en los libros mayas del Chilam Balam, asociada con registros de&nbsp;eclipses. En un fascinante hallazgo que revela la profundidad del sincretismo religioso y cultural entre el mundo prehisp\u00e1nico y el catolicismo, la investigadora Florencia Scandar, del Instituto de Investigaciones Est\u00e9ticas de la&nbsp;Universidad [&hellip;]<\/p>\n","protected":false},"author":2,"featured_media":142697,"comment_status":"open","ping_status":"open","sticky":false,"template":"","format":"standard","meta":{"footnotes":""},"categories":[64],"tags":[],"class_list":["post-142695","post","type-post","status-publish","format-standard","has-post-thumbnail","hentry","category-varios"],"_links":{"self":[{"href":"http:\/\/elcuartopoder.com.mx\/nw\/wp-json\/wp\/v2\/posts\/142695","targetHints":{"allow":["GET"]}}],"collection":[{"href":"http:\/\/elcuartopoder.com.mx\/nw\/wp-json\/wp\/v2\/posts"}],"about":[{"href":"http:\/\/elcuartopoder.com.mx\/nw\/wp-json\/wp\/v2\/types\/post"}],"author":[{"embeddable":true,"href":"http:\/\/elcuartopoder.com.mx\/nw\/wp-json\/wp\/v2\/users\/2"}],"replies":[{"embeddable":true,"href":"http:\/\/elcuartopoder.com.mx\/nw\/wp-json\/wp\/v2\/comments?post=142695"}],"version-history":[{"count":1,"href":"http:\/\/elcuartopoder.com.mx\/nw\/wp-json\/wp\/v2\/posts\/142695\/revisions"}],"predecessor-version":[{"id":142698,"href":"http:\/\/elcuartopoder.com.mx\/nw\/wp-json\/wp\/v2\/posts\/142695\/revisions\/142698"}],"wp:featuredmedia":[{"embeddable":true,"href":"http:\/\/elcuartopoder.com.mx\/nw\/wp-json\/wp\/v2\/media\/142697"}],"wp:attachment":[{"href":"http:\/\/elcuartopoder.com.mx\/nw\/wp-json\/wp\/v2\/media?parent=142695"}],"wp:term":[{"taxonomy":"category","embeddable":true,"href":"http:\/\/elcuartopoder.com.mx\/nw\/wp-json\/wp\/v2\/categories?post=142695"},{"taxonomy":"post_tag","embeddable":true,"href":"http:\/\/elcuartopoder.com.mx\/nw\/wp-json\/wp\/v2\/tags?post=142695"}],"curies":[{"name":"wp","href":"https:\/\/api.w.org\/{rel}","templated":true}]}}