{"id":142699,"date":"2025-07-29T06:47:00","date_gmt":"2025-07-29T11:47:00","guid":{"rendered":"https:\/\/elcuartopoder.com.mx\/nw\/?p=142699"},"modified":"2025-07-29T06:47:02","modified_gmt":"2025-07-29T11:47:02","slug":"eleva-proteccion-civil-a-28-sus-guardavidas-permanentes-en-cancun","status":"publish","type":"post","link":"http:\/\/elcuartopoder.com.mx\/nw\/municipales\/eleva-proteccion-civil-a-28-sus-guardavidas-permanentes-en-cancun\/","title":{"rendered":"Eleva Protecci\u00f3n Civil a 28 sus guardavidas permanentes en Canc\u00fan"},"content":{"rendered":"\n<p><strong>CANC\u00daN, MX.-<\/strong>&nbsp;La Direcci\u00f3n de Protecci\u00f3n Civil de Benito Ju\u00e1rez cuenta actualmente con 28 guardavidas permanentes, una cifra que nunca se hab\u00eda alcanzado en el municipio, destac\u00f3 su director Antonio de Jes\u00fas Riveroll Ribbon.<\/p>\n\n\n\n<p>En entrevista, el funcionario se\u00f1al\u00f3 que, antes de la administraci\u00f3n de Mara Lezama como presidenta municipal, el municipio contaba \u00fanicamente con 10 guardavidas, cuyo n\u00famero se fue incrementando hasta llegar a los 23.<\/p>\n\n\n\n<p>Coment\u00f3 que a estos 28 guardavidas de Protecci\u00f3n Civil se suman 10 m\u00e1s del Cuerpo de Bomberos, con lo que logran cubrir un horario de atenci\u00f3n de 9 de la ma\u00f1ana a 7 de la noche en las playas del destino.<\/p>\n\n\n\n<p>\u201cHoy estamos trabajando con 28 guardavidas, estamos trabajando muy bien, m\u00e1s los 10 de bomberos estamos pr\u00e1cticamente cubiertos\u201d, recalc\u00f3.<\/p>\n\n\n\n<p>Inform\u00f3 que, a pesar de contar con un buen n\u00famero de personal, la convocatoria para la contrataci\u00f3n de 10 socorristas m\u00e1s sigue abierta, luego de que los contratados de manera eventual se sumaran de forma permanente.<\/p>\n\n\n\n<p>Por otra parte, Riveroll Ribbon indic\u00f3 que siguen revisando los perfiles para la contrataci\u00f3n de 16 param\u00e9dicos que operen las cuatro ambulancias que recibi\u00f3 la direcci\u00f3n recientemente.<\/p>\n\n\n\n<p>\u201cEstamos evaluando los mejores perfiles, que sea gente calificada con vocaci\u00f3n de servicio\u201d, dijo.<\/p>\n\n\n\n<p>Detall\u00f3 que en total evaluaron a 35 param\u00e9dicos, de los cuales 13 ya cuentan con su documentaci\u00f3n para ser contratados, tras cumplir con todos los requisitos. <\/p>\n\n\n\n<p>Fuente: NC \/Agencia SIM<\/p>\n","protected":false},"excerpt":{"rendered":"<p>CANC\u00daN, MX.-&nbsp;La Direcci\u00f3n de Protecci\u00f3n Civil de Benito Ju\u00e1rez cuenta actualmente con 28 guardavidas permanentes, una cifra que nunca se hab\u00eda alcanzado en el municipio, destac\u00f3 su director Antonio de Jes\u00fas Riveroll Ribbon. En entrevista, el funcionario se\u00f1al\u00f3 que, antes de la administraci\u00f3n de Mara Lezama como presidenta municipal, el municipio contaba \u00fanicamente con 10 [&hellip;]<\/p>\n","protected":false},"author":2,"featured_media":142700,"comment_status":"open","ping_status":"open","sticky":false,"template":"","format":"standard","meta":{"footnotes":""},"categories":[6],"tags":[],"class_list":["post-142699","post","type-post","status-publish","format-standard","has-post-thumbnail","hentry","category-municipales"],"_links":{"self":[{"href":"http:\/\/elcuartopoder.com.mx\/nw\/wp-json\/wp\/v2\/posts\/142699","targetHints":{"allow":["GET"]}}],"collection":[{"href":"http:\/\/elcuartopoder.com.mx\/nw\/wp-json\/wp\/v2\/posts"}],"about":[{"href":"http:\/\/elcuartopoder.com.mx\/nw\/wp-json\/wp\/v2\/types\/post"}],"author":[{"embeddable":true,"href":"http:\/\/elcuartopoder.com.mx\/nw\/wp-json\/wp\/v2\/users\/2"}],"replies":[{"embeddable":true,"href":"http:\/\/elcuartopoder.com.mx\/nw\/wp-json\/wp\/v2\/comments?post=142699"}],"version-history":[{"count":1,"href":"http:\/\/elcuartopoder.com.mx\/nw\/wp-json\/wp\/v2\/posts\/142699\/revisions"}],"predecessor-version":[{"id":142701,"href":"http:\/\/elcuartopoder.com.mx\/nw\/wp-json\/wp\/v2\/posts\/142699\/revisions\/142701"}],"wp:featuredmedia":[{"embeddable":true,"href":"http:\/\/elcuartopoder.com.mx\/nw\/wp-json\/wp\/v2\/media\/142700"}],"wp:attachment":[{"href":"http:\/\/elcuartopoder.com.mx\/nw\/wp-json\/wp\/v2\/media?parent=142699"}],"wp:term":[{"taxonomy":"category","embeddable":true,"href":"http:\/\/elcuartopoder.com.mx\/nw\/wp-json\/wp\/v2\/categories?post=142699"},{"taxonomy":"post_tag","embeddable":true,"href":"http:\/\/elcuartopoder.com.mx\/nw\/wp-json\/wp\/v2\/tags?post=142699"}],"curies":[{"name":"wp","href":"https:\/\/api.w.org\/{rel}","templated":true}]}}