{"id":142717,"date":"2025-07-29T07:40:50","date_gmt":"2025-07-29T12:40:50","guid":{"rendered":"https:\/\/elcuartopoder.com.mx\/nw\/?p=142717"},"modified":"2025-07-29T07:40:51","modified_gmt":"2025-07-29T12:40:51","slug":"dan-20-anos-de-prision-a-cuatro-personas-relacionadas-con-los-salgueiro-del-cartel-de-sinaloa","status":"publish","type":"post","link":"http:\/\/elcuartopoder.com.mx\/nw\/policiacas\/dan-20-anos-de-prision-a-cuatro-personas-relacionadas-con-los-salgueiro-del-cartel-de-sinaloa\/","title":{"rendered":"Dan 20 a\u00f1os de prisi\u00f3n a cuatro personas relacionadas con &#8216;Los Salgueiro&#8217;, del c\u00e1rtel de Sinaloa"},"content":{"rendered":"\n<p><em>Ciudad de M\u00e9xico.&nbsp;<\/em>La Fiscal\u00eda Especializada en materia de Delincuencia Organizada (FEMDO) obtuvo sentencia condenatoria de hasta 20 a\u00f1os en contra de cuatro personas por su responsabilidad penal en los il\u00edcitos de delincuencia organizada con la finalidad de cometer delitos contra la salud en su modalidad de tr\u00e1fico de narc\u00f3tico, y tr\u00e1fico de armas. Se les relaciona a la organizaci\u00f3n criminal Los Salgueiro, que pertenecen al c\u00e1rtel de Sinaloa.&nbsp;<br><br>Se trata de Bryan Salgueiro Zepeda alias&nbsp;<em>El 90<\/em>&nbsp;y\/o&nbsp;<em>El Menor<\/em>&nbsp;y H\u00e9ctor Ram\u00f3n L\u00f3pez Flores alias&nbsp;<em>Cholo<\/em>, fueron condenados a 20 a\u00f1os de prisi\u00f3n por los il\u00edcitos de delincuencia organizada con la finalidad de cometer delitos contra la salud en su modalidad de tr\u00e1fico de narc\u00f3tico, y tr\u00e1fico de armas, con funciones de direcci\u00f3n y administraci\u00f3n; en tanto que Efr\u00e9n Salgueiro Gonz\u00e1lez, alias&nbsp;<em>El Maniaco<\/em>&nbsp;y Joaqu\u00edn Grado Prieto, a 10 a\u00f1os de reclusi\u00f3n por los mismos delitos pero sin la agravante de direcci\u00f3n y administraci\u00f3n.&nbsp;<br><br>En 2022, elementos de la Polic\u00eda Federal Ministerial (PFM) adscritos a la Agencia de Investigaci\u00f3n Criminal (AIC), ejecutaron una orden de cateo en un inmueble en Culiac\u00e1n, Sinaloa, donde aprehendieron a L\u00f3pez Flores.<br><br>Posteriormente, se cumpliment\u00f3 orden de aprehensi\u00f3n por reclusi\u00f3n en contra de Salgueiro Zepeda y Salgueiro Gonz\u00e1lez, alias \u201cEl Maniaco\u201d, quienes se encontraban internos en el Centro de Rehabilitaci\u00f3n Social \u201cAquiles Serd\u00e1n\u201d en Chihuahua; asimismo, se ejecut\u00f3 mandamiento judicial a Grado Prieto, preso en el Centro Federal de Readaptaci\u00f3n Social n\u00famero 17. Los tres recluidos por una causa penal diversa.<br><br>Una vez que el Ministerio P\u00fablico de la Federaci\u00f3n (MPF) aport\u00f3 las pruebas necesarias, en juicio oral, el Juez decret\u00f3 dicha sentencia condenatoria.<br>&nbsp;<\/p>\n\n\n\n<p><strong>Sentencian a uno vinculado con CJNG&nbsp;<\/strong><\/p>\n\n\n\n<p><br>Por separado, un juez sentenci\u00f3 a Erick Al\u00ed Guti\u00e9rrez Rodr\u00edguez y Rigoberto Fructuoso Guti\u00e9rrez Rodr\u00edguez por su responsabilidad penal en el il\u00edcito de delincuencia organizada con la finalidad de cometer delitos contra la salud. Se les relaciona con el Cartel Jalisco Nueva Generaci\u00f3n (CJNG)<br><br>En 2022, elementos de la PFM adscritos a la AIC, cumplimentaron orden de aprehensi\u00f3n por reclusi\u00f3n en la Comisar\u00eda de la Prisi\u00f3n Preventiva de Jalisco, donde ambas personas se encontraban internas por una causa penal diversa.&nbsp;<br><br>Al respecto, el MPF aport\u00f3 las pruebas suficientes para que, en audiencia de juicio oral, el Juez los sentenciara a 10 a\u00f1os de prisi\u00f3n por dicho delito.<\/p>\n\n\n\n<p>Fuente: La Jornada<\/p>\n","protected":false},"excerpt":{"rendered":"<p>Ciudad de M\u00e9xico.&nbsp;La Fiscal\u00eda Especializada en materia de Delincuencia Organizada (FEMDO) obtuvo sentencia condenatoria de hasta 20 a\u00f1os en contra de cuatro personas por su responsabilidad penal en los il\u00edcitos de delincuencia organizada con la finalidad de cometer delitos contra la salud en su modalidad de tr\u00e1fico de narc\u00f3tico, y tr\u00e1fico de armas. Se les [&hellip;]<\/p>\n","protected":false},"author":2,"featured_media":142718,"comment_status":"open","ping_status":"open","sticky":false,"template":"","format":"standard","meta":{"footnotes":""},"categories":[23],"tags":[],"class_list":["post-142717","post","type-post","status-publish","format-standard","has-post-thumbnail","hentry","category-policiacas"],"_links":{"self":[{"href":"http:\/\/elcuartopoder.com.mx\/nw\/wp-json\/wp\/v2\/posts\/142717","targetHints":{"allow":["GET"]}}],"collection":[{"href":"http:\/\/elcuartopoder.com.mx\/nw\/wp-json\/wp\/v2\/posts"}],"about":[{"href":"http:\/\/elcuartopoder.com.mx\/nw\/wp-json\/wp\/v2\/types\/post"}],"author":[{"embeddable":true,"href":"http:\/\/elcuartopoder.com.mx\/nw\/wp-json\/wp\/v2\/users\/2"}],"replies":[{"embeddable":true,"href":"http:\/\/elcuartopoder.com.mx\/nw\/wp-json\/wp\/v2\/comments?post=142717"}],"version-history":[{"count":1,"href":"http:\/\/elcuartopoder.com.mx\/nw\/wp-json\/wp\/v2\/posts\/142717\/revisions"}],"predecessor-version":[{"id":142719,"href":"http:\/\/elcuartopoder.com.mx\/nw\/wp-json\/wp\/v2\/posts\/142717\/revisions\/142719"}],"wp:featuredmedia":[{"embeddable":true,"href":"http:\/\/elcuartopoder.com.mx\/nw\/wp-json\/wp\/v2\/media\/142718"}],"wp:attachment":[{"href":"http:\/\/elcuartopoder.com.mx\/nw\/wp-json\/wp\/v2\/media?parent=142717"}],"wp:term":[{"taxonomy":"category","embeddable":true,"href":"http:\/\/elcuartopoder.com.mx\/nw\/wp-json\/wp\/v2\/categories?post=142717"},{"taxonomy":"post_tag","embeddable":true,"href":"http:\/\/elcuartopoder.com.mx\/nw\/wp-json\/wp\/v2\/tags?post=142717"}],"curies":[{"name":"wp","href":"https:\/\/api.w.org\/{rel}","templated":true}]}}