{"id":142723,"date":"2025-07-29T07:45:39","date_gmt":"2025-07-29T12:45:39","guid":{"rendered":"https:\/\/elcuartopoder.com.mx\/nw\/?p=142723"},"modified":"2025-07-29T07:45:41","modified_gmt":"2025-07-29T12:45:41","slug":"cumplen-con-exito-deportistas-quintanarroenses-con-discapacidad-en-su-eliminatoria-de-la-paraolimpiada-estatal-2025","status":"publish","type":"post","link":"http:\/\/elcuartopoder.com.mx\/nw\/entretenimiento\/deportes\/cumplen-con-exito-deportistas-quintanarroenses-con-discapacidad-en-su-eliminatoria-de-la-paraolimpiada-estatal-2025\/","title":{"rendered":"Cumplen con \u00e9xito deportistas quintanarroenses con discapacidad en su eliminatoria de la Paraolimpiada Estatal 2025"},"content":{"rendered":"\n<p><em>Un total de 93 paraatletas entraron en acci\u00f3n en Playa del Carmen para conformar la Delegaci\u00f3n de Quintana Roo que competir\u00e1 en la Paraolimpiada Nacional CONADE 2025<\/em><\/p>\n\n\n\n<p><strong>PLAYA DEL CARMEN, MX.-<\/strong>&nbsp;Como parte del proceso clasificatorio rumbo a la pr\u00f3xima Paraolimpiada Nacional CONADE 2025 y para conformar la Delegaci\u00f3n de Quintana Roo, un total de 93 deportistas con discapacidad cumplieron en sus respectivas pruebas dentro de la eliminatoria Paraolimpiada Estatal 2025, certamen que se realiz\u00f3 con \u00e9xito en el municipio de Playa del Carmen.<\/p>\n\n\n\n<p>Con base al Nuevo Acuerdo por el Bienestar y Desarrollo de Quintana Roo que promueve la gobernadora Mara Lezama Espinosa, el deporte adaptado es una prioridad para el Gobierno del Estado y a trav\u00e9s de la Comisi\u00f3n del Deporte de Quintana Roo (CODEQ), presidida por Jacobo Arzate Hop, se realiz\u00f3 esta eliminatoria de car\u00e1cter estatal, que adem\u00e1s de ser parte del proceso para la competencia m\u00e1s importante del pa\u00eds, tambi\u00e9n sirve para que las y los paratletas puedan mostrar su talento deportivo.<\/p>\n\n\n\n<p>\u201cEstamos muy contentos y adem\u00e1s, reafirmamos que en Quintana Roo hay mucho talento deportivo, y eso qued\u00f3 demostrado en la eliminatoria de la Paraolimpiada Estatal 2025, estoy muy seguro de que estaremos bien representados en la Paraolimpiada Nacional CONADE 2025 y solo hay que reconocer a cada una y uno de los paratletas, que mostraron su mejor versi\u00f3n y claro los seguiremos apoyando para que cumplan sus objetivos\u201d, coment\u00f3 el titular de la CODEQ.<\/p>\n\n\n\n<p>Cabe destacar que Quintana Roo competir\u00e1 en la Paraolimpiada Nacional CONADE 2025 en las disciplinas de Boccia, Paradanza Deportiva, Parapowerlifting y Paratenis de Mesa, deportes en el que las y los quintanarroenses tienen su pase directo, pero para el clasificatorio estatal s\u00ed se hicieron los registros de marca en las disciplinas de Paranataci\u00f3n y Paratletismo.<\/p>\n\n\n\n<p>1&nbsp;de 7<\/p>\n\n\n\n<figure class=\"wp-block-image is-resized\"><a href=\"https:\/\/noticaribe.com.mx\/wp\/wp-content\/uploads\/2025\/07\/IMG-20250728-WA0014.jpg\"><img decoding=\"async\" src=\"https:\/\/noticaribe.com.mx\/wp\/wp-content\/uploads\/2025\/07\/IMG-20250728-WA0014-630x420.jpg\" alt=\"\" style=\"width:726px;height:auto\"\/><\/a><\/figure>\n\n\n\n<p>Sobre las competencias, la disciplina de Paranataci\u00f3n se realiz\u00f3 en la Unidad Deportiva Riviera Maya, donde entraron en acci\u00f3n 26 deportistas de los municipios de Cozumel, Benito Ju\u00e1rez, Oth\u00f3n P. Blanco y Playa del Carmen; mientras que el Paratletismo se escenific\u00f3 en la Unidad Deportiva \u201cMario Villanueva Madrid\u201d con la participaci\u00f3n de 67 paratletas de los municipios de Benito Ju\u00e1rez, Cozumel, Felipe Carrillo Puerto, Jos\u00e9 Mar\u00eda Morelos, Oth\u00f3n P. Blanco, Playa del Carmen y Tulum.<\/p>\n\n\n\n<figure class=\"wp-block-image size-full is-resized\"><img loading=\"lazy\" decoding=\"async\" width=\"630\" height=\"420\" src=\"https:\/\/elcuartopoder.com.mx\/nw\/wp-content\/uploads\/2025\/07\/IMG-20250728-WA0026-630x420-1.png\" alt=\"\" class=\"wp-image-142725\" style=\"width:726px;height:auto\" srcset=\"http:\/\/elcuartopoder.com.mx\/nw\/wp-content\/uploads\/2025\/07\/IMG-20250728-WA0026-630x420-1.png 630w, http:\/\/elcuartopoder.com.mx\/nw\/wp-content\/uploads\/2025\/07\/IMG-20250728-WA0026-630x420-1-300x200.png 300w\" sizes=\"auto, (max-width: 630px) 100vw, 630px\" \/><\/figure>\n\n\n\n<p>Como parte de las actividades de esta intensa jornada de competencias, se realiz\u00f3 una ceremonia de apertura misma que estuvo encabezada por Wilberth Flores Coral, delegado en Zona Norte de la CODEQ, quien estuvo en representaci\u00f3n de Jacobo Arzate, presidente de la CODEQ; adem\u00e1s de Paolo Sergio Montero, director del CRIT Quintana Roo; as\u00ed como los directores del deporte Alberto L\u00f3pez de Playa del Carmen y Nadia Salazar de Felipe Carrillo Puerto.<\/p>\n\n\n\n<p>Tras cumplir con este proceso clasificatorio, las y los paratletas de Quintana Roo se encuentran listos para competir en lo que ser\u00e1 la fase final de la Paraolimpiada Nacional CONADE 2025, que est\u00e1 prevista para realizarse en el estado de Aguascalientes, en fechas por confirmar. <\/p>\n\n\n\n<figure class=\"wp-block-image size-full is-resized\"><img loading=\"lazy\" decoding=\"async\" width=\"630\" height=\"420\" src=\"https:\/\/elcuartopoder.com.mx\/nw\/wp-content\/uploads\/2025\/07\/IMG-20250728-WA0023-630x420-1.png\" alt=\"\" class=\"wp-image-142724\" style=\"width:726px;height:auto\" srcset=\"http:\/\/elcuartopoder.com.mx\/nw\/wp-content\/uploads\/2025\/07\/IMG-20250728-WA0023-630x420-1.png 630w, http:\/\/elcuartopoder.com.mx\/nw\/wp-content\/uploads\/2025\/07\/IMG-20250728-WA0023-630x420-1-300x200.png 300w\" sizes=\"auto, (max-width: 630px) 100vw, 630px\" \/><\/figure>\n\n\n\n<p><strong>Fuente: CODEQ<\/strong><\/p>\n","protected":false},"excerpt":{"rendered":"<p>Un total de 93 paraatletas entraron en acci\u00f3n en Playa del Carmen para conformar la Delegaci\u00f3n de Quintana Roo que competir\u00e1 en la Paraolimpiada Nacional CONADE 2025 PLAYA DEL CARMEN, MX.-&nbsp;Como parte del proceso clasificatorio rumbo a la pr\u00f3xima Paraolimpiada Nacional CONADE 2025 y para conformar la Delegaci\u00f3n de Quintana Roo, un total de 93 [&hellip;]<\/p>\n","protected":false},"author":2,"featured_media":142726,"comment_status":"open","ping_status":"open","sticky":false,"template":"","format":"standard","meta":{"footnotes":""},"categories":[7],"tags":[],"class_list":["post-142723","post","type-post","status-publish","format-standard","has-post-thumbnail","hentry","category-deportes"],"_links":{"self":[{"href":"http:\/\/elcuartopoder.com.mx\/nw\/wp-json\/wp\/v2\/posts\/142723","targetHints":{"allow":["GET"]}}],"collection":[{"href":"http:\/\/elcuartopoder.com.mx\/nw\/wp-json\/wp\/v2\/posts"}],"about":[{"href":"http:\/\/elcuartopoder.com.mx\/nw\/wp-json\/wp\/v2\/types\/post"}],"author":[{"embeddable":true,"href":"http:\/\/elcuartopoder.com.mx\/nw\/wp-json\/wp\/v2\/users\/2"}],"replies":[{"embeddable":true,"href":"http:\/\/elcuartopoder.com.mx\/nw\/wp-json\/wp\/v2\/comments?post=142723"}],"version-history":[{"count":1,"href":"http:\/\/elcuartopoder.com.mx\/nw\/wp-json\/wp\/v2\/posts\/142723\/revisions"}],"predecessor-version":[{"id":142727,"href":"http:\/\/elcuartopoder.com.mx\/nw\/wp-json\/wp\/v2\/posts\/142723\/revisions\/142727"}],"wp:featuredmedia":[{"embeddable":true,"href":"http:\/\/elcuartopoder.com.mx\/nw\/wp-json\/wp\/v2\/media\/142726"}],"wp:attachment":[{"href":"http:\/\/elcuartopoder.com.mx\/nw\/wp-json\/wp\/v2\/media?parent=142723"}],"wp:term":[{"taxonomy":"category","embeddable":true,"href":"http:\/\/elcuartopoder.com.mx\/nw\/wp-json\/wp\/v2\/categories?post=142723"},{"taxonomy":"post_tag","embeddable":true,"href":"http:\/\/elcuartopoder.com.mx\/nw\/wp-json\/wp\/v2\/tags?post=142723"}],"curies":[{"name":"wp","href":"https:\/\/api.w.org\/{rel}","templated":true}]}}