{"id":142731,"date":"2025-07-30T06:34:00","date_gmt":"2025-07-30T11:34:00","guid":{"rendered":"https:\/\/elcuartopoder.com.mx\/nw\/?p=142731"},"modified":"2025-07-30T06:34:02","modified_gmt":"2025-07-30T11:34:02","slug":"q-roo-espera-calendario-del-mundial-de-futbol-para-definir-paquetes-turisticos","status":"publish","type":"post","link":"http:\/\/elcuartopoder.com.mx\/nw\/estatales\/q-roo-espera-calendario-del-mundial-de-futbol-para-definir-paquetes-turisticos\/","title":{"rendered":"Q. Roo espera calendario del Mundial de F\u00fatbol para definir paquetes tur\u00edsticos"},"content":{"rendered":"\n<p>El secretario de Turismo dijo que los paquetes estar\u00e1n dise\u00f1ados acorde a las ciudades sedes de los partidos en M\u00e9xico.<\/p>\n\n\n\n<p>El secretario de Turismo de Quintana Roo, Bernardo Cueto Riestra, adelant\u00f3 que los paquetes tur\u00edsticos que se preparan para el Mundial de F\u00fatbol&nbsp;<strong>estar\u00e1n dise\u00f1ados acorde a las ciudades sedes de los partidos en M\u00e9xico<\/strong>.<\/p>\n\n\n\n<p>Se pretende que una vez que se den a conocer qu\u00e9 partidos se jugar\u00e1n en una determinada ciudad, se delineen los itinerarios de vuelos y hospedajes, para que se facilite a los aficionados presenciar los partidos y al mismo tiempo tener estancias en algunos de los destinos tur\u00edsticos del Caribe mexicano.<\/p>\n\n\n\n<p><em>\u201cEstos paquetes que estamos preparando, junto con las asociaciones de hoteles y los operadores tur\u00edsticos,&nbsp;<strong>estar\u00e1n ejecut\u00e1ndose una vez que contemos con la informaci\u00f3n de d\u00f3nde juega cada selecci\u00f3n<\/strong>, cu\u00e1l es el calendario oficial que se dar\u00e1 a conocer a finales de este a\u00f1o y con ello&nbsp;&nbsp;poder ofrecer paquetes tur\u00edsticos diferenciados, ubicados por cada una de las aficiones y los diversos pa\u00edses de Europa o Sudam\u00e9rica\u201d, explic\u00f3 el funcionario.<\/em><\/p>\n\n\n\n<blockquote class=\"wp-block-quote is-layout-flow wp-block-quote-is-layout-flow\"><\/blockquote>\n\n\n\n<p>El objetivo es que los aficionados puedan disfrutar no solo del Mundial, sino que los paquetes ofrezcan opciones tur\u00edsticas antes del evento, durante e incluso despu\u00e9s de concluida la justa deportiva.<\/p>\n\n\n\n<p>Confirm\u00f3 que&nbsp;<strong>est\u00e1n a la espera de la autorizaci\u00f3n de la Federaci\u00f3n Internacional de F\u00fatbol Asociaci\u00f3n (FIFA) para el uso de las marcas<\/strong>&nbsp;e incluso la organizaci\u00f3n de un Fan Fest del Mundial en Quintana Roo.<\/p>\n\n\n\n<p><em>\u201cHemos estado en conversaciones, en principio con la Secretar\u00eda de Turismo federal, que encabeza los trabajos en materia de desarrollo de producto tur\u00edstico para el Mundial, pero tambi\u00e9n con la FIFA para poder contar con la autorizaci\u00f3n que nos permita poner en marcha estrategias encaminadas a organizar Fan Fest y algunos otros eventos\u201d, dijo.<\/em><\/p>\n\n\n\n<blockquote class=\"wp-block-quote is-layout-flow wp-block-quote-is-layout-flow\"><\/blockquote>\n\n\n\n<p><strong>El Fan Fest es un espacio organizado por la FIFA<\/strong>&nbsp;en las sedes mundialistas \u201cdonde se disfruta de un fabuloso programa de f\u00fatbol y entretenimiento con lo mejor del deporte rey y las \u00faltimas tendencias en m\u00fasica, cultura y estilos de vida. La FIFA Fan Festival es un aut\u00e9ntico festival de f\u00fatbol\u201d, seg\u00fan lo definen los propios organizadores de la Copa del Mundo.<\/p>\n\n\n\n<p>Sin embargo, hasta el momento no existen detalles de la organizaci\u00f3n de este festival, aunque el sector hotelero de Canc\u00fan ha adelantado que buscar\u00e1n organizar uno de estos espacios en el Caribe mexicano durante la justa mundialista. (Jes\u00fas V\u00e1zquez)<\/p>\n\n\n\n<p>Fuente: SIPSE<\/p>\n","protected":false},"excerpt":{"rendered":"<p>El secretario de Turismo dijo que los paquetes estar\u00e1n dise\u00f1ados acorde a las ciudades sedes de los partidos en M\u00e9xico. El secretario de Turismo de Quintana Roo, Bernardo Cueto Riestra, adelant\u00f3 que los paquetes tur\u00edsticos que se preparan para el Mundial de F\u00fatbol&nbsp;estar\u00e1n dise\u00f1ados acorde a las ciudades sedes de los partidos en M\u00e9xico. Se [&hellip;]<\/p>\n","protected":false},"author":2,"featured_media":142732,"comment_status":"open","ping_status":"open","sticky":false,"template":"","format":"standard","meta":{"footnotes":""},"categories":[60],"tags":[],"class_list":["post-142731","post","type-post","status-publish","format-standard","has-post-thumbnail","hentry","category-estatales"],"_links":{"self":[{"href":"http:\/\/elcuartopoder.com.mx\/nw\/wp-json\/wp\/v2\/posts\/142731","targetHints":{"allow":["GET"]}}],"collection":[{"href":"http:\/\/elcuartopoder.com.mx\/nw\/wp-json\/wp\/v2\/posts"}],"about":[{"href":"http:\/\/elcuartopoder.com.mx\/nw\/wp-json\/wp\/v2\/types\/post"}],"author":[{"embeddable":true,"href":"http:\/\/elcuartopoder.com.mx\/nw\/wp-json\/wp\/v2\/users\/2"}],"replies":[{"embeddable":true,"href":"http:\/\/elcuartopoder.com.mx\/nw\/wp-json\/wp\/v2\/comments?post=142731"}],"version-history":[{"count":1,"href":"http:\/\/elcuartopoder.com.mx\/nw\/wp-json\/wp\/v2\/posts\/142731\/revisions"}],"predecessor-version":[{"id":142733,"href":"http:\/\/elcuartopoder.com.mx\/nw\/wp-json\/wp\/v2\/posts\/142731\/revisions\/142733"}],"wp:featuredmedia":[{"embeddable":true,"href":"http:\/\/elcuartopoder.com.mx\/nw\/wp-json\/wp\/v2\/media\/142732"}],"wp:attachment":[{"href":"http:\/\/elcuartopoder.com.mx\/nw\/wp-json\/wp\/v2\/media?parent=142731"}],"wp:term":[{"taxonomy":"category","embeddable":true,"href":"http:\/\/elcuartopoder.com.mx\/nw\/wp-json\/wp\/v2\/categories?post=142731"},{"taxonomy":"post_tag","embeddable":true,"href":"http:\/\/elcuartopoder.com.mx\/nw\/wp-json\/wp\/v2\/tags?post=142731"}],"curies":[{"name":"wp","href":"https:\/\/api.w.org\/{rel}","templated":true}]}}