{"id":142734,"date":"2025-07-30T06:35:42","date_gmt":"2025-07-30T11:35:42","guid":{"rendered":"https:\/\/elcuartopoder.com.mx\/nw\/?p=142734"},"modified":"2025-07-30T06:35:44","modified_gmt":"2025-07-30T11:35:44","slug":"lorent-saleh-premio-sajarov-y-ex-preso-politico-de-maduro-en-venezuela-estamos-peor-que-hace-un-ano","status":"publish","type":"post","link":"http:\/\/elcuartopoder.com.mx\/nw\/politica\/lorent-saleh-premio-sajarov-y-ex-preso-politico-de-maduro-en-venezuela-estamos-peor-que-hace-un-ano\/","title":{"rendered":"Lorent Saleh, premio S\u00e1jarov y ex preso pol\u00edtico de Maduro: \u00abEn Venezuela estamos peor que hace un a\u00f1o\u00bb"},"content":{"rendered":"\n<h2 class=\"wp-block-heading\">El activista venezolano insiste en que el episodio de Edmundo Gonz\u00e1lez fracas\u00f3 y que la oposici\u00f3n debe desarrollar un proyecto de pa\u00eds que trascienda una victoria electoral<\/h2>\n\n\n\n<p>El gobierno de maduro perpetr\u00f3 el domingo otra farsa electoral con la que, disfrazado de democr\u00e1tico, sigue aferr\u00e1ndose al poder. Venezuela ya padece m\u00e1s de 26 a\u00f1os de chavismo, que no se explican sin 26 a\u00f1os de una oposici\u00f3n ineficaz, m\u00e1s all\u00e1 de la dificultad\u00a0.<\/p>\n\n\n\n<p>Fuente: ABC<\/p>\n","protected":false},"excerpt":{"rendered":"<p>El activista venezolano insiste en que el episodio de Edmundo Gonz\u00e1lez fracas\u00f3 y que la oposici\u00f3n debe desarrollar un proyecto de pa\u00eds que trascienda una victoria electoral El gobierno de maduro perpetr\u00f3 el domingo otra farsa electoral con la que, disfrazado de democr\u00e1tico, sigue aferr\u00e1ndose al poder. Venezuela ya padece m\u00e1s de 26 a\u00f1os de [&hellip;]<\/p>\n","protected":false},"author":2,"featured_media":142735,"comment_status":"open","ping_status":"open","sticky":false,"template":"","format":"standard","meta":{"footnotes":""},"categories":[61],"tags":[],"class_list":["post-142734","post","type-post","status-publish","format-standard","has-post-thumbnail","hentry","category-politica"],"_links":{"self":[{"href":"http:\/\/elcuartopoder.com.mx\/nw\/wp-json\/wp\/v2\/posts\/142734","targetHints":{"allow":["GET"]}}],"collection":[{"href":"http:\/\/elcuartopoder.com.mx\/nw\/wp-json\/wp\/v2\/posts"}],"about":[{"href":"http:\/\/elcuartopoder.com.mx\/nw\/wp-json\/wp\/v2\/types\/post"}],"author":[{"embeddable":true,"href":"http:\/\/elcuartopoder.com.mx\/nw\/wp-json\/wp\/v2\/users\/2"}],"replies":[{"embeddable":true,"href":"http:\/\/elcuartopoder.com.mx\/nw\/wp-json\/wp\/v2\/comments?post=142734"}],"version-history":[{"count":1,"href":"http:\/\/elcuartopoder.com.mx\/nw\/wp-json\/wp\/v2\/posts\/142734\/revisions"}],"predecessor-version":[{"id":142736,"href":"http:\/\/elcuartopoder.com.mx\/nw\/wp-json\/wp\/v2\/posts\/142734\/revisions\/142736"}],"wp:featuredmedia":[{"embeddable":true,"href":"http:\/\/elcuartopoder.com.mx\/nw\/wp-json\/wp\/v2\/media\/142735"}],"wp:attachment":[{"href":"http:\/\/elcuartopoder.com.mx\/nw\/wp-json\/wp\/v2\/media?parent=142734"}],"wp:term":[{"taxonomy":"category","embeddable":true,"href":"http:\/\/elcuartopoder.com.mx\/nw\/wp-json\/wp\/v2\/categories?post=142734"},{"taxonomy":"post_tag","embeddable":true,"href":"http:\/\/elcuartopoder.com.mx\/nw\/wp-json\/wp\/v2\/tags?post=142734"}],"curies":[{"name":"wp","href":"https:\/\/api.w.org\/{rel}","templated":true}]}}