{"id":142737,"date":"2025-07-30T06:37:30","date_gmt":"2025-07-30T11:37:30","guid":{"rendered":"https:\/\/elcuartopoder.com.mx\/nw\/?p=142737"},"modified":"2025-07-30T06:37:32","modified_gmt":"2025-07-30T11:37:32","slug":"el-trio-de-eclipses-solares-totales-que-comienza-en-2026-movilizara-en-espana-a-trece-ministerios","status":"publish","type":"post","link":"http:\/\/elcuartopoder.com.mx\/nw\/varios\/el-trio-de-eclipses-solares-totales-que-comienza-en-2026-movilizara-en-espana-a-trece-ministerios\/","title":{"rendered":"El tr\u00edo de eclipses solares totales que comienza en 2026 movilizar\u00e1 en Espa\u00f1a a trece ministerios"},"content":{"rendered":"\n<h2 class=\"wp-block-heading\">El Gobierno aprueba la creaci\u00f3n de una Comisi\u00f3n Interministerial para garantizar la seguridad ciudadana durante estos fen\u00f3menos astron\u00f3micos, que atraen a cientos de miles de personas<\/h2>\n\n\n\n<p>El Consejo de Ministros ha aprobado este martes la creaci\u00f3n de una Comisi\u00f3n Interministerial que organice y coordine las actuaciones relacionadas con el\u00a0tr\u00edo de eclipses solares totales\u00a0que se ver\u00e1n desde Espa\u00f1a en 2026, 2027 y 2028, un fen\u00f3meno astron\u00f3mico extraordinario que previsiblemente movilizar\u00e1 a cientos de miles de personas a los puntos donde haya buenas condiciones de observaci\u00f3n y atraer\u00e1 a turistas de todo el mundo. La comisi\u00f3n que afrontar\u00e1 los desaf\u00edos log\u00edsticos y de seguridad ser\u00e1 tambi\u00e9n excepcional: estar\u00e1 formada por trece ministerios, coliderados por el de Ciencia, Innovaci\u00f3n y Universidades (MICIU) y el Ministerio de Transportes y Movilidad Sostenible, al ser ambos los ministerios titulares de la Comisi\u00f3n Nacional de Astronom\u00eda.<\/p>\n\n\n\n<p>El primer eclipse solar total, en el que la luna tapar\u00e1 al sol completamente y el cielo se oscurecer\u00e1 como si fuera de noche, se espera para el 12 de agosto de 2026. Puede considerarse \u00fanico: desde 1905, no se ha visto un eclipse total solar en la Pen\u00ednsula Ib\u00e9rica y Espa\u00f1a ser\u00e1 el \u00fanico territorio habitado donde se podr\u00e1 observar. Casi un a\u00f1o m\u00e1s tarde, el 2 de agosto de 2027, se producir\u00e1 otro eclipse solar total y un eclipse anular llegar\u00e1 el 26 de enero de 2028.<\/p>\n\n\n\n<p>Adem\u00e1s de Ciencia y Transportes, en la Comisi\u00f3n Interministerial, presidida por el secretario de Estado de Ciencia, Innovaci\u00f3n y Universidades, Juan Cruz Cigudosa, tambi\u00e9n estar\u00e1n involucrados los ministerios de Defensa; Hacienda; Interior; Educaci\u00f3n, Formaci\u00f3n Profesional y Deportes; Industria y Turismo; Pol\u00edtica Territorial y Memoria Democr\u00e1tica; Transici\u00f3n Ecol\u00f3gica y Reto Demogr\u00e1fico; Cultura; Econom\u00eda, Comercio y Empresa; Sanidad y Derechos Sociales, Consumo y Agenda 2030. Adem\u00e1s, participar\u00e1n el Observatorio Astron\u00f3mico Nacional, el Instituto de Astrof\u00edsica de Canarias y el Instituto de Astrof\u00edsica de Andaluc\u00eda.<\/p>\n\n\n\n<p>La comisi\u00f3n se encargar\u00e1 de planificar y coordinar las acciones destinadas a garantizar la seguridad ciudadana cuando se produzcan los eclipses. Entre sus objetivos, estar\u00e1n \u00abdise\u00f1ar las tareas de promoci\u00f3n tur\u00edstica, de divulgaci\u00f3n cient\u00edfica y cultural, la atenci\u00f3n a la seguridad, y la prevenci\u00f3n y atenci\u00f3n en materia de salud p\u00fablica\u00bb, seg\u00fan informa el Ministerio de Ciencia en un comunicado.<\/p>\n\n\n\n<p>Ser\u00e1 necesario, por ejemplo, garantizar una movilidad segura, ya que se prev\u00e9n desplazamientos masivos hacia las zonas donde mejor pueda observarse el eclipse total. Adem\u00e1s, se deber\u00e1 habilitar con servicios m\u00ednimos (suministros de agua y comida) los lugares donde un gran n\u00famero de personas pueda acceder con sus coches a observar los eclipses. Tambi\u00e9n se deber\u00e1 prever el alto riesgo de incendios en estas aglomeraciones o proteger la vista de quienes acudan.<\/p>\n\n\n\n<p>La Comisi\u00f3n se constituir\u00e1 en el plazo de un mes desde la entrada en vigor del real decreto que la regula y se considerar\u00e1 extinguida en 2028, cuando se hayan cumplido todas las acciones previstas en el real decreto.<\/p>\n\n\n\n<h3 class=\"wp-block-heading\">Da\u00f1os oculares<\/h3>\n\n\n\n<p>\u00abLos eclipses son las mayores migraciones s\u00fabitas que se producen en la Tierra. Ni una cat\u00e1strofe provoca el movimiento de tantas personas\u00bb, asegura Javier Armentia, miembro de la comisi\u00f3n como representante de la red de planetarios espa\u00f1oles, Colectivo Tecnoplanetario. El astr\u00f3nomo recuerda que el fant\u00e1stico eclipse de agosto de 2026 suceder\u00e1 \u00abcon Espa\u00f1a llena por vacaciones. Adem\u00e1s, tendremos aqu\u00ed a muchos europeos que no van a querer perderse el eclipse y vendr\u00e1n a verlo\u00bb, subraya. Por si fuera poco, en Madrid solo se ver\u00e1 un poco desde el \u00e1rea de Alcobendas, por lo que \u00abtodo el mundo querr\u00e1 subir hacia Castilla\u00bb. En la costa de Valencia tampoco se podr\u00e1 ver bien, as\u00ed que muchas personas tambi\u00e9n se desplazar\u00e1n desde all\u00ed.<\/p>\n\n\n\n<p>Todo eso requerir\u00e1 \u00abuna log\u00edstica y seguridad vial muy importantes\u00bb, subraya Armentia. A todo lo dicho hay que a\u00f1adir \u00ablos desplazamientos imprevistos de \u00faltima hora, que est\u00e9 nublado en una localidad y la gente se quiera ir a otra. Muchos municipios tendr\u00e1n que organizar zonas de acampada, acceso a ba\u00f1os y agua corriente&#8230;\u00bb.<\/p>\n\n\n\n<p>Adem\u00e1s, Javier Armentia advierte de que mirar el sol sin protecci\u00f3n puede producir un da\u00f1o en la retina para toda la vida. \u00abCada vez que hay un eclipse miles de personas sufren quemaduras que no se curan\u00bb, dice. Por eso, y con la lecci\u00f3n aprendida de otros eclipses en EE.UU, \u00abqueremos mitigar la desinformaci\u00f3n, especialmente en comunidades rurales peque\u00f1as, favoreciendo que haya gente preparada que explique el fen\u00f3meno en esas zonas\u00bb. A su juicio, \u00ablo que pase en 2026 ser\u00e1 una lecci\u00f3n para 2027 y 2028\u00ab. Para estar preparados, en Ler\u00edn, Navarra, celebrar\u00e1n este 12 de agosto, con un a\u00f1o de antelaci\u00f3n, un ensayo general del eclipse.<\/p>\n\n\n\n<p>Fuente: ABC<\/p>\n","protected":false},"excerpt":{"rendered":"<p>El Gobierno aprueba la creaci\u00f3n de una Comisi\u00f3n Interministerial para garantizar la seguridad ciudadana durante estos fen\u00f3menos astron\u00f3micos, que atraen a cientos de miles de personas El Consejo de Ministros ha aprobado este martes la creaci\u00f3n de una Comisi\u00f3n Interministerial que organice y coordine las actuaciones relacionadas con el\u00a0tr\u00edo de eclipses solares totales\u00a0que se ver\u00e1n [&hellip;]<\/p>\n","protected":false},"author":2,"featured_media":142738,"comment_status":"open","ping_status":"open","sticky":false,"template":"","format":"standard","meta":{"footnotes":""},"categories":[64],"tags":[],"class_list":["post-142737","post","type-post","status-publish","format-standard","has-post-thumbnail","hentry","category-varios"],"_links":{"self":[{"href":"http:\/\/elcuartopoder.com.mx\/nw\/wp-json\/wp\/v2\/posts\/142737","targetHints":{"allow":["GET"]}}],"collection":[{"href":"http:\/\/elcuartopoder.com.mx\/nw\/wp-json\/wp\/v2\/posts"}],"about":[{"href":"http:\/\/elcuartopoder.com.mx\/nw\/wp-json\/wp\/v2\/types\/post"}],"author":[{"embeddable":true,"href":"http:\/\/elcuartopoder.com.mx\/nw\/wp-json\/wp\/v2\/users\/2"}],"replies":[{"embeddable":true,"href":"http:\/\/elcuartopoder.com.mx\/nw\/wp-json\/wp\/v2\/comments?post=142737"}],"version-history":[{"count":1,"href":"http:\/\/elcuartopoder.com.mx\/nw\/wp-json\/wp\/v2\/posts\/142737\/revisions"}],"predecessor-version":[{"id":142739,"href":"http:\/\/elcuartopoder.com.mx\/nw\/wp-json\/wp\/v2\/posts\/142737\/revisions\/142739"}],"wp:featuredmedia":[{"embeddable":true,"href":"http:\/\/elcuartopoder.com.mx\/nw\/wp-json\/wp\/v2\/media\/142738"}],"wp:attachment":[{"href":"http:\/\/elcuartopoder.com.mx\/nw\/wp-json\/wp\/v2\/media?parent=142737"}],"wp:term":[{"taxonomy":"category","embeddable":true,"href":"http:\/\/elcuartopoder.com.mx\/nw\/wp-json\/wp\/v2\/categories?post=142737"},{"taxonomy":"post_tag","embeddable":true,"href":"http:\/\/elcuartopoder.com.mx\/nw\/wp-json\/wp\/v2\/tags?post=142737"}],"curies":[{"name":"wp","href":"https:\/\/api.w.org\/{rel}","templated":true}]}}