{"id":142779,"date":"2025-07-31T07:16:32","date_gmt":"2025-07-31T12:16:32","guid":{"rendered":"https:\/\/elcuartopoder.com.mx\/nw\/?p=142779"},"modified":"2025-07-31T07:16:33","modified_gmt":"2025-07-31T12:16:33","slug":"incumplimiento-gubernamental-aumenta-la-inconformidad-y-la-tension-en-majahual","status":"publish","type":"post","link":"http:\/\/elcuartopoder.com.mx\/nw\/estatales\/incumplimiento-gubernamental-aumenta-la-inconformidad-y-la-tension-en-majahual\/","title":{"rendered":"Incumplimiento gubernamental aumenta la inconformidad y la tensi\u00f3n en Majahual"},"content":{"rendered":"\n<p>&gt;El gobierno del estado de Quintana Roo ofreci\u00f3 realizar una reuni\u00f3n con colonos en la alcald\u00eda este mi\u00e9rcoles, como parte de los acuerdos para levantar el bloqueo carretero del pasado jueves en la Costa Maya, pero dos d\u00edas despu\u00e9s de la convocatoria la cancel\u00f3 unilateralmente, sin explicaci\u00f3n de motivos y sin indicar fecha de reprogramaci\u00f3n<\/p>\n\n\n\n<p>CHETUMAL ,  Sin explicaci\u00f3n de motivos ni reprogramaci\u00f3n inmediata, el gobierno del estado de Quintana Roo cancel\u00f3 la reuni\u00f3n que se hab\u00eda comprometido a realizar este mi\u00e9rcoles 30 de julio con colonos de asentamientos irregulares en Majahual, con la cual iniciar\u00eda la mesa de di\u00e1logo incluida en los acuerdos que tomaron ambas partes tras el bloqueo carretero del pasado jueves 24 de julio.<\/p>\n\n\n\n<p>Lo anterior genera un aumento de la inconformidad ahora contenida por la tregua con el gobierno, pero ya acumulada desde que iniciaron los operativos de desalojo y aseguramiento de predios de la Fiscal\u00eda General del Estado (FGE) en la regi\u00f3n, por aparente impulso de empresarios del estado de Nuevo Le\u00f3n que adquirieron predios que no est\u00e1n ocupados efectivamente por los que se ha ostentado como propietarios, y que tuvo la chispa que la hizo estallar el pasado jueves precisamente en la cancelaci\u00f3n, tambi\u00e9n sin explicaci\u00f3n y de forma grosera, de una audiencia previa que les hab\u00eda prometido el Fiscal General del estado, Raciel L\u00f3pez Salazar, en Chetumal.<\/p>\n\n\n\n<figure class=\"wp-block-image size-full\"><img loading=\"lazy\" decoding=\"async\" width=\"579\" height=\"724\" src=\"https:\/\/elcuartopoder.com.mx\/nw\/wp-content\/uploads\/2025\/07\/525755013_10162911264359770_6181418266372114058_n.png\" alt=\"\" class=\"wp-image-142781\" srcset=\"http:\/\/elcuartopoder.com.mx\/nw\/wp-content\/uploads\/2025\/07\/525755013_10162911264359770_6181418266372114058_n.png 579w, http:\/\/elcuartopoder.com.mx\/nw\/wp-content\/uploads\/2025\/07\/525755013_10162911264359770_6181418266372114058_n-240x300.png 240w\" sizes=\"auto, (max-width: 579px) 100vw, 579px\" \/><\/figure>\n\n\n\n<p>Por lo anterior, en el destino tur\u00edstico advierten que se podr\u00eda gestar un nuevo y m\u00e1s severo bloqueo carretero en el acceso a la Costa Maya debido a este incumplimiento inicial de los compromisos asumidos por el gobierno del estado, ya que varios se consideran enga\u00f1ados nuevamente por sus autoridades.<\/p>\n\n\n\n<p>El gobierno del estado, mediante el subsecretario de Gobierno, Nabil Eljure Terrazas, se comprometi\u00f3 con los colonos a establecer una mesa de di\u00e1logo para atender temas puntuales de los asentamientos irregulares afectados por litigios legales, as\u00ed como otras demandas sociales m\u00e1s que surgieron en el conflicto del pasado jueves.<\/p>\n\n\n\n<p>Como aparente muestra de la intenci\u00f3n de cumplir la palabra oficial empe\u00f1ada, a los colonos se les ofreci\u00f3 realizar una reuni\u00f3n este mi\u00e9rcoles 30 de julio a las 9 de la ma\u00f1ana en la oficina de la alcald\u00eda de Majahual, para iniciar el di\u00e1logo con las familias afectadas por el riesgo de desalojo de los lotes que ocupan.<\/p>\n\n\n\n<p>La convocatoria a la reuni\u00f3n la realiz\u00f3 el alcalde de Majahual, Fernando Hern\u00e1ndez P\u00e9rez, mediante su portal oficial en Facebook, el pasado s\u00e1bado 26 de julio, es decir, dos d\u00edas despu\u00e9s del bloqueo y de la firma de la minuta de acuerdos.<\/p>\n\n\n\n<p>En el comunicado, el alcalde convoc\u00f3 a los representantes de cada una de las colonias de Majahual a participar en la reuni\u00f3n de trabajo, afirmando que estar\u00edan presentes funcionarios de la Secretar\u00eda de Gobierno y la Agencia de Proyectos Estrat\u00e9gicos (Agepro), en el d\u00eda, la hora y el lugar ya mencionados.<\/p>\n\n\n\n<figure class=\"wp-block-image size-large\"><img loading=\"lazy\" decoding=\"async\" width=\"1024\" height=\"473\" src=\"https:\/\/elcuartopoder.com.mx\/nw\/wp-content\/uploads\/2025\/07\/515441611_10162911264409770_1956893358068688498_n-1024x473.png\" alt=\"\" class=\"wp-image-142782\" srcset=\"http:\/\/elcuartopoder.com.mx\/nw\/wp-content\/uploads\/2025\/07\/515441611_10162911264409770_1956893358068688498_n-1024x473.png 1024w, http:\/\/elcuartopoder.com.mx\/nw\/wp-content\/uploads\/2025\/07\/515441611_10162911264409770_1956893358068688498_n-300x139.png 300w, http:\/\/elcuartopoder.com.mx\/nw\/wp-content\/uploads\/2025\/07\/515441611_10162911264409770_1956893358068688498_n-768x355.png 768w, http:\/\/elcuartopoder.com.mx\/nw\/wp-content\/uploads\/2025\/07\/515441611_10162911264409770_1956893358068688498_n-1536x709.png 1536w, http:\/\/elcuartopoder.com.mx\/nw\/wp-content\/uploads\/2025\/07\/515441611_10162911264409770_1956893358068688498_n-696x321.png 696w, http:\/\/elcuartopoder.com.mx\/nw\/wp-content\/uploads\/2025\/07\/515441611_10162911264409770_1956893358068688498_n.png 1600w\" sizes=\"auto, (max-width: 1024px) 100vw, 1024px\" \/><\/figure>\n\n\n\n<p>\u201cLa asistencia de todos es de vital importancia, ya que se tocar\u00e1n temas de relevancia para nuestra comunidad respecto a la mejora de espacios p\u00fablicos, infraestructura, desarrollo social, regularizaci\u00f3n de predios, etc. \u201c, agreg\u00f3.<\/p>\n\n\n\n<p>Sin embargo, dos d\u00edas despu\u00e9s, el 28 de julio, el alcalde de Majahual tuvo que subir una nueva publicaci\u00f3n al portal oficial de la alcald\u00eda en la red social para avisar de la cancelaci\u00f3n de la reuni\u00f3n, sin explicaci\u00f3n alguna de los motivos y sin mencionar una reprogramaci\u00f3n de fecha.<\/p>\n\n\n\n<p>\u201cEstimada ciudadan\u00eda de Majahual, les ofrecemos una disculpa y hacemos de su conocimiento que por cuestiones fuera de nuestra alcance se cancela la reuni\u00f3n que estaba programada para el d\u00eda mi\u00e9rcoles 30 de julio con representantes de la Secretar\u00eda de Gobierno y Agepro. Gracias, por su comprensi\u00f3n\u201d, public\u00f3 el alcalde, junto con la imagen de su anterior convocatoria sellada con la leyenda \u201cCancelado\u201d.<\/p>\n\n\n\n<p>Pobladores de Majahual lamentaron y tambi\u00e9n reprocharon que el gobierno del estado cancelara esta reuni\u00f3n, sobre todo porque no les dicen las razones por las cuales fue cancelada ni les indican una nueva fecha para llevarla a cabo, o ni siquiera les dicen si se realizar\u00e1 o si definitivamente el gobierno cancela unilateralmente el acuerdo de una mesa de di\u00e1logo.<\/p>\n\n\n\n<p>Mientras tanto, tras no iniciar le mesa de di\u00e1logo, tampoco sienten que tengan certidumbre ni garant\u00edas de que el gobierno del estado cumplir\u00e1 el compromiso asumido por el subsecretario Nabil Eljure de pedir a la FGE una tregua en los operativos de desalojo y aseguramiento de predios que inici\u00f3 en la regi\u00f3n de la Costa Maya, y tampoco de que el fiscal general Raciel L\u00f3pez Salazar har\u00e1 caso de ese compromiso, por lo que la tensi\u00f3n sigue acumul\u00e1ndose, con riesgo del estallido de una nueva protesta social.<\/p>\n\n\n\n<p>Fuente: cambio22<\/p>\n","protected":false},"excerpt":{"rendered":"<p>&gt;El gobierno del estado de Quintana Roo ofreci\u00f3 realizar una reuni\u00f3n con colonos en la alcald\u00eda este mi\u00e9rcoles, como parte de los acuerdos para levantar el bloqueo carretero del pasado jueves en la Costa Maya, pero dos d\u00edas despu\u00e9s de la convocatoria la cancel\u00f3 unilateralmente, sin explicaci\u00f3n de motivos y sin indicar fecha de reprogramaci\u00f3n [&hellip;]<\/p>\n","protected":false},"author":2,"featured_media":142780,"comment_status":"open","ping_status":"open","sticky":false,"template":"","format":"standard","meta":{"footnotes":""},"categories":[60],"tags":[],"class_list":["post-142779","post","type-post","status-publish","format-standard","has-post-thumbnail","hentry","category-estatales"],"_links":{"self":[{"href":"http:\/\/elcuartopoder.com.mx\/nw\/wp-json\/wp\/v2\/posts\/142779","targetHints":{"allow":["GET"]}}],"collection":[{"href":"http:\/\/elcuartopoder.com.mx\/nw\/wp-json\/wp\/v2\/posts"}],"about":[{"href":"http:\/\/elcuartopoder.com.mx\/nw\/wp-json\/wp\/v2\/types\/post"}],"author":[{"embeddable":true,"href":"http:\/\/elcuartopoder.com.mx\/nw\/wp-json\/wp\/v2\/users\/2"}],"replies":[{"embeddable":true,"href":"http:\/\/elcuartopoder.com.mx\/nw\/wp-json\/wp\/v2\/comments?post=142779"}],"version-history":[{"count":1,"href":"http:\/\/elcuartopoder.com.mx\/nw\/wp-json\/wp\/v2\/posts\/142779\/revisions"}],"predecessor-version":[{"id":142783,"href":"http:\/\/elcuartopoder.com.mx\/nw\/wp-json\/wp\/v2\/posts\/142779\/revisions\/142783"}],"wp:featuredmedia":[{"embeddable":true,"href":"http:\/\/elcuartopoder.com.mx\/nw\/wp-json\/wp\/v2\/media\/142780"}],"wp:attachment":[{"href":"http:\/\/elcuartopoder.com.mx\/nw\/wp-json\/wp\/v2\/media?parent=142779"}],"wp:term":[{"taxonomy":"category","embeddable":true,"href":"http:\/\/elcuartopoder.com.mx\/nw\/wp-json\/wp\/v2\/categories?post=142779"},{"taxonomy":"post_tag","embeddable":true,"href":"http:\/\/elcuartopoder.com.mx\/nw\/wp-json\/wp\/v2\/tags?post=142779"}],"curies":[{"name":"wp","href":"https:\/\/api.w.org\/{rel}","templated":true}]}}