{"id":143288,"date":"2025-08-13T05:49:00","date_gmt":"2025-08-13T10:49:00","guid":{"rendered":"https:\/\/elcuartopoder.com.mx\/nw\/?p=143288"},"modified":"2025-08-12T22:52:46","modified_gmt":"2025-08-13T03:52:46","slug":"sociopatas-al-mando-la-peor-amenaza","status":"publish","type":"post","link":"http:\/\/elcuartopoder.com.mx\/nw\/opinion\/sociopatas-al-mando-la-peor-amenaza\/","title":{"rendered":"Soci\u00f3patas al Mando: la peor amenaza"},"content":{"rendered":"\n<p><strong>\u00abEl soci\u00f3pata representa la peor amenaza para nuestra especie en este momento, en que se requiere una visi\u00f3n planetaria, una visi\u00f3n de conjunto, de unidad, de empat\u00eda con la vida en su mayor expresi\u00f3n; es decir, con el conjunto de la vida que ocupa la Tierra.\u00bb<\/strong><\/p>\n\n\n\n<p>Los soci\u00f3patas que han tomado el poder en varias naciones del mundo son una expresi\u00f3n de aquellos que atacan lo que es una de las mayores definiciones de la especie humana: la empat\u00eda. No son los primeros ni ser\u00e1n los \u00faltimos en ir contra el sentido evolutivo de nuestra especie. Siempre han existido quienes act\u00faan contra la humanidad; el problema es cuando \u00e9sta sociedad no tiene, o ha perdido, los controles para someterlos, cuando, incluso, la sociedad es seducida por ellos.<\/p>\n\n\n\n<p>A Margaret Mead, una de las m\u00e1s reconocidas antrop\u00f3logas culturales, se le atribuye que a una pregunta que le realizaron sobre cu\u00e1l podr\u00eda ser la primera manifestaci\u00f3n de humanidad. Respondi\u00f3: un f\u00e9mur curado. El f\u00e9mur es el hueso m\u00e1s largo de nuestro cuerpo y tambi\u00e9n en muchos animales. Un hueso que si se fractura, tarda mucho en sanar, lo que impide desplazarse y hacerse de alimento, por lo tanto, el quiebre lleva a la muerte. Un f\u00e9mur curado es la manifestaci\u00f3n de la cooperaci\u00f3n, el cuidado, la empat\u00eda, del apoyo mutuo, de la humanidad.&nbsp;<\/p>\n\n\n\n<p>Una de las primeras definiciones de los soci\u00f3patas es que carecen de empat\u00eda, que no sienten el dolor de los dem\u00e1s. Podr\u00edamos decir que carecen de humanidad. No les preocupa infligir dolor a los dem\u00e1s, no se arrepienten de hacerlo, violan de manera recurrente las normas sociales y las leyes, act\u00faan sin medir las consecuencias, utilizan la mentira para obtener lo que quieren, culpan a los otros, usan a las personas y se deshacen de ellas cuando dejan de servirles. \u00bfCu\u00e1ntos gobernantes entran en estas definiciones?&nbsp;<\/p>\n\n\n\n<p>La empat\u00eda no s\u00f3lo existe entre nuestra especie; se ha descubierto al interior de muy diversas especies, pero tambi\u00e9n se ha constatado su existencia entre especies. La empat\u00eda es un rasgo ancestral entre humanos y diversos animales que act\u00faan por ayuda mutua. Puede interpretarse como una manifestaci\u00f3n de la m\u00e1s compleja evoluci\u00f3n. El dolor ajeno nos mueve: el genocidio en Gaza ha levantado protestas en todo el mundo de una manera nunca antes vista; es la manifestaci\u00f3n m\u00e1s pura de la empat\u00eda. Sin hablar de las naciones que no act\u00faan, de los poderes a los que se someten.<\/p>\n\n\n\n<p>El soci\u00f3pata no ve m\u00e1s all\u00e1 de su ego y si act\u00faa, es para satisfacerlo, para ser reconocido por el control que ejerce, por su poder. En el sistema en que vivimos, dominado por la ideolog\u00eda de la competencia, hay que avanzar de manera individual; hay que poseer, consumir, tirar y consumir; entre m\u00e1s, mejor. La propia interpretaci\u00f3n de la evoluci\u00f3n de nuestra especie, la interpretaci\u00f3n popular que se ha hecho de Darwin, es que sobrevive el m\u00e1s fuerte. Sin embargo, la evidencia de que las especies tienen \u00e9xito y evolucionan gracias al apoyo mutuo es cada vez m\u00e1s s\u00f3lida. El mundo creado por el capitalismo naciente en la Revoluci\u00f3n Industrial necesitaba una ideolog\u00eda que estableciera, que conviniera, que la competencia era parte de la naturaleza de las especies; pero la evidencia demuestra que no es as\u00ed.<\/p>\n\n\n\n<p>El soci\u00f3pata representa la peor amenaza para nuestra especie en este momento, en que se requiere una visi\u00f3n planetaria, una visi\u00f3n de conjunto, de unidad, de empat\u00eda con la vida en su mayor expresi\u00f3n; es decir, con el conjunto de la vida que ocupa la Tierra.<\/p>\n\n\n\n<p>Como humanidad, como especie en este Planeta Tierra, en esta nave que habitamos en el universo, este peque\u00f1o grano de arena, al parecer el \u00fanico con vida, que viaja en el espacio infinito, hemos perdido el rumbo; no el rumbo de la Tierra, porque ese es independiente de nosotros. Hemos perdido nuestro sentido en la Tierra, nuestro lugar en la vida.<\/p>\n\n\n\n<p>El soci\u00f3pata es la expresi\u00f3n opuesta a la conciencia planetaria que se requiere y que personajes sabios, como Edgar Morin, han llamado a inculcar desde la infancia. Si no desarrollamos esa conciencia, dif\u00edcilmente la humanidad tiene futuro. Esa conciencia est\u00e1 en el pasado y en el presente en muy diversas culturas.<\/p>\n\n\n\n<figure class=\"wp-block-embed is-type-video is-provider-youtube wp-block-embed-youtube wp-embed-aspect-16-9 wp-has-aspect-ratio\"><div class=\"wp-block-embed__wrapper\">\n<iframe loading=\"lazy\" title=\"Soci\u00f3patas al Mando: la peor amenaza. Por Alejandro Calvillo\" width=\"696\" height=\"392\" src=\"https:\/\/www.youtube.com\/embed\/okhgS1do5u4?start=10&#038;feature=oembed\" frameborder=\"0\" allow=\"accelerometer; autoplay; clipboard-write; encrypted-media; gyroscope; picture-in-picture; web-share\" referrerpolicy=\"strict-origin-when-cross-origin\" allowfullscreen><\/iframe>\n<\/div><\/figure>\n\n\n\n<p>Doy un giro a estas l\u00edneas, m\u00e1s bien un salto al espacio, al lado opuesto de los soci\u00f3patas. Diversos astronautas, al viajar al espacio y constatar la dimensi\u00f3n diminuta de la Tierra en medio del espacio infinito, han experimentado una alteraci\u00f3n de su conciencia. Este fen\u00f3meno ha sido tan com\u00fan en quienes han tenido esta experiencia que se le ha llamado&nbsp;<em>Overview Effect<\/em>, que puede traducirse como la Visi\u00f3n de Conjunto. El Planeta aparece suspendido fr\u00e1gilmente en el vac\u00edo, en algo que parece como la nada y el todo a la vez, un granito lleno de vida en medio de la oscuridad. Ver que solamente en ese diminuto Planeta existe la vida, una vida exuberante, en medio de la infinita oscuridad de galaxias, ha generado una experiencia profunda de unidad, de ser parte de un sistema y de cuidar de \u00e9l.<\/p>\n\n\n\n<p>No se requiere ser astronauta para lograr esa conciencia; existe en muy diversas culturas, en sabidur\u00edas muy antiguas que hablan de la experiencia de esa unidad, y que el movimiento contracultural y el acercamiento a Oriente revalor\u00f3 en Occidente desde los a\u00f1os 60 del siglo pasado. Podemos ver similitudes entre las experiencias de quienes han logrado observar la Tierra desde el espacio con esas culturas, con las experiencias de grandes m\u00edsticos, con lo que se reporta en muy diversas experiencias con psicotr\u00f3picos, en estados de meditaci\u00f3n profunda, en muy diversas situaciones que, incluso, pueden ocurrir de forma espont\u00e1nea.<\/p>\n\n\n\n<p>El astronauta del Apolo 14, Edgar Mitchell, explic\u00f3 su experiencia: \u201cDe pronto me sobrecogi\u00f3 la certeza de que el universo no es s\u00f3lo algo que observas, sino algo con lo que est\u00e1s \u00edntimamente conectado\u2026Sent\u00ed que estaba conectado con todo\u201d. Se pierde la identificaci\u00f3n con la nacionalidad, se experimenta la ciudadan\u00eda del mundo, se mira la vida de manera \u00edntegra en todas sus expresiones: las plantas, los animales, el agua, el viento, el fuego; se experimenta el sentido de unidad, de pertenencia a la especie y c\u00f3mo \u00e9sta est\u00e1 interconectada con todas las formas de vida.<\/p>\n\n\n\n<p>La consciencia planetaria es la expresi\u00f3n m\u00e1s profunda de la empat\u00eda, el dolor que experimentamos por el genocidio, el dolor que sentimos por los bosques arrasados, por los animales que sufren, por nuestros hermanos en pobreza, por la injusticia, es la empat\u00eda propia de nuestra especie.<\/p>\n\n\n\n<p>Los retos que tenemos como especie, como el cambio clim\u00e1tico y la necesidad de controlar los avances tecnol\u00f3gicos, en especial la inteligencia artificial, requieren, como nunca antes, que actuemos globalmente bajo la consciencia de especie y planetaria. La peor amenaza son los soci\u00f3patas en el poder. No sabremos si lo lograremos avanzar en esta consciencia planetaria que es la expresi\u00f3n m\u00e1s profunda de la empat\u00eda, pero al menos sabemos que nos ponemos en el camino correcto.<\/p>\n\n\n\n<p>Fuente: sinembargo<\/p>\n","protected":false},"excerpt":{"rendered":"<p>\u00abEl soci\u00f3pata representa la peor amenaza para nuestra especie en este momento, en que se requiere una visi\u00f3n planetaria, una visi\u00f3n de conjunto, de unidad, de empat\u00eda con la vida en su mayor expresi\u00f3n; es decir, con el conjunto de la vida que ocupa la Tierra.\u00bb Los soci\u00f3patas que han tomado el poder en varias [&hellip;]<\/p>\n","protected":false},"author":2,"featured_media":143289,"comment_status":"open","ping_status":"open","sticky":false,"template":"","format":"standard","meta":{"footnotes":""},"categories":[62],"tags":[],"class_list":["post-143288","post","type-post","status-publish","format-standard","has-post-thumbnail","hentry","category-opinion"],"_links":{"self":[{"href":"http:\/\/elcuartopoder.com.mx\/nw\/wp-json\/wp\/v2\/posts\/143288","targetHints":{"allow":["GET"]}}],"collection":[{"href":"http:\/\/elcuartopoder.com.mx\/nw\/wp-json\/wp\/v2\/posts"}],"about":[{"href":"http:\/\/elcuartopoder.com.mx\/nw\/wp-json\/wp\/v2\/types\/post"}],"author":[{"embeddable":true,"href":"http:\/\/elcuartopoder.com.mx\/nw\/wp-json\/wp\/v2\/users\/2"}],"replies":[{"embeddable":true,"href":"http:\/\/elcuartopoder.com.mx\/nw\/wp-json\/wp\/v2\/comments?post=143288"}],"version-history":[{"count":1,"href":"http:\/\/elcuartopoder.com.mx\/nw\/wp-json\/wp\/v2\/posts\/143288\/revisions"}],"predecessor-version":[{"id":143290,"href":"http:\/\/elcuartopoder.com.mx\/nw\/wp-json\/wp\/v2\/posts\/143288\/revisions\/143290"}],"wp:featuredmedia":[{"embeddable":true,"href":"http:\/\/elcuartopoder.com.mx\/nw\/wp-json\/wp\/v2\/media\/143289"}],"wp:attachment":[{"href":"http:\/\/elcuartopoder.com.mx\/nw\/wp-json\/wp\/v2\/media?parent=143288"}],"wp:term":[{"taxonomy":"category","embeddable":true,"href":"http:\/\/elcuartopoder.com.mx\/nw\/wp-json\/wp\/v2\/categories?post=143288"},{"taxonomy":"post_tag","embeddable":true,"href":"http:\/\/elcuartopoder.com.mx\/nw\/wp-json\/wp\/v2\/tags?post=143288"}],"curies":[{"name":"wp","href":"https:\/\/api.w.org\/{rel}","templated":true}]}}