{"id":143330,"date":"2025-08-13T06:25:00","date_gmt":"2025-08-13T11:25:00","guid":{"rendered":"https:\/\/elcuartopoder.com.mx\/nw\/?p=143330"},"modified":"2025-08-12T23:27:26","modified_gmt":"2025-08-13T04:27:26","slug":"anuncian-central-de-abastos-fusionada-con-centro-comercial-para-cancun","status":"publish","type":"post","link":"http:\/\/elcuartopoder.com.mx\/nw\/varios\/anuncian-central-de-abastos-fusionada-con-centro-comercial-para-cancun\/","title":{"rendered":"Anuncian central de abastos fusionada con centro comercial para Canc\u00fan"},"content":{"rendered":"\n<p>El centro comercial contar\u00e1 con \u00e1reas de tecnolog\u00eda, salud, comida, as\u00ed como tiendas t\u00edpicas.<\/p>\n\n\n\n<p>La firma Cien Grupo Inmobiliario anunci\u00f3 una inversi\u00f3n de alrededor de 800 millones&nbsp;&nbsp;de pesos en Canc\u00fan, para la&nbsp;<strong>construcci\u00f3n de un centro comercial que fusionar\u00e1 la oferta de una central de abastos<\/strong>&nbsp;con un supermercado en el centro de la ciudad.<\/p>\n\n\n\n<p>Jorge Antonio Handal Canavati, director del grupo empresarial, dio a conocer que el proyecto ya est\u00e1 probado. Normalmente, las plazas comerciales tienen como ancla una supertienda; ac\u00e1, lo que va a tener como ancla es un mercado de abastos moderno.<\/p>\n\n\n\n<p><em>\u201c<strong>Me refiero con moderno, el tener una variedad de frescura, precios y calidad del producto del campo<\/strong>\u00a0en un local comercial con las facilidades y las comodidades de una supertienda. Adem\u00e1s del mercado, el centro comercial contar\u00e1 con \u00e1reas de tecnolog\u00eda, salud (con servicios a bajo costo), comida y tiendas t\u00edpicas\u201d, agreg\u00f3.<\/em><\/p>\n\n\n\n<p>Todo lo que se venda en el centro comercial ser\u00e1 hecho en M\u00e9xico, apoyando a productores del campo, comerciantes, emprendedores y artesanos.<\/p>\n\n\n\n<p><strong>Grupo Cien se encuentra en una fase de expansi\u00f3n con este concepto de &#8216;Multicomercial\u2019<\/strong>, y de hecho ya tienen presencia en los municipios neoleoneses de Guadalupe y Apodaca; adem\u00e1s de est\u00e1 en proceso de construir en Quer\u00e9taro, Saltillo, Zapopan y ahora en Canc\u00fan.<\/p>\n\n\n\n<p><em>\u201cEstos centros comerciales est\u00e1n dirigidos a la clase media y media baja, ubic\u00e1ndose en colonias populares. El centro comercial en Canc\u00fan estar\u00e1 ubicado en la zona centro, rodeado de casas habitaci\u00f3n, buscando ser accesible para los consumidores locales\u201d, dijo.<\/em><\/p>\n\n\n\n<blockquote class=\"wp-block-quote is-layout-flow wp-block-quote-is-layout-flow\"><\/blockquote>\n\n\n\n<p>Estiman que el centro comercial en Canc\u00fan entre en operaci\u00f3n en el primer trimestre del 2026. Est\u00e1n trabajando en conjunto con el Consejo Nacional de J\u00f3venes (Conajo), el gobierno del estado y el ayuntamiento de Benito Ju\u00e1rez para impulsar la participaci\u00f3n de productores y artesanos locales.<\/p>\n\n\n\n<p><strong>Este proyecto es uno de los que formar\u00e1n parte del encuentro E50-Empresarios 2025<\/strong>, en su quinta edici\u00f3n denominada Alianzas-Empresariales Hecho en M\u00e9xico a realizarse en Canc\u00fan el pr\u00f3ximo 22 de agosto.<\/p>\n\n\n\n<p>Fuente: sipse\/Jes\u00fas V\u00e1zquez<\/p>\n","protected":false},"excerpt":{"rendered":"<p>El centro comercial contar\u00e1 con \u00e1reas de tecnolog\u00eda, salud, comida, as\u00ed como tiendas t\u00edpicas. La firma Cien Grupo Inmobiliario anunci\u00f3 una inversi\u00f3n de alrededor de 800 millones&nbsp;&nbsp;de pesos en Canc\u00fan, para la&nbsp;construcci\u00f3n de un centro comercial que fusionar\u00e1 la oferta de una central de abastos&nbsp;con un supermercado en el centro de la ciudad. Jorge Antonio [&hellip;]<\/p>\n","protected":false},"author":2,"featured_media":143331,"comment_status":"open","ping_status":"open","sticky":false,"template":"","format":"standard","meta":{"footnotes":""},"categories":[64],"tags":[],"class_list":["post-143330","post","type-post","status-publish","format-standard","has-post-thumbnail","hentry","category-varios"],"_links":{"self":[{"href":"http:\/\/elcuartopoder.com.mx\/nw\/wp-json\/wp\/v2\/posts\/143330","targetHints":{"allow":["GET"]}}],"collection":[{"href":"http:\/\/elcuartopoder.com.mx\/nw\/wp-json\/wp\/v2\/posts"}],"about":[{"href":"http:\/\/elcuartopoder.com.mx\/nw\/wp-json\/wp\/v2\/types\/post"}],"author":[{"embeddable":true,"href":"http:\/\/elcuartopoder.com.mx\/nw\/wp-json\/wp\/v2\/users\/2"}],"replies":[{"embeddable":true,"href":"http:\/\/elcuartopoder.com.mx\/nw\/wp-json\/wp\/v2\/comments?post=143330"}],"version-history":[{"count":1,"href":"http:\/\/elcuartopoder.com.mx\/nw\/wp-json\/wp\/v2\/posts\/143330\/revisions"}],"predecessor-version":[{"id":143332,"href":"http:\/\/elcuartopoder.com.mx\/nw\/wp-json\/wp\/v2\/posts\/143330\/revisions\/143332"}],"wp:featuredmedia":[{"embeddable":true,"href":"http:\/\/elcuartopoder.com.mx\/nw\/wp-json\/wp\/v2\/media\/143331"}],"wp:attachment":[{"href":"http:\/\/elcuartopoder.com.mx\/nw\/wp-json\/wp\/v2\/media?parent=143330"}],"wp:term":[{"taxonomy":"category","embeddable":true,"href":"http:\/\/elcuartopoder.com.mx\/nw\/wp-json\/wp\/v2\/categories?post=143330"},{"taxonomy":"post_tag","embeddable":true,"href":"http:\/\/elcuartopoder.com.mx\/nw\/wp-json\/wp\/v2\/tags?post=143330"}],"curies":[{"name":"wp","href":"https:\/\/api.w.org\/{rel}","templated":true}]}}