{"id":143863,"date":"2025-08-25T06:34:30","date_gmt":"2025-08-25T11:34:30","guid":{"rendered":"https:\/\/elcuartopoder.com.mx\/nw\/?p=143863"},"modified":"2025-08-25T06:34:31","modified_gmt":"2025-08-25T11:34:31","slug":"sargazo-y-poca-promocion-causan-baja-ocupacion-en-riviera-maya","status":"publish","type":"post","link":"http:\/\/elcuartopoder.com.mx\/nw\/municipales\/sargazo-y-poca-promocion-causan-baja-ocupacion-en-riviera-maya\/","title":{"rendered":"Sargazo y poca promoci\u00f3n causan baja ocupaci\u00f3n en Riviera Maya"},"content":{"rendered":"\n<p>Hoteleros advierten ca\u00edda en turismo y piden m\u00e1s acciones contra el sargazo que afecta playas y experiencias de visitantes.<\/p>\n\n\n\n<p>La ca\u00edda de la ocupaci\u00f3n hotelera en la Riviera Maya tiene que ver con el tema del sargazo, enumer\u00f3 Toni Chaves, presidente de la Asociaci\u00f3n de Hoteles de la Riviera Maya.<\/p>\n\n\n\n<p>En entrevista, el dirigente empresarial declar\u00f3 que tambi\u00e9n se debe a la desaparici\u00f3n del Consejo de Promoci\u00f3n Tur\u00edstica de M\u00e9xico, un \u00f3rgano que antes del anterior sexenio federal apuntal\u00f3 la atracci\u00f3n tur\u00edstica en M\u00e9xico.<\/p>\n\n\n\n<p><em>\u201cQue aunque no aunque no es en todas las playas ni en todos los d\u00edas, pero bueno, medi\u00e1ticamente todo el mundo se pregunta, \u00bfvoy a ir hasta all\u00e1 para que despu\u00e9s tenga yo la mala suerte de que en mi playa haya sargazo?\u201d<\/em>, se pregunt\u00f3 Toni Chaves.<\/p>\n\n\n\n<blockquote class=\"wp-block-quote is-layout-flow wp-block-quote-is-layout-flow\"><\/blockquote>\n\n\n\n<p>Esto no es para menos, en junio se concluy\u00f3 con un promedio general de 67.2% de ocupaci\u00f3n hotelera con una disponibilidad de 58 mil 28 cuartos de hotel; el destino apenas se qued\u00f3 a unas cuantas d\u00e9cimas de pasar al 59% de ocupaci\u00f3n, porcentaje que no se aprecia desde octubre del a\u00f1o pasado. Los primeros dos d\u00edas de julio, la situaci\u00f3n contin\u00faa de la misma manera.&nbsp;<\/p>\n\n\n\n<h2 class=\"wp-block-heading\">\u00bfC\u00f3mo afecta el tema de sargazo al turismo?&nbsp;<\/h2>\n\n\n\n<p>Uno de los factores que merman la ocupaci\u00f3n hotelera, es tambi\u00e9n el tema del sargazo. La gran cantidad de algas que ha arribado a la zona costera no se ve\u00eda recalar desde hace cinco a\u00f1os.&nbsp;<\/p>\n\n\n\n<p>Jos\u00e9 G\u00f3mez Burgos, secretario de la cooperativa tur\u00edstica del Mar Caribe, ha mencionado que el \u00e9xito de esta temporada depender\u00e1 de c\u00f3mo las autoridades de los tres \u00f3rdenes de gobierno ataquen este fen\u00f3meno, pues el olor que emite y su acumulaci\u00f3n dificultan caminar por la playa.<\/p>\n\n\n\n<p><em>\u201cEl Estado tiene muchos otros atractivos, como son cenotes, temas culturales deportivos, este fin de semana ha terminado un torneo importante de tenis, hemos tenido varios torneos importantes&nbsp;&nbsp;temas de festivales de m\u00fasica, como el que estuvo en Tulum con Sting\u201d.<\/em><\/p>\n\n\n\n<blockquote class=\"wp-block-quote is-layout-flow wp-block-quote-is-layout-flow\"><\/blockquote>\n\n\n\n<p>Fuente: SIPSE<\/p>\n","protected":false},"excerpt":{"rendered":"<p>Hoteleros advierten ca\u00edda en turismo y piden m\u00e1s acciones contra el sargazo que afecta playas y experiencias de visitantes. La ca\u00edda de la ocupaci\u00f3n hotelera en la Riviera Maya tiene que ver con el tema del sargazo, enumer\u00f3 Toni Chaves, presidente de la Asociaci\u00f3n de Hoteles de la Riviera Maya. En entrevista, el dirigente empresarial [&hellip;]<\/p>\n","protected":false},"author":2,"featured_media":143864,"comment_status":"open","ping_status":"open","sticky":false,"template":"","format":"standard","meta":{"footnotes":""},"categories":[6],"tags":[],"class_list":["post-143863","post","type-post","status-publish","format-standard","has-post-thumbnail","hentry","category-municipales"],"_links":{"self":[{"href":"http:\/\/elcuartopoder.com.mx\/nw\/wp-json\/wp\/v2\/posts\/143863","targetHints":{"allow":["GET"]}}],"collection":[{"href":"http:\/\/elcuartopoder.com.mx\/nw\/wp-json\/wp\/v2\/posts"}],"about":[{"href":"http:\/\/elcuartopoder.com.mx\/nw\/wp-json\/wp\/v2\/types\/post"}],"author":[{"embeddable":true,"href":"http:\/\/elcuartopoder.com.mx\/nw\/wp-json\/wp\/v2\/users\/2"}],"replies":[{"embeddable":true,"href":"http:\/\/elcuartopoder.com.mx\/nw\/wp-json\/wp\/v2\/comments?post=143863"}],"version-history":[{"count":1,"href":"http:\/\/elcuartopoder.com.mx\/nw\/wp-json\/wp\/v2\/posts\/143863\/revisions"}],"predecessor-version":[{"id":143865,"href":"http:\/\/elcuartopoder.com.mx\/nw\/wp-json\/wp\/v2\/posts\/143863\/revisions\/143865"}],"wp:featuredmedia":[{"embeddable":true,"href":"http:\/\/elcuartopoder.com.mx\/nw\/wp-json\/wp\/v2\/media\/143864"}],"wp:attachment":[{"href":"http:\/\/elcuartopoder.com.mx\/nw\/wp-json\/wp\/v2\/media?parent=143863"}],"wp:term":[{"taxonomy":"category","embeddable":true,"href":"http:\/\/elcuartopoder.com.mx\/nw\/wp-json\/wp\/v2\/categories?post=143863"},{"taxonomy":"post_tag","embeddable":true,"href":"http:\/\/elcuartopoder.com.mx\/nw\/wp-json\/wp\/v2\/tags?post=143863"}],"curies":[{"name":"wp","href":"https:\/\/api.w.org\/{rel}","templated":true}]}}