{"id":143996,"date":"2025-08-27T06:27:20","date_gmt":"2025-08-27T11:27:20","guid":{"rendered":"https:\/\/elcuartopoder.com.mx\/nw\/?p=143996"},"modified":"2025-08-27T06:27:22","modified_gmt":"2025-08-27T11:27:22","slug":"cuanto-cuesta-el-anillo-de-diamantes-de-taylor-swift-esto-sabemos-de-la-joya-disenada-por-travis-kelce","status":"publish","type":"post","link":"http:\/\/elcuartopoder.com.mx\/nw\/entretenimiento\/espectaculos\/cuanto-cuesta-el-anillo-de-diamantes-de-taylor-swift-esto-sabemos-de-la-joya-disenada-por-travis-kelce\/","title":{"rendered":"\u00bfCu\u00e1nto cuesta el anillo de diamantes de Taylor Swift? Esto sabemos de la joya dise\u00f1ada por Travis Kelce"},"content":{"rendered":"\n<p>Taylor Swift y Travis Kelce anuncian su compromiso con una joya que ya hace historia: un anillo de diamantes de est\u00e9tica victoriana que podr\u00eda costar hasta un mill\u00f3n de d\u00f3lares.<\/p>\n\n\n\n<p>El\u00a0compromiso de Taylor Swift con Travis Kelce\u00a0ha hecho estallar las redes sociales, especialmente luego de que mostrara el lujoso\u00a0anillo de compromiso\u00a0en sus redes sociales.<\/p>\n\n\n\n<p>La noticia fue anunciada este martes 26 de agosto con un carrusel de Instagram en donde vemos varias im\u00e1genes: Travis arrodillado en un jard\u00edn \u00edntimo, el anillo brillando en primer plano en una de las fotos y un mensaje acompa\u00f1ado por iron\u00eda y ternura:&nbsp;<em>\u201c<\/em>Tu profesora de ingl\u00e9s y tu profesor de gimnasio se casan<em>\u201d<\/em>, escribi\u00f3 la cantante.<\/p>\n\n\n\n<figure class=\"wp-block-image size-large\"><img loading=\"lazy\" decoding=\"async\" width=\"1024\" height=\"684\" src=\"https:\/\/elcuartopoder.com.mx\/nw\/wp-content\/uploads\/2025\/08\/t51-3-1024x684.png\" alt=\"\" class=\"wp-image-143999\" srcset=\"http:\/\/elcuartopoder.com.mx\/nw\/wp-content\/uploads\/2025\/08\/t51-3-1024x684.png 1024w, http:\/\/elcuartopoder.com.mx\/nw\/wp-content\/uploads\/2025\/08\/t51-3-300x200.png 300w, http:\/\/elcuartopoder.com.mx\/nw\/wp-content\/uploads\/2025\/08\/t51-3-768x513.png 768w, http:\/\/elcuartopoder.com.mx\/nw\/wp-content\/uploads\/2025\/08\/t51-3-696x465.png 696w, http:\/\/elcuartopoder.com.mx\/nw\/wp-content\/uploads\/2025\/08\/t51-3.png 1440w\" sizes=\"auto, (max-width: 1024px) 100vw, 1024px\" \/><\/figure>\n\n\n\n<p>La relaci\u00f3n de la cantante y el jugador de la NFL comienza en 2023, cuando Kelce asiste a un concierto de\u00a0<em>The Eras Tour<\/em>\u00a0y queda, en sus propias palabras, \u201chipnotizado\u201d por Taylor. Desde entonces, su romance se construye entre estadios y escenarios, como una de las parejas m\u00e1s medi\u00e1ticas en el mundo, lo cual qued\u00f3 refrendado en el\u00a0\u00faltimo Super Bowl de la NFL, que brill\u00f3 por la presencia de la cantante en las gradas.<\/p>\n\n\n\n<p>El anillo que le dio&nbsp;<strong>Travis a Taylor<\/strong>&nbsp;cuenta con un gran diamante de deslumbrante forma y tama\u00f1oy, desde luego, un gran valor monetario estimado por algunos expertos en la materia. Conoce todos los detalles sobre \u00e9l a continuaci\u00f3n.<\/p>\n\n\n\n<h2 class=\"wp-block-heading\">La joya: El diamante con el que Travis Kelce le pidi\u00f3 matrimonio a Taylor Swift<\/h2>\n\n\n\n<figure class=\"wp-block-image size-large\"><img loading=\"lazy\" decoding=\"async\" width=\"1024\" height=\"683\" src=\"https:\/\/elcuartopoder.com.mx\/nw\/wp-content\/uploads\/2025\/08\/t51-1024x683.png\" alt=\"\" class=\"wp-image-143998\" srcset=\"http:\/\/elcuartopoder.com.mx\/nw\/wp-content\/uploads\/2025\/08\/t51-1024x683.png 1024w, http:\/\/elcuartopoder.com.mx\/nw\/wp-content\/uploads\/2025\/08\/t51-300x200.png 300w, http:\/\/elcuartopoder.com.mx\/nw\/wp-content\/uploads\/2025\/08\/t51-768x512.png 768w, http:\/\/elcuartopoder.com.mx\/nw\/wp-content\/uploads\/2025\/08\/t51-696x464.png 696w, http:\/\/elcuartopoder.com.mx\/nw\/wp-content\/uploads\/2025\/08\/t51.png 1440w\" sizes=\"auto, (max-width: 1024px) 100vw, 1024px\" \/><\/figure>\n\n\n\n<p>El anillo que ahora descansa en la mano de Taylor Swift nace de la colaboraci\u00f3n entre el propio\u00a0jugador de la NFL Travis Kelce\u00a0y el joyero Kindred L\u00fcbeck, de la firma Artifex Fine Jewelry.<\/p>\n\n\n\n<p>La pieza despliega un diamante tallado a mano en forma de coj\u00edn, con facetas gruesas y esquinas redondeadas que hacen alusi\u00f3n a la elegancia especialmente inspirada en los\u00a0<strong>siglos XVIII y XIX<\/strong>.<\/p>\n\n\n\n<p>La piedra se engarza en una banda de oro amarillo, mientras peque\u00f1os destellos adicionales refuerzan su sofisticaci\u00f3n y gran estilo. Como si el gesto no fuera suficiente, Kelce acompa\u00f1a la propuesta con un reloj\u00a0<strong>Cartier Santos Demoiselle<\/strong>\u00a0con diamantes y una banda de oro.<\/p>\n\n\n\n<h2 class=\"wp-block-heading\">\u00bfCu\u00e1nto cuesta el anillo de Taylor Swift?<\/h2>\n\n\n\n<p>Los expertos coinciden: esta pieza no es solo un s\u00edmbolo de amor, sino tambi\u00e9n de una gran exclusividad y el costo que \u00e9sta conlleva. Benjamin Khordipour, de la joyer\u00eda de lujo Estate Diamond Jewelry de Nueva York, estima su valor en al menos<strong>&nbsp;550 mil d\u00f3lares<\/strong>, de acuerdo con el sitio especializado en bodas&nbsp;<em>Brides<\/em>.<\/p>\n\n\n\n<p>Sin embargo, hay estimaciones a\u00fan m\u00e1s altas. De acuerdo con expertos consultados por el portal&nbsp;<em>Page Six,&nbsp;<\/em>su valor de la joya recibida por Taylor Swift podr\u00eda incluso<strong>&nbsp;llegar a una valuaci\u00f3n por un mill\u00f3n de d\u00f3lares<\/strong>.<\/p>\n\n\n\n<h2 class=\"wp-block-heading\">Hasta Donald Trump felicit\u00f3 a Taylor Swift y Travis Kelce por su compromiso<\/h2>\n\n\n\n<p>El anuncio llega tan lejos que incluso el presidente\u00a0Donald Trump, que antes se hab\u00eda burlado de la cantante Taylor Swift\u00a0en el marco del \u00faltimo SUper Bowl, se pronuncia.<\/p>\n\n\n\n<p>Pese a esto, el mandatario estadounidense sorprende con un mensaje de buenos deseos:\u00a0<em>\u201c<\/em><strong>Les deseo mucha suerte. Creo que \u00e9l es un gran jugador y ella es una persona fant\u00e1stica<\/strong><em>\u201d<\/em>, dijo a la prensa durante la s\u00e9ptima reuni\u00f3n de su gabinete.<\/p>\n\n\n\n<figure class=\"wp-block-image size-large\"><img loading=\"lazy\" decoding=\"async\" width=\"1024\" height=\"684\" src=\"https:\/\/elcuartopoder.com.mx\/nw\/wp-content\/uploads\/2025\/08\/t51-2-1-1024x684.png\" alt=\"\" class=\"wp-image-143997\" srcset=\"http:\/\/elcuartopoder.com.mx\/nw\/wp-content\/uploads\/2025\/08\/t51-2-1-1024x684.png 1024w, http:\/\/elcuartopoder.com.mx\/nw\/wp-content\/uploads\/2025\/08\/t51-2-1-300x200.png 300w, http:\/\/elcuartopoder.com.mx\/nw\/wp-content\/uploads\/2025\/08\/t51-2-1-768x513.png 768w, http:\/\/elcuartopoder.com.mx\/nw\/wp-content\/uploads\/2025\/08\/t51-2-1-696x465.png 696w, http:\/\/elcuartopoder.com.mx\/nw\/wp-content\/uploads\/2025\/08\/t51-2-1.png 1440w\" sizes=\"auto, (max-width: 1024px) 100vw, 1024px\" \/><\/figure>\n\n\n\n<p>Fuente: EF<\/p>\n","protected":false},"excerpt":{"rendered":"<p>Taylor Swift y Travis Kelce anuncian su compromiso con una joya que ya hace historia: un anillo de diamantes de est\u00e9tica victoriana que podr\u00eda costar hasta un mill\u00f3n de d\u00f3lares. El\u00a0compromiso de Taylor Swift con Travis Kelce\u00a0ha hecho estallar las redes sociales, especialmente luego de que mostrara el lujoso\u00a0anillo de compromiso\u00a0en sus redes sociales. La [&hellip;]<\/p>\n","protected":false},"author":2,"featured_media":144001,"comment_status":"open","ping_status":"open","sticky":false,"template":"","format":"standard","meta":{"footnotes":""},"categories":[11],"tags":[],"class_list":["post-143996","post","type-post","status-publish","format-standard","has-post-thumbnail","hentry","category-espectaculos"],"_links":{"self":[{"href":"http:\/\/elcuartopoder.com.mx\/nw\/wp-json\/wp\/v2\/posts\/143996","targetHints":{"allow":["GET"]}}],"collection":[{"href":"http:\/\/elcuartopoder.com.mx\/nw\/wp-json\/wp\/v2\/posts"}],"about":[{"href":"http:\/\/elcuartopoder.com.mx\/nw\/wp-json\/wp\/v2\/types\/post"}],"author":[{"embeddable":true,"href":"http:\/\/elcuartopoder.com.mx\/nw\/wp-json\/wp\/v2\/users\/2"}],"replies":[{"embeddable":true,"href":"http:\/\/elcuartopoder.com.mx\/nw\/wp-json\/wp\/v2\/comments?post=143996"}],"version-history":[{"count":1,"href":"http:\/\/elcuartopoder.com.mx\/nw\/wp-json\/wp\/v2\/posts\/143996\/revisions"}],"predecessor-version":[{"id":144002,"href":"http:\/\/elcuartopoder.com.mx\/nw\/wp-json\/wp\/v2\/posts\/143996\/revisions\/144002"}],"wp:featuredmedia":[{"embeddable":true,"href":"http:\/\/elcuartopoder.com.mx\/nw\/wp-json\/wp\/v2\/media\/144001"}],"wp:attachment":[{"href":"http:\/\/elcuartopoder.com.mx\/nw\/wp-json\/wp\/v2\/media?parent=143996"}],"wp:term":[{"taxonomy":"category","embeddable":true,"href":"http:\/\/elcuartopoder.com.mx\/nw\/wp-json\/wp\/v2\/categories?post=143996"},{"taxonomy":"post_tag","embeddable":true,"href":"http:\/\/elcuartopoder.com.mx\/nw\/wp-json\/wp\/v2\/tags?post=143996"}],"curies":[{"name":"wp","href":"https:\/\/api.w.org\/{rel}","templated":true}]}}