{"id":144003,"date":"2025-08-27T06:28:54","date_gmt":"2025-08-27T11:28:54","guid":{"rendered":"https:\/\/elcuartopoder.com.mx\/nw\/?p=144003"},"modified":"2025-08-27T06:28:55","modified_gmt":"2025-08-27T11:28:55","slug":"norona-acepta-haber-comprado-mansion-de-12-millones-de-pesos-en-tepoztlan","status":"publish","type":"post","link":"http:\/\/elcuartopoder.com.mx\/nw\/politica\/norona-acepta-haber-comprado-mansion-de-12-millones-de-pesos-en-tepoztlan\/","title":{"rendered":"Noro\u00f1a acepta haber comprado mansi\u00f3n de 12 millones de pesos, en Tepoztl\u00e1n"},"content":{"rendered":"\n<p>El presidente del Senado,&nbsp;<strong>Gerardo Fern\u00e1ndez Noro\u00f1a,&nbsp;<\/strong>reconoci\u00f3 p\u00fablicamente la compra de una propiedad valuada en&nbsp;<strong>12 millones de pesos<\/strong>. \u201cToda mi informaci\u00f3n patrimonial se encuentra en mi declaraci\u00f3n p\u00fablica\u201d, afirm\u00f3 el legislador en su cuenta de X.<\/p>\n\n\n\n<p>La investigaci\u00f3n del medio&nbsp;<em>Eme Equis<\/em>&nbsp;document\u00f3 que se trata de una casa de&nbsp;<strong>mil 201 metros cuadrados de terreno y 259 metros de construcci\u00f3n,&nbsp;<\/strong>adquirida en noviembre de 2024 mediante un cr\u00e9dito hipotecario.<\/p>\n\n\n\n<p>En su declaraci\u00f3n patrimonial, sin embargo, el senador no especific\u00f3&nbsp;<strong>ni la ubicaci\u00f3n exacta de la vivienda<\/strong>&nbsp;ni con qu\u00e9 banco obtuvo el financiamiento.<\/p>\n\n\n\n<p>El propio morenista explic\u00f3 que la casa, ubicada en&nbsp;<strong>Tepoztl\u00e1n&nbsp;<\/strong>y que antes rentaba, la est\u00e1 pagando a cr\u00e9dito, y que toda esa informaci\u00f3n es de consulta p\u00fablica.<\/p>\n\n\n\n<p>El mismo registro patrimonial muestra que en 2023 Fern\u00e1ndez Noro\u00f1a tambi\u00e9n compr\u00f3<strong>&nbsp;un Volvo por 650 mil pesos,<\/strong>&nbsp;adem\u00e1s de declarar<strong>&nbsp;un adeudo de 1 mill\u00f3n de pesos con HSBC.&nbsp;<\/strong>A ello se suma que todav\u00eda paga un cr\u00e9dito por una camioneta Volvo adquirida en 2021 por 1 mill\u00f3n 500 mil pesos.<\/p>\n\n\n\n<p>El senador tambi\u00e9n inform\u00f3 que en 2023 obtuvo ingresos adicionales:&nbsp;<strong>72 mil 500 pesos mensuales por columnas en prensa y 188 mil pesos mensuales por su canal de YouTube<\/strong>, aunque en sus declaraciones de 2024 y 2025 ya no report\u00f3 recursos extra m\u00e1s all\u00e1 de su sueldo legislativo.<\/p>\n\n\n\n<p>Noro\u00f1a ha defendido su patrimonio argumentando que proviene de&nbsp;<strong>ingresos leg\u00edtimos&nbsp;<\/strong>y que \u201cno est\u00e1 gastando por encima de su ingreso establecido por la ley\u201d. Asimismo, ha insistido en que las pol\u00edticas de austeridad deben aplicarse al gasto gubernamental, no a la<strong>&nbsp;vida privada de los funcionarios.<\/strong><\/p>\n\n\n\n<p>El legislador de Morena incluso inform\u00f3 que es beneficiario de la&nbsp;<strong>Pensi\u00f3n para el Bienestar&nbsp;<\/strong>de las Personas Adultas Mayores, la cual otorga<strong>&nbsp;6 mil 200 pesos bimestrales.<\/strong><\/p>\n\n\n\n<p>Fuente: nacion321<\/p>\n","protected":false},"excerpt":{"rendered":"<p>El presidente del Senado,&nbsp;Gerardo Fern\u00e1ndez Noro\u00f1a,&nbsp;reconoci\u00f3 p\u00fablicamente la compra de una propiedad valuada en&nbsp;12 millones de pesos. \u201cToda mi informaci\u00f3n patrimonial se encuentra en mi declaraci\u00f3n p\u00fablica\u201d, afirm\u00f3 el legislador en su cuenta de X. La investigaci\u00f3n del medio&nbsp;Eme Equis&nbsp;document\u00f3 que se trata de una casa de&nbsp;mil 201 metros cuadrados de terreno y 259 metros [&hellip;]<\/p>\n","protected":false},"author":2,"featured_media":144004,"comment_status":"open","ping_status":"open","sticky":false,"template":"","format":"standard","meta":{"footnotes":""},"categories":[61],"tags":[],"class_list":["post-144003","post","type-post","status-publish","format-standard","has-post-thumbnail","hentry","category-politica"],"_links":{"self":[{"href":"http:\/\/elcuartopoder.com.mx\/nw\/wp-json\/wp\/v2\/posts\/144003","targetHints":{"allow":["GET"]}}],"collection":[{"href":"http:\/\/elcuartopoder.com.mx\/nw\/wp-json\/wp\/v2\/posts"}],"about":[{"href":"http:\/\/elcuartopoder.com.mx\/nw\/wp-json\/wp\/v2\/types\/post"}],"author":[{"embeddable":true,"href":"http:\/\/elcuartopoder.com.mx\/nw\/wp-json\/wp\/v2\/users\/2"}],"replies":[{"embeddable":true,"href":"http:\/\/elcuartopoder.com.mx\/nw\/wp-json\/wp\/v2\/comments?post=144003"}],"version-history":[{"count":1,"href":"http:\/\/elcuartopoder.com.mx\/nw\/wp-json\/wp\/v2\/posts\/144003\/revisions"}],"predecessor-version":[{"id":144005,"href":"http:\/\/elcuartopoder.com.mx\/nw\/wp-json\/wp\/v2\/posts\/144003\/revisions\/144005"}],"wp:featuredmedia":[{"embeddable":true,"href":"http:\/\/elcuartopoder.com.mx\/nw\/wp-json\/wp\/v2\/media\/144004"}],"wp:attachment":[{"href":"http:\/\/elcuartopoder.com.mx\/nw\/wp-json\/wp\/v2\/media?parent=144003"}],"wp:term":[{"taxonomy":"category","embeddable":true,"href":"http:\/\/elcuartopoder.com.mx\/nw\/wp-json\/wp\/v2\/categories?post=144003"},{"taxonomy":"post_tag","embeddable":true,"href":"http:\/\/elcuartopoder.com.mx\/nw\/wp-json\/wp\/v2\/tags?post=144003"}],"curies":[{"name":"wp","href":"https:\/\/api.w.org\/{rel}","templated":true}]}}