{"id":144012,"date":"2025-08-27T06:35:06","date_gmt":"2025-08-27T11:35:06","guid":{"rendered":"https:\/\/elcuartopoder.com.mx\/nw\/?p=144012"},"modified":"2025-08-27T06:35:08","modified_gmt":"2025-08-27T11:35:08","slug":"acusan-a-gafsacom-de-impedir-acceso-a-playas-en-tulum","status":"publish","type":"post","link":"http:\/\/elcuartopoder.com.mx\/nw\/municipales\/acusan-a-gafsacom-de-impedir-acceso-a-playas-en-tulum\/","title":{"rendered":"Acusan a Gafsacom de impedir acceso a playas en Tulum"},"content":{"rendered":"\n<p>La paraestatal se encarga de manejar el Parque Nacional del Jaguar, dijo el alcalde de Tulum.<\/p>\n\n\n\n<p>El alcalde de Tulum,&nbsp;<strong>Diego Casta\u00f1\u00f3n Trejo<\/strong>, denunci\u00f3 incumplimiento de la paraestatal que maneja el&nbsp;<strong>Parque Nacional del Jaguar<\/strong>, al no permitir el ingreso a las playas de manera gratuita a la poblaci\u00f3n local.<\/p>\n\n\n\n<p>Casta\u00f1\u00f3n Trejo, en su conferencia matutina de los lunes, dijo que la empresa Grupo Aeroportuario, Ferroviario, de&nbsp;<strong>Servicios Auxiliares y Conexos Olmeca Maya-Mexica<\/strong>&nbsp;(<strong>Gafsacom<\/strong>) no ha cumplido el pacto de dejar ingresar de manera gratuita a los habitantes de Tulum al Parque Nacional del Jaguar y, por ende, a la zona costera, pues ellos manejan el ingreso a la playa.<\/p>\n\n\n\n<p><em>\u201cHemos tenido muchas quejas de los locales, de que no los dejan entrar a la playa porque est\u00e1 dentro del parque del Jaguar. Cuando&nbsp;<strong>Gafsacom<\/strong>, la empresa y nosotros hab\u00edamos hecho un acuerdo, y ese acuerdo era que ense\u00f1an do las credenciales pod\u00edan entrar, pero no se ha respetado ese acuerdo\u201d<\/em>, afirm\u00f3 Casta\u00f1\u00f3n Trejo.<\/p>\n\n\n\n<blockquote class=\"wp-block-quote is-layout-flow wp-block-quote-is-layout-flow\"><\/blockquote>\n\n\n\n<p>A partir de la creaci\u00f3n del<strong>&nbsp;Parque Nacional del Jaguar<\/strong>, el inmueble, como \u00c1rea Natural Protegida, se le construyeron elementos de atracci\u00f3n tur\u00edstica que abarc\u00f3 el \u00e1rea de costa, entre estos, la&nbsp;<strong>zona arqueol\u00f3gica de Tulum<\/strong>.<\/p>\n\n\n\n<p>Los accesos a la costa son por pago de derechos desde los 100 pesos, pues la zona del litoral forma parte del parque. En un principio se dijo que este cobro s\u00f3lo ser\u00eda para personas de otros estados y extranjeros; sin embargo, esto tambi\u00e9n aplica para los locales, que ahora tienen que pagar para asistir a sus playas o quedarse sin el acceso.<\/p>\n\n\n\n<p>Fuente: SIPSE<\/p>\n","protected":false},"excerpt":{"rendered":"<p>La paraestatal se encarga de manejar el Parque Nacional del Jaguar, dijo el alcalde de Tulum. El alcalde de Tulum,&nbsp;Diego Casta\u00f1\u00f3n Trejo, denunci\u00f3 incumplimiento de la paraestatal que maneja el&nbsp;Parque Nacional del Jaguar, al no permitir el ingreso a las playas de manera gratuita a la poblaci\u00f3n local. Casta\u00f1\u00f3n Trejo, en su conferencia matutina de [&hellip;]<\/p>\n","protected":false},"author":2,"featured_media":144013,"comment_status":"open","ping_status":"open","sticky":false,"template":"","format":"standard","meta":{"footnotes":""},"categories":[6],"tags":[],"class_list":["post-144012","post","type-post","status-publish","format-standard","has-post-thumbnail","hentry","category-municipales"],"_links":{"self":[{"href":"http:\/\/elcuartopoder.com.mx\/nw\/wp-json\/wp\/v2\/posts\/144012","targetHints":{"allow":["GET"]}}],"collection":[{"href":"http:\/\/elcuartopoder.com.mx\/nw\/wp-json\/wp\/v2\/posts"}],"about":[{"href":"http:\/\/elcuartopoder.com.mx\/nw\/wp-json\/wp\/v2\/types\/post"}],"author":[{"embeddable":true,"href":"http:\/\/elcuartopoder.com.mx\/nw\/wp-json\/wp\/v2\/users\/2"}],"replies":[{"embeddable":true,"href":"http:\/\/elcuartopoder.com.mx\/nw\/wp-json\/wp\/v2\/comments?post=144012"}],"version-history":[{"count":1,"href":"http:\/\/elcuartopoder.com.mx\/nw\/wp-json\/wp\/v2\/posts\/144012\/revisions"}],"predecessor-version":[{"id":144014,"href":"http:\/\/elcuartopoder.com.mx\/nw\/wp-json\/wp\/v2\/posts\/144012\/revisions\/144014"}],"wp:featuredmedia":[{"embeddable":true,"href":"http:\/\/elcuartopoder.com.mx\/nw\/wp-json\/wp\/v2\/media\/144013"}],"wp:attachment":[{"href":"http:\/\/elcuartopoder.com.mx\/nw\/wp-json\/wp\/v2\/media?parent=144012"}],"wp:term":[{"taxonomy":"category","embeddable":true,"href":"http:\/\/elcuartopoder.com.mx\/nw\/wp-json\/wp\/v2\/categories?post=144012"},{"taxonomy":"post_tag","embeddable":true,"href":"http:\/\/elcuartopoder.com.mx\/nw\/wp-json\/wp\/v2\/tags?post=144012"}],"curies":[{"name":"wp","href":"https:\/\/api.w.org\/{rel}","templated":true}]}}