{"id":144286,"date":"2025-09-01T06:34:40","date_gmt":"2025-09-01T11:34:40","guid":{"rendered":"https:\/\/elcuartopoder.com.mx\/nw\/?p=144286"},"modified":"2025-09-01T06:34:42","modified_gmt":"2025-09-01T11:34:42","slug":"como-preparar-cafe-con-proteina-para-aumentar-energia-y-fortalecer-los-musculos","status":"publish","type":"post","link":"http:\/\/elcuartopoder.com.mx\/nw\/entretenimiento\/salud\/como-preparar-cafe-con-proteina-para-aumentar-energia-y-fortalecer-los-musculos\/","title":{"rendered":"C\u00f3mo preparar caf\u00e9 con prote\u00edna para aumentar energ\u00eda y fortalecer los m\u00fasculos"},"content":{"rendered":"\n<p>Se trata de una bebida que se volvi\u00f3 tendencia en redes y ahora es vista como una alternativa pr\u00e1ctica para ganar masa muscular y empezar el d\u00eda con m\u00e1s fuerza.<\/p>\n\n\n\n<p>El\u00a0<strong>caf\u00e9<\/strong>\u00a0con\u00a0<strong>prote\u00edna<\/strong>, conocido como<strong>\u00a0proffee<\/strong>, dej\u00f3 de ser un simple fen\u00f3meno viral en\u00a0<strong>TikTok<\/strong>\u00a0para convertirse en una de las bebidas m\u00e1s comentadas dentro del mundo fitness. La combinaci\u00f3n de cafe\u00edna y prote\u00edna en polvo promete un desayuno r\u00e1pido, energ\u00e9tico y nutritivo, capaz de aportar lo necesario para arrancar la jornada con mayor vitalidad.<\/p>\n\n\n\n<p>Seg\u00fan especialistas, esta mezcla puede ayudar a quienes buscan aumentar su ingesta de<strong>&nbsp;prote\u00ednas<\/strong>&nbsp;de forma pr\u00e1ctica, sobre todo si no logran cubrir los requerimientos diarios solo con la&nbsp;<strong>alimentaci\u00f3n<\/strong>. Al mismo tiempo, la cafe\u00edna funciona como un estimulante natural que activa el cuerpo y mejora el rendimiento f\u00edsico y mental.<\/p>\n\n\n\n<figure class=\"wp-block-image\"><img decoding=\"async\" src=\"https:\/\/heraldodemexico.com.mx\/u\/fotografias\/m\/2025\/8\/28\/f768x1-1175362_1175489_5050.jpg\" alt=\"\"\/><figcaption class=\"wp-element-caption\">Caf\u00e9 con prote\u00ednas. Foto: iStock<\/figcaption><\/figure>\n\n\n\n<p>La clave est\u00e1 en c\u00f3mo se prepara, ya que se debe a\u00f1adir prote\u00edna en polvo (de suero de leche, vegetal o la que mejor se adapte a cada persona) a un&nbsp;<strong>caf\u00e9&nbsp;<\/strong>ya fr\u00edo o tibio, para evitar que el calor excesivo altere la textura. Algunas variantes populares incluyen a\u00f1adir leche, pl\u00e1tano, cacao o canela para mejorar el sabor y sumar nutrientes.<\/p>\n\n\n\n<p>Eso s\u00ed, hay que tener en cuenta que no se trata de una f\u00f3rmula m\u00e1gica, debido a que el&nbsp;<strong>proffee<\/strong>&nbsp;no reemplaza a una dieta equilibrada ni al aporte de prote\u00edna proveniente de carnes, huevos, l\u00e1cteos o legumbres. Sin embargo, s\u00ed representa un complemento interesante, sobre todo para quienes entrenan de forma regular o necesitan un impulso energ\u00e9tico antes o despu\u00e9s de la actividad f\u00edsica.<\/p>\n\n\n\n<p>Otro punto a considerar son los polvos de<strong>\u00a0prote\u00edna<\/strong><a href=\"https:\/\/heraldodemexico.com.mx\/estilo-de-vida\/2025\/8\/27\/descubre-que-desayuno-cuida-mejor-tu-salud-huevos-con-jamon-machacado-con-huevo-725462.html\">,<\/a>\u00a0pero no todos funcionan igual: algunos sabores se integran mejor (como vainilla o chocolate), mientras que otros pueden chocar con el gusto del\u00a0<strong>caf\u00e9<\/strong>. Por otro lado, conviene elegir opciones bajas en az\u00facares a\u00f1adidos para mantener la bebida saludable.<\/p>\n\n\n\n<figure class=\"wp-block-image\"><img decoding=\"async\" src=\"https:\/\/heraldodemexico.com.mx\/u\/fotografias\/m\/2025\/8\/28\/f768x1-1175361_1175488_5050.jpg\" alt=\"\"\/><figcaption class=\"wp-element-caption\">Caf\u00e9 con prote\u00ednas. Foto: iStock<\/figcaption><\/figure>\n\n\n\n<p>Por \u00faltimo, el&nbsp;<strong>caf\u00e9 con prote\u00edna&nbsp;<\/strong>se ha consolidado como una alternativa accesible para quienes buscan ganar masa muscular, mejorar la recuperaci\u00f3n tras el ejercicio y mantener un estilo de vida m\u00e1s activo.<\/p>\n\n\n\n<p>Fuente: Heraldo de M\u00e9xico<\/p>\n","protected":false},"excerpt":{"rendered":"<p>Se trata de una bebida que se volvi\u00f3 tendencia en redes y ahora es vista como una alternativa pr\u00e1ctica para ganar masa muscular y empezar el d\u00eda con m\u00e1s fuerza. El\u00a0caf\u00e9\u00a0con\u00a0prote\u00edna, conocido como\u00a0proffee, dej\u00f3 de ser un simple fen\u00f3meno viral en\u00a0TikTok\u00a0para convertirse en una de las bebidas m\u00e1s comentadas dentro del mundo fitness. La combinaci\u00f3n [&hellip;]<\/p>\n","protected":false},"author":2,"featured_media":144287,"comment_status":"open","ping_status":"open","sticky":false,"template":"","format":"standard","meta":{"footnotes":""},"categories":[56],"tags":[],"class_list":["post-144286","post","type-post","status-publish","format-standard","has-post-thumbnail","hentry","category-salud"],"_links":{"self":[{"href":"http:\/\/elcuartopoder.com.mx\/nw\/wp-json\/wp\/v2\/posts\/144286","targetHints":{"allow":["GET"]}}],"collection":[{"href":"http:\/\/elcuartopoder.com.mx\/nw\/wp-json\/wp\/v2\/posts"}],"about":[{"href":"http:\/\/elcuartopoder.com.mx\/nw\/wp-json\/wp\/v2\/types\/post"}],"author":[{"embeddable":true,"href":"http:\/\/elcuartopoder.com.mx\/nw\/wp-json\/wp\/v2\/users\/2"}],"replies":[{"embeddable":true,"href":"http:\/\/elcuartopoder.com.mx\/nw\/wp-json\/wp\/v2\/comments?post=144286"}],"version-history":[{"count":1,"href":"http:\/\/elcuartopoder.com.mx\/nw\/wp-json\/wp\/v2\/posts\/144286\/revisions"}],"predecessor-version":[{"id":144288,"href":"http:\/\/elcuartopoder.com.mx\/nw\/wp-json\/wp\/v2\/posts\/144286\/revisions\/144288"}],"wp:featuredmedia":[{"embeddable":true,"href":"http:\/\/elcuartopoder.com.mx\/nw\/wp-json\/wp\/v2\/media\/144287"}],"wp:attachment":[{"href":"http:\/\/elcuartopoder.com.mx\/nw\/wp-json\/wp\/v2\/media?parent=144286"}],"wp:term":[{"taxonomy":"category","embeddable":true,"href":"http:\/\/elcuartopoder.com.mx\/nw\/wp-json\/wp\/v2\/categories?post=144286"},{"taxonomy":"post_tag","embeddable":true,"href":"http:\/\/elcuartopoder.com.mx\/nw\/wp-json\/wp\/v2\/tags?post=144286"}],"curies":[{"name":"wp","href":"https:\/\/api.w.org\/{rel}","templated":true}]}}