{"id":144305,"date":"2025-09-01T12:24:51","date_gmt":"2025-09-01T17:24:51","guid":{"rendered":"https:\/\/elcuartopoder.com.mx\/nw\/?p=144305"},"modified":"2025-09-01T12:24:53","modified_gmt":"2025-09-01T17:24:53","slug":"los-nuevos-9-rostros-de-la-scjn-quien-es-quien-en-la-suprema-corte-de-justicia-de-la-nacion","status":"publish","type":"post","link":"http:\/\/elcuartopoder.com.mx\/nw\/destacadas\/los-nuevos-9-rostros-de-la-scjn-quien-es-quien-en-la-suprema-corte-de-justicia-de-la-nacion\/","title":{"rendered":"Los nuevos 9 rostros de la SCJN: \u00bfQui\u00e9n es qui\u00e9n en la Suprema Corte de Justicia de la Naci\u00f3n?"},"content":{"rendered":"\n<p>La SCJN entra en una nueva etapa con una plantilla renovada a trav\u00e9s del voto ciudadano en las elecciones del Poder Judicial. Conoce a los nueve ministros electos que asumen funciones este lunes 1 de septiembre.<\/p>\n\n\n\n<p>El\u00a0<strong>Poder Judicial en M\u00e9xico\u00a0<\/strong>est\u00e1 a unas horas de vivir un cambio hist\u00f3rico. La\u00a0Suprema Corte de Justicia de la Naci\u00f3n (SCJN)\u00a0est\u00e1 lista para la llegada de los\u00a0nuevos ministros\u00a0que tendr\u00e1n en sus manos el rumbo de una nueva era en el sistema judicial.<\/p>\n\n\n\n<p>Por primera vez en la historia, los representantes del M\u00e1ximo Tribunal no fueron elegidos por el presidente o el Senado, sino por el<strong>\u00a0voto ciudadano<\/strong>\u00a0en las\u00a0elecciones judiciales del pasado 1 de junio, marcando un hito en este proceso.<\/p>\n\n\n\n<p>Los\u00a0ministros electos\u00a0entrar\u00e1n en funcioneseste<strong>\u00a0lunes 1 de septiembre<\/strong>. Aunque muchos celebran este paso como una victoria democr\u00e1tica, tambi\u00e9n hay quienes advierten sobre el riesgo de que la Suprema Corte pueda perder su independencia.<\/p>\n\n\n\n<p>Si a\u00fan no los conoces, aqu\u00ed te compartimos los perfiles de\u00a0los nuevos ministros de la Corte.<\/p>\n\n\n\n<h2 class=\"wp-block-heading\">Cambio en la SCJN: \u00bfQui\u00e9nes son los nuevos ministros de la Corte?<\/h2>\n\n\n\n<p>A partir de este 1 de septiembre, cinco mujeres y cuatro hombres\u00a0toman las riendas de la Suprema Corte\u00a0de Justicia de la Naci\u00f3n.<\/p>\n\n\n\n<p>Estos son los perfiles de los nuevos ministros, aunque hay algunos que repetir\u00e1n en el encargo.<\/p>\n\n\n\n<h3 class=\"wp-block-heading\">Hugo Aguilar Ortiz, el nuevo presidente de la SCJN<\/h3>\n\n\n\n<p>El\u00a0<strong>abogado mixteco<\/strong>\u00a0originario de San Agust\u00edn Tlacotepec, Oaxaca, ser\u00e1\u00a0el nuevo presidente de la SCJN\u00a0tras obtener la mayor cantidad de votos en la\u00a0<strong>elecci\u00f3n judicial<\/strong>. Tiene formaci\u00f3n en Derecho y una Maestr\u00eda en Derecho Constitucional por la Universidad Aut\u00f3noma Benito Ju\u00e1rez de Oaxaca<\/p>\n\n\n\n<p>Hugo Aguilar Ortiz, quien defendi\u00f3 el uso de acordeones en la elecci\u00f3n judicial, es conocido por ser un activista en defensa de los derechos de los pueblos ind\u00edgenas e incluso fue consultor para la Oficina en M\u00e9xico del Alto Comisionado de las Naciones Unidas para los Derechos Humanos.<\/p>\n\n\n\n<p>En declaraciones recientes, adelant\u00f3 que durante su gesti\u00f3n revisar\u00e1 y modificar\u00e1 el presupuesto del 2026 para\u00a0ajustar a la baja los salarios de la Suprema Corte\u00a0y prometi\u00f3 \u201cmano dura\u201d y\u00a0ser aliado del SAT en casos relacionados con pago de impuestos.<\/p>\n\n\n\n<figure class=\"wp-block-image is-resized\"><img decoding=\"async\" src=\"https:\/\/www.elfinanciero.com.mx\/resizer\/v2\/22SFXPSXANGFRPKBMWOW75NTBY.jpg?auth=ede067d2012fedefb0c57efa44cee2dd9ccfcf666078914462d3f02b7ad028bf&amp;width=400&amp;height=266&amp;quality=85\" alt=\"alt default\" style=\"width:726px;height:auto\"\/><figcaption class=\"wp-element-caption\">Originario de Oaxaca, el nuevo presidente de la Corte promete reducir salarios y combatir la evasi\u00f3n fiscal.&nbsp;(Mario Jasso)<\/figcaption><\/figure>\n\n\n\n<h3 class=\"wp-block-heading\">Lenia Batres Guadarrama, la \u2018ministra del pueblo\u2019<\/h3>\n\n\n\n<p>Lenia Batres Guadarrama, hermana del ex Jefe de Gobierno de la CDMX y\u00a0actual director del ISSTE, Mart\u00ed Batres, es la \u00faltima en ser designada por el\u00a0<strong>expresidente Andr\u00e9s Manuel L\u00f3pez Obrador<\/strong>.<\/p>\n\n\n\n<p>Batres se gradu\u00f3 en Derecho por la Universidad Humanitas, y tiene maestr\u00edas en Derecho Penal, Estudios de la Ciudad y Gesti\u00f3n P\u00fablica. Al igual que sus hermanos, tiene una larga trayectoria con la izquierda pol\u00edtica e incluso&nbsp;<strong>fue asesora de L\u00f3pez Obrador entre 2002 y 2004<\/strong>, cuando era Jefe de Gobierno del entonces Distrito Federal.<\/p>\n\n\n\n<p>La llamada\u00a0\u2018ministra del pueblo\u2019\u00a0milit\u00f3 en el Partido Socialista Unificado de M\u00e9xico y en el extinto Partido de la Revoluci\u00f3n Democr\u00e1tica (<strong>PRD<\/strong>). Recientemente, critic\u00f3 la aprobaci\u00f3n de un\u00a0presupuesto de lujo para alimentos de los pr\u00f3ximos ministros\u00a0(ella incluida), adem\u00e1s de protagonizar algunos roces con la ministra presidenta saliente,\u00a0Norma Pi\u00f1a.<\/p>\n\n\n\n<figure class=\"wp-block-image is-resized\"><img decoding=\"async\" src=\"https:\/\/www.elfinanciero.com.mx\/resizer\/v2\/V35N5LF2AVBD7ABP35SGG3GZ3E.jpg?auth=6f1017e0731559a67a0f04bd93a30efc1d947282f9a31e1c2bc3e62b25df0bf2&amp;width=400&amp;height=266&amp;quality=85\" alt=\"alt default\" style=\"width:726px;height:auto\"\/><figcaption class=\"wp-element-caption\">Lenia Batres, la &#8216;ministra del pueblo&#8217;, es una de las figuras m\u00e1s visibles de la 4T dentro de la Corte.&nbsp;(Mario Jasso)<\/figcaption><\/figure>\n\n\n\n<h3 class=\"wp-block-heading\">Sara Irene Herrer\u00edas Guerra, la fiscal de derechos humanos<\/h3>\n\n\n\n<p>Sara Irene Herrer\u00edas Guerra, quien era titular de la<strong>\u00a0Fiscal\u00eda Especializada en Materia de Derechos Humanos (FEMDH) de la FGR<\/strong>, fue electa ministra con m\u00e1s de 3.2 millones de votos. Su trayectoria tambi\u00e9n incluye cargos en la CNDH y en la extinta PGR.<\/p>\n\n\n\n<p>Es egresada de la licenciatura en Derecho por la UNAM, donde tambi\u00e9n curso una maestr\u00eda, y es maestra en Criminolog\u00eda. Tambi\u00e9n tiene un Doctorado en Ciencias Penales y Pol\u00edtica Penal en el Instituto Nacional de Ciencias Penales (INACIPE).<\/p>\n\n\n\n<p>Sobre el\u00a0incendio en un centro de detenci\u00f3n de migrantes de Ciudad Ju\u00e1rez, en marzo de 2023, donde 40 personas migrantes fallecieron y otras 26 resultaron heridas, Herrer\u00edas apunt\u00f3 negligencia por personal del Instituto Nacional de Migraci\u00f3n (INM).<\/p>\n\n\n\n<figure class=\"wp-block-image is-resized\"><img decoding=\"async\" src=\"https:\/\/www.elfinanciero.com.mx\/resizer\/v2\/PKYXKSCOHNDTBH4KXLRGZMKNQA.jpg?auth=ca95bf469e195aa470d478011b0b1ed9465dc84ea6b7a782079acaa616f59059&amp;width=400&amp;height=266&amp;quality=85\" alt=\"alt default\" style=\"width:726px;height:auto\"\/><figcaption class=\"wp-element-caption\">Exfiscal de derechos humanos, Sara Herrer\u00edas fue elegida ministra tras una larga trayectoria en justicia penal.&nbsp;(Mois\u00e9s Pablo Nava)<\/figcaption><\/figure>\n\n\n\n<h3 class=\"wp-block-heading\">Yasm\u00edn Esquivel Mossa, la ministra de la transformaci\u00f3n<\/h3>\n\n\n\n<p>Yasm\u00edn Esquivel Mossa, quien lleg\u00f3 a la Corte en 2019 propuesta por el expresidente L\u00f3pez Obrador, fue reelegida con m\u00e1s de 5.3 millones de votos. Desde entonces, se ha mantenido como una voz influyente en la SCJN.<\/p>\n\n\n\n<p>Es&nbsp;<strong>licenciada en Derecho por la UNAM<\/strong>&nbsp;y cuenta con una maestr\u00eda en Derecho por la Universidad An\u00e1huac, as\u00ed como un doctorado en Derecho por la Universidad Complutense de Madrid. Su trayectoria abarca m\u00e1s de 38 a\u00f1os en el servicio p\u00fablico, destac\u00e1ndose en el \u00e1mbito jurisdiccional durante los \u00faltimos 23 a\u00f1os.<\/p>\n\n\n\n<p>Como parte de su trayectoria, destaca el tiempo que fungi\u00f3 como presidenta de la\u00a0Segunda Sala de la Suprema Corte. Tambi\u00e9n ha sido representante ante el Comit\u00e9 Interinstitucional de Igualdad de G\u00e9nero del Poder Judicial de la Federaci\u00f3n.<\/p>\n\n\n\n<figure class=\"wp-block-image is-resized\"><img decoding=\"async\" src=\"https:\/\/www.elfinanciero.com.mx\/resizer\/v2\/KAVIZMSIFRFLBCMAQFRICIQT6U.jpg?auth=e1d4b9571dc1c7e2e05583b2f6013d8913b8960a3ccd55aec097650ca6dc8043&amp;width=400&amp;height=266&amp;quality=85\" alt=\"alt default\" style=\"width:726px;height:auto\"\/><figcaption class=\"wp-element-caption\">Reelegida con m\u00e1s de cinco millones de votos, Yasm\u00edn Esquivel ha sido una voz activa en la transformaci\u00f3n judicial.&nbsp;(Daniel Augusto)<\/figcaption><\/figure>\n\n\n\n<h3 class=\"wp-block-heading\">Loretta Ortiz Ahlf, de consejera jur\u00eddica a ministra<\/h3>\n\n\n\n<p>Loretta Ortiz Ahlf, ministra desde 2021, logr\u00f3 m\u00e1s de 5 millones de votos en su reelecci\u00f3n. Antes de llegar a la Suprema Corte, fue\u00a0<strong>consejera de la Judicatura Federal<\/strong>, cargo que desempe\u00f1\u00f3 hasta el 19 de noviembre de ese mismo a\u00f1o.<\/p>\n\n\n\n<p>Es&nbsp;<strong>egresada de la Escuela Libre de Derecho<\/strong>, con un maestr\u00eda en Derechos Humanos por la Universidad Iberoamericana y un doctorado en Derechos Humanos y Derecho Comunitario Europeo por la Universidad Nacional de Educaci\u00f3n a Distancia de Espa\u00f1a.<\/p>\n\n\n\n<p>Tambi\u00e9n ha sido directora y docente del Departamento de Derecho de la Universidad Iberoamericana, y ha impartido c\u00e1tedra en la Universidad Panamericana, en el Instituto Mat\u00edas Romero y en la Escuela Libre de Derecho.<\/p>\n\n\n\n<figure class=\"wp-block-image is-resized\"><img decoding=\"async\" src=\"https:\/\/www.elfinanciero.com.mx\/resizer\/v2\/TERFIDRYEZCTDAQZHKSZN7SIM4.jpg?auth=9e6bd925f8f19b2be08ae63d39d1e9fb62a2ca4cec053d0e9c7e2c5d8a6f7e0f&amp;width=400&amp;height=282&amp;quality=85\" alt=\"alt default\" style=\"width:726px;height:auto\"\/><figcaption class=\"wp-element-caption\">Loretta Ortiz fue reelegida como ministra con m\u00e1s de 5 millones de votos tras una reconocida carrera judicial.&nbsp;(Suprema Corte de Justicia de la Naci\u00f3n)<\/figcaption><\/figure>\n\n\n\n<h3 class=\"wp-block-heading\">Mar\u00eda Estela R\u00edos Gonz\u00e1lez, la abogada laboralista<\/h3>\n\n\n\n<p>Mar\u00eda Estela R\u00edos Gonz\u00e1lez, quien logr\u00f3 m\u00e1s de 4.7 millones de votos en las pasadas elecciones judiciales, es abogada especializada en derecho laboral y funcionaria con una amplia trayectoria en el Gobierno,\u00a0<strong>cercana a Andr\u00e9s Manuel L\u00f3pez Obrador<\/strong>.<\/p>\n\n\n\n<p>Entre 2000 y 2006, durante la gesti\u00f3n de AMLO como Jefe de Gobierno, R\u00edos Gonz\u00e1lez ocup\u00f3 el cargo de consejera jur\u00eddica y de servicios legales del Distrito Federal. Posteriormente, en 2021, de nueva cuenta fue nombrada como consejera jur\u00eddica de la Presidencia tras&nbsp;<strong>la renuncia de Julio Scherer Ibarra<\/strong>.<\/p>\n\n\n\n<p>Es egresada de la Facultad de Derecho de la UNAM, donde tambi\u00e9n curs\u00f3 una maestr\u00eda en Ciencias Pol\u00edticas y Sociales. En 2016, obtuvo el grado de doctorado en Derecho Laboral por el Centro Universitario Emmanuel Kant.<\/p>\n\n\n\n<figure class=\"wp-block-image is-resized\"><img decoding=\"async\" src=\"https:\/\/www.elfinanciero.com.mx\/resizer\/v2\/ZCWJVLK3UBAFNHNT5KCLHYCYAQ.jpg?auth=6fab89145dcd925072cf1db1c909e110cf2561b5445a68016e69a0f2b64838fa&amp;width=400&amp;height=266&amp;quality=85\" alt=\"alt default\" style=\"width:726px;height:auto\"\/><figcaption class=\"wp-element-caption\">Consejera jur\u00eddica cercana a AMLO, R\u00edos Gonz\u00e1lez es reconocida por su experiencia en derecho laboral.&nbsp;(Andrea Murcia Monsivais)<\/figcaption><\/figure>\n\n\n\n<h3 class=\"wp-block-heading\">Giovanni Azael Figueroa Mej\u00eda, el acad\u00e9mico sin experiencia judicial<\/h3>\n\n\n\n<p>Pese a no tener experiencia como juez,\u00a0Giovanni Azel Figueroa Mej\u00eda\u00a0ser\u00e1 ministro de la SCJN tras obtener 3.6 millones de votos.<\/p>\n\n\n\n<p>Nacido en Tepic, Nayarit, donde curs\u00f3 sus estudios en Derecho, Figueroa Mej\u00eda inici\u00f3 su carrera como secretario de acuerdos adscrito a la Presidencia del Tribunal Superior de Justicia del Poder Judicial de ese estado.<\/p>\n\n\n\n<p>Fue docente en la Universidad Aut\u00f3noma de Nayarit y en 2011 fue nombrado director de la Escuela Judicial del Poder Judicial de Nayarit. Posteriormente, en 2014 se convirti\u00f3 en asesor adscrito en la Coordinaci\u00f3n General de Asesores de la Presidencia de la Sala Superior del Tribunal Electoral del Poder Judicial de la Federaci\u00f3n.<\/p>\n\n\n\n<figure class=\"wp-block-image is-resized\"><img decoding=\"async\" src=\"https:\/\/www.elfinanciero.com.mx\/resizer\/v2\/BTMNQMTDDJE4NH777C5AYLN2EQ.jpg?auth=a96f421ef5376f4d1c19807d292c6d79a38788ee1d3f7a8f0b72bf30aa47689a&amp;width=400&amp;height=266&amp;quality=85\" alt=\"alt default\" style=\"width:726px;height:auto\"\/><figcaption class=\"wp-element-caption\">Sin experiencia como juez, Figueroa Mej\u00eda fue electo ministro con m\u00e1s de 3 millones de votos.&nbsp;(Galo Ca\u00f1as Rodr\u00edguez)<\/figcaption><\/figure>\n\n\n\n<h3 class=\"wp-block-heading\">Ar\u00edstides Rodrigo Guerrero, el excomisionado de transparencia<\/h3>\n\n\n\n<p>El ministro electo\u00a0\u201cm\u00e1s preparado que un chicharr\u00f3n\u201d\u00a0(como se describi\u00f3 \u00e9l en su campa\u00f1a) obtuvo 3.5 millones de votos en la elecci\u00f3n judicial. Tiene doctorado, maestr\u00eda y especialidad en Derecho Constitucional, todos con\u00a0menciones honor\u00edficas en la UNAM.<\/p>\n\n\n\n<p>En el \u00e1mbito jur\u00eddico ha trabajado como director de la Unidad de Estad\u00edstica y Jurisprudencia del Tribunal Electoral de la Ciudad de M\u00e9xico, mientras que en la funci\u00f3n p\u00fablica fue subdirector de An\u00e1lisis Normativo de la Direcci\u00f3n General de Pol\u00edtica P\u00fablica de Derechos Humanos, de la Secretar\u00eda de Gobernaci\u00f3n.<\/p>\n\n\n\n<p>En 2018, fue nombrado comisionado presidente del Instituto de Transparencia, Acceso a la Informaci\u00f3n P\u00fablica, Protecci\u00f3n de Datos Personales y Rendici\u00f3n de Cuentas de la Ciudad de M\u00e9xico (<strong>INFO CDMX<\/strong>).<\/p>\n\n\n\n<p>Apenas el pasado 22 de agosto,\u00a0Ar\u00edstides Guerrero tuvo que ser hospitalizado tras sufrir un accidente de auto\u00a0en la avenida R\u00edo Churubusco.<\/p>\n\n\n\n<figure class=\"wp-block-image is-resized\"><img decoding=\"async\" src=\"https:\/\/www.elfinanciero.com.mx\/resizer\/v2\/357DVKBZ7REUDDUD6ZMLPPXH64.jpg?auth=eab080bf82bd1d40d16273d4bb5303b2014d345c6f06b773ca020ac6ad1ea5a1&amp;width=400&amp;height=266&amp;quality=85\" alt=\"alt default\" style=\"width:726px;height:auto\"\/><figcaption class=\"wp-element-caption\">Excomisionado de transparencia, Ar\u00edstides Guerrero llega a la Corte con una s\u00f3lida formaci\u00f3n en derecho constitucional.&nbsp;(IG\/aristidesrodrigo)<\/figcaption><\/figure>\n\n\n\n<h3 class=\"wp-block-heading\">Irving Espinosa Betanzo, el magistrado con enfoque administrativo<\/h3>\n\n\n\n<p>Irving Espinosa Betanzo, quien obtuvo 3.6 millones de votos, era<strong>\u00a0magistrado anticorrupci\u00f3n<\/strong>\u00a0en el Tribunal de Justicia Administrativa de la Ciudad de M\u00e9xico y se ha especializado en la gesti\u00f3n p\u00fablica.<\/p>\n\n\n\n<p>Cuenta con la licenciatura y maestr\u00eda en Derecho por la UNAM, as\u00ed como una especialidad en gesti\u00f3n p\u00fablica y un doctorado en administraci\u00f3n p\u00fablica en proceso.<\/p>\n\n\n\n<p>A lo largo de su trayectoria, ha ocupado cargos en el gobierno capitalino y en el Congreso local, pasando por la Consejer\u00eda Jur\u00eddica del entonces Distrito Federal hasta la Asamblea Legislativa. De 2015 a 2018 fue\u00a0asesor en la Secretar\u00eda de la Mesa Directiva del grupo parlamentario de Morena\u00a0en la C\u00e1mara de Diputados, a cargo de Ernestina Godoy Ramos.<\/p>\n\n\n\n<figure class=\"wp-block-image is-resized\"><img decoding=\"async\" src=\"https:\/\/www.elfinanciero.com.mx\/resizer\/v2\/BOSM7BIU25HM3NRQNJ5LJO5G5Y.jpg?auth=ca0fdeb0c5870745cea93e4bcca9ee6b60829fa20e1b821921afd1dd7229e41f&amp;width=400&amp;height=266&amp;quality=85\" alt=\"alt default\" style=\"width:726px;height:auto\"\/><\/figure>\n\n\n\n<p>Fuente: EF<\/p>\n","protected":false},"excerpt":{"rendered":"<p>La SCJN entra en una nueva etapa con una plantilla renovada a trav\u00e9s del voto ciudadano en las elecciones del Poder Judicial. Conoce a los nueve ministros electos que asumen funciones este lunes 1 de septiembre. El\u00a0Poder Judicial en M\u00e9xico\u00a0est\u00e1 a unas horas de vivir un cambio hist\u00f3rico. La\u00a0Suprema Corte de Justicia de la Naci\u00f3n [&hellip;]<\/p>\n","protected":false},"author":2,"featured_media":144306,"comment_status":"open","ping_status":"open","sticky":false,"template":"","format":"standard","meta":{"footnotes":""},"categories":[59],"tags":[],"class_list":["post-144305","post","type-post","status-publish","format-standard","has-post-thumbnail","hentry","category-destacadas"],"_links":{"self":[{"href":"http:\/\/elcuartopoder.com.mx\/nw\/wp-json\/wp\/v2\/posts\/144305","targetHints":{"allow":["GET"]}}],"collection":[{"href":"http:\/\/elcuartopoder.com.mx\/nw\/wp-json\/wp\/v2\/posts"}],"about":[{"href":"http:\/\/elcuartopoder.com.mx\/nw\/wp-json\/wp\/v2\/types\/post"}],"author":[{"embeddable":true,"href":"http:\/\/elcuartopoder.com.mx\/nw\/wp-json\/wp\/v2\/users\/2"}],"replies":[{"embeddable":true,"href":"http:\/\/elcuartopoder.com.mx\/nw\/wp-json\/wp\/v2\/comments?post=144305"}],"version-history":[{"count":1,"href":"http:\/\/elcuartopoder.com.mx\/nw\/wp-json\/wp\/v2\/posts\/144305\/revisions"}],"predecessor-version":[{"id":144307,"href":"http:\/\/elcuartopoder.com.mx\/nw\/wp-json\/wp\/v2\/posts\/144305\/revisions\/144307"}],"wp:featuredmedia":[{"embeddable":true,"href":"http:\/\/elcuartopoder.com.mx\/nw\/wp-json\/wp\/v2\/media\/144306"}],"wp:attachment":[{"href":"http:\/\/elcuartopoder.com.mx\/nw\/wp-json\/wp\/v2\/media?parent=144305"}],"wp:term":[{"taxonomy":"category","embeddable":true,"href":"http:\/\/elcuartopoder.com.mx\/nw\/wp-json\/wp\/v2\/categories?post=144305"},{"taxonomy":"post_tag","embeddable":true,"href":"http:\/\/elcuartopoder.com.mx\/nw\/wp-json\/wp\/v2\/tags?post=144305"}],"curies":[{"name":"wp","href":"https:\/\/api.w.org\/{rel}","templated":true}]}}