{"id":144308,"date":"2025-09-01T12:26:33","date_gmt":"2025-09-01T17:26:33","guid":{"rendered":"https:\/\/elcuartopoder.com.mx\/nw\/?p=144308"},"modified":"2025-09-01T12:26:34","modified_gmt":"2025-09-01T17:26:34","slug":"por-el-bien-de-todos-crecer-y-redistribuir","status":"publish","type":"post","link":"http:\/\/elcuartopoder.com.mx\/nw\/politica\/por-el-bien-de-todos-crecer-y-redistribuir\/","title":{"rendered":"Por el bien de todos: crecer y redistribuir"},"content":{"rendered":"\n<p>M\u00e9xico necesita emprender un nuevo curso de desarrollo, entendido como una combinaci\u00f3n de crecimiento econ\u00f3mico con redistribuci\u00f3n social. Para ello, urge revisar y fortalecer el papel del Estado. Foto Cuartoscuro<\/p>\n\n\n\n<p>\u201cIgualar hacia arriba, no hacia abajo\u201d, sol\u00eda decir nuestro hombre de letras y las letras, don Alfonso Reyes. Su consigna deber\u00eda conformar toda una estrategia y hasta un programa de gobierno con mirada civilizatoria ahora que, gracias a la abrumadora numeralia que nos obsequia Inegi, tenemos que reconocernos como sociedad con muchos pobres y trabajadores informales.&nbsp;<\/p>\n\n\n\n<p>Tenemos m\u00e1s de dos d\u00e9cadas con millones de mexicanos pobres y vulnerables y para quienes no hemos sido capaces de erigir un genuino Estado de Bienestar que les proteja en la salud y la enfermedad, as\u00ed como en la educaci\u00f3n.&nbsp;<\/p>\n\n\n\n<p>Constatar esas y otras brechas mayores no tiene por qu\u00e9 impedirnos reconocer avances en la reducci\u00f3n del n\u00famero de pobres; tampoco su celebraci\u00f3n tendr\u00eda por qu\u00e9 satanizar a cr\u00edticos y estudiosos que nos advierten de la labilidad de estas y otras \u201cproezas\u201d que no dan alivio en cuanto a la obligaci\u00f3n de reconocer que, tras largos lustros de estudio y formulaci\u00f3n de programas, la faz de nuestra naci\u00f3n sigue cruzada por esas bochornosas dimensiones.&nbsp;<\/p>\n\n\n\n<p>La presentaci\u00f3n oportuna de Inegi de sus primeras cifras de la pobreza, una vez asimilado el agresivo retroceso gubernamental al haber desaparecido el Coneval y sus buenos oficios anal\u00edticos y reflexivos, deber\u00eda llevarnos a un replanteamiento de visiones y esbozos de pol\u00edtica, por ejemplo recuperar aquella f\u00f3rmula de \u201cpol\u00edticas de Estado\u201d con la que desde el propio Consejo Consultivo del Pronasol, muchos, entre ellos Armando Labra a quien siempre recordamos, busc\u00e1bamos superar las insuficiencias que calificaban aquel programa con el que el presidente Salinas y sus colaboradores quer\u00edan compensar los muchos da\u00f1os sociales derivados del cambio estructural traducido en un Tratado de Libre Comercio.&nbsp;<\/p>\n\n\n\n<p>No sobra apuntar que dicho cambio estructural, concretado en c\u00e9lebre documento trinacional, no fue \u201cculpable\u201d de tanto perjuicio en nuestra estructura social, ni nos imped\u00eda inventar pol\u00edticas de fomento para aprovechar las ventajas de aquella apertura al mundo; el tratado tampoco impon\u00eda o imped\u00eda la atenci\u00f3n de gobiernos y empresas respecto de la cuesti\u00f3n social, que irrump\u00eda de las crisis financieras y econ\u00f3micas junto con los impactos de la ilusoria \u201cGran Transformaci\u00f3n\u201d pretendida por los gobiernos de entonces\u2026y ahora. Lo que no hubo, ni hay, son pol\u00edticas pertinentes ni di\u00e1logo nacional para redise\u00f1ar las pol\u00edticas.&nbsp;<\/p>\n\n\n\n<p>Podr\u00edamos a\u00f1adir ahora, que es buena noticia que el tema social regrese por sus fueros y que cobre la centralidad que deber\u00eda tener. No sobra insistir: es en la dimensi\u00f3n que llamamos \u201clo social\u201d donde radica la posibilidad de rencontrar los trazos de un proyecto nacional y restructurar nuestra democracia.&nbsp;<\/p>\n\n\n\n<p>Por estas y otras razones es necesario seguir subrayando: M\u00e9xico necesita emprender un nuevo curso de desarrollo, entendido como una combinaci\u00f3n de crecimiento econ\u00f3mico con redistribuci\u00f3n social. Para ello, urge revisar y fortalecer el papel del Estado que se convirti\u00f3 en leyenda negra y tema tab\u00fa. Al negarse militantemente a emprender una reforma fiscal y tributaria que desemboque en una genuina reforma hacendaria, se acepta la austeridad como dogma.&nbsp;<\/p>\n\n\n\n<p>A la reproducci\u00f3n ampliada de las carencias primordiales en atenci\u00f3n y acceso a los derechos sociales consagrados en la Constituci\u00f3n se suman brechas derivadas de una infraestructura maltrecha, desatendida desde hace tiempo por falta de inversiones p\u00fablicas. Lo anterior deriva en una ecuaci\u00f3n endiablada: sin tener un crecimiento econ\u00f3mico sostenido, sin un Estado fiscalmente sano y responsable para cumplir con sus obligaciones constitucionales (los derechos sociales), no es posible romper el c\u00edrculo de no crecimiento-desigualdad-pobreza.&nbsp;<\/p>\n\n\n\n<p>\u201c(\u2026) cada vez ser\u00e1 m\u00e1s dif\u00edcil abatir la pobreza sin crecimiento econ\u00f3mico, sostiene Gerardo Esquivel (\u2026) la capacidad para abatir la pobreza de la presente administraci\u00f3n depender\u00e1 de tres aspectos fundamentales (\u2026) retornar a una senda de crecimiento sostenido a partir de 2026; (\u2026) avanzar en la reducci\u00f3n de la carencia en el acceso a la salud (lo cual permitir\u00eda reducir la pobreza extrema multidimensional); (\u2026) (y) focalizar mejor (territorialmente hablando) algunos de los programas sociales\u201d. (Gerardo Esquivel,&nbsp;<em>Reducci\u00f3n de la pobreza: \u00bfes sostenible?, Milenio<\/em>, 25\/8\/25).&nbsp;<\/p>\n\n\n\n<p>De aqu\u00ed la urgencia de hacer pol\u00edtica econ\u00f3mica y social con miradas de largo plazo; de embarcarnos en la atormentada nave de la programaci\u00f3n y planeaci\u00f3n de la econom\u00eda y del propio Estado; en fin, la crucial tarea de reconstrucci\u00f3n socioecon\u00f3mica que ya no puede soslayar los majaderos niveles de violencia y anomia.&nbsp;<\/p>\n\n\n\n<p>Dicho en una nuez: poner en acto una renovada pedagog\u00eda nacional, republicana y comprometida con la equidad, vector para avanzar en la b\u00fasqueda de una igualdad sustantiva. De democracia y justicia social.<\/p>\n\n\n\n<p>Fuente: la jornada<\/p>\n","protected":false},"excerpt":{"rendered":"<p>M\u00e9xico necesita emprender un nuevo curso de desarrollo, entendido como una combinaci\u00f3n de crecimiento econ\u00f3mico con redistribuci\u00f3n social. Para ello, urge revisar y fortalecer el papel del Estado. Foto Cuartoscuro \u201cIgualar hacia arriba, no hacia abajo\u201d, sol\u00eda decir nuestro hombre de letras y las letras, don Alfonso Reyes. Su consigna deber\u00eda conformar toda una estrategia [&hellip;]<\/p>\n","protected":false},"author":2,"featured_media":144309,"comment_status":"open","ping_status":"open","sticky":false,"template":"","format":"standard","meta":{"footnotes":""},"categories":[61],"tags":[],"class_list":["post-144308","post","type-post","status-publish","format-standard","has-post-thumbnail","hentry","category-politica"],"_links":{"self":[{"href":"http:\/\/elcuartopoder.com.mx\/nw\/wp-json\/wp\/v2\/posts\/144308","targetHints":{"allow":["GET"]}}],"collection":[{"href":"http:\/\/elcuartopoder.com.mx\/nw\/wp-json\/wp\/v2\/posts"}],"about":[{"href":"http:\/\/elcuartopoder.com.mx\/nw\/wp-json\/wp\/v2\/types\/post"}],"author":[{"embeddable":true,"href":"http:\/\/elcuartopoder.com.mx\/nw\/wp-json\/wp\/v2\/users\/2"}],"replies":[{"embeddable":true,"href":"http:\/\/elcuartopoder.com.mx\/nw\/wp-json\/wp\/v2\/comments?post=144308"}],"version-history":[{"count":1,"href":"http:\/\/elcuartopoder.com.mx\/nw\/wp-json\/wp\/v2\/posts\/144308\/revisions"}],"predecessor-version":[{"id":144310,"href":"http:\/\/elcuartopoder.com.mx\/nw\/wp-json\/wp\/v2\/posts\/144308\/revisions\/144310"}],"wp:featuredmedia":[{"embeddable":true,"href":"http:\/\/elcuartopoder.com.mx\/nw\/wp-json\/wp\/v2\/media\/144309"}],"wp:attachment":[{"href":"http:\/\/elcuartopoder.com.mx\/nw\/wp-json\/wp\/v2\/media?parent=144308"}],"wp:term":[{"taxonomy":"category","embeddable":true,"href":"http:\/\/elcuartopoder.com.mx\/nw\/wp-json\/wp\/v2\/categories?post=144308"},{"taxonomy":"post_tag","embeddable":true,"href":"http:\/\/elcuartopoder.com.mx\/nw\/wp-json\/wp\/v2\/tags?post=144308"}],"curies":[{"name":"wp","href":"https:\/\/api.w.org\/{rel}","templated":true}]}}