{"id":144318,"date":"2025-09-02T06:49:44","date_gmt":"2025-09-02T11:49:44","guid":{"rendered":"https:\/\/elcuartopoder.com.mx\/nw\/?p=144318"},"modified":"2025-09-02T06:49:45","modified_gmt":"2025-09-02T11:49:45","slug":"sheinbaum-afirma-que-con-el-nuevo-poder-judicial-avances-contra-inseguridad-seran-mayores","status":"publish","type":"post","link":"http:\/\/elcuartopoder.com.mx\/nw\/opinion\/sheinbaum-afirma-que-con-el-nuevo-poder-judicial-avances-contra-inseguridad-seran-mayores\/","title":{"rendered":"Sheinbaum afirma que con el nuevo Poder Judicial, avances contra inseguridad ser\u00e1n mayores"},"content":{"rendered":"\n<p>Este lunes 1 de septiembre se realiz\u00f3 el Primer Informe de Gobierno de la presidenta Claudia Sheinbaum desde Palacio Nacional.<\/p>\n\n\n\n<p>A 11 meses de su\u00a0toma de protesta como la primera presidenta de M\u00e9xico, Claudia Sheinbaum rindi\u00f3 su\u00a0<strong>Primer Informe de Gobierno<\/strong>\u00a0este lunes 1 de septiembre, horas antes de que los\u00a0nuevos ministros de la Suprema Corte de Justicia de la Naci\u00f3n\u00a0(SCJN) rindan protesta.<\/p>\n\n\n\n<p>El\u00a0Primer Informe de Gobierno\u00a0incluy\u00f3 la rendici\u00f3n de cuentas de la primera presidenta del pa\u00eds, al destacar los logros y retos que ha enfrentado en su gesti\u00f3n como la constante amenaza y suspensi\u00f3n de los\u00a0aranceles de Donald Trump a M\u00e9xico, el crecimiento de la econom\u00eda mexicana, entre otros.<\/p>\n\n\n\n<h2 class=\"wp-block-heading\">\u2018Con el nuevo Poder Judicial, los avances en seguridad ser\u00e1n mayores\u2019<\/h2>\n\n\n\n<p>Al finalizar su\u00a0<strong>Primer Informe de Gobierno<\/strong>, la presidenta Claudia Sheinbaum destac\u00f3 la reducci\u00f3n en el n\u00famero de homicidios como parte de los primeros\u00a0resultados de la estrategia de seguridad\u00a0de cuatro ejes de su gobierno.<\/p>\n\n\n\n<p>\u201cEstoy segura que el nuevo Poder Judicial ayudar\u00e1 mucho en este proceso con avances en seguridad y cero impunidad\u201d, agreg\u00f3 la mandataria.<\/p>\n\n\n\n<p>Antes, Sheinbaum asegur\u00f3 que con la llegada del nuevo\u00a0Poder Judicial\u00a0se acaba la\u00a0<strong>era del nepotismo y la corrupci\u00f3n<\/strong>.<\/p>\n\n\n\n<h2 class=\"wp-block-heading\">Sheinbaum da \u2018llegue\u2019 a Trump con nombre del Golfo de M\u00e9xico<\/h2>\n\n\n\n<p>Al hablar sobre\u00a0<strong>proyectos estrat\u00e9gicos en la zona,<\/strong>\u00a0Sheinbaum record\u00f3 que el Golfo es de M\u00e9xico, al remarcar el nombre tras la pol\u00e9mica encabezada por el presidente Donald Trump, quien pidi\u00f3 cambiar el nombre por\u00a0Golfo de Am\u00e9rica.<\/p>\n\n\n\n<p>En enero, la mandataria envi\u00f3 una carta a Google para renombrar en sus mapas el\u00a0Golfo de M\u00e9xico, en lugar de Golfo de Am\u00e9rica.<\/p>\n\n\n\n<figure class=\"wp-block-image is-resized\"><img decoding=\"async\" src=\"https:\/\/www.elfinanciero.com.mx\/resizer\/v2\/3Z3PWNBKUZEODKMNLWGWTJ4ZVA.jpeg?auth=3577dc54d035cd4de992cdb78667b4e57f341513105ebf95d85b04431524fd49&amp;width=400&amp;height=266&amp;quality=85\" alt=\"alt default\" style=\"width:726px;height:auto\"\/><figcaption class=\"wp-element-caption\">El Primer Informe de Gobierno de la presidenta Claudia Sheinbaum dur\u00f3 alrededor de una hora.&nbsp;(Gobierno de M\u00e9xico)<\/figcaption><\/figure>\n\n\n\n<h2 class=\"wp-block-heading\">Sheinbaum promete construcci\u00f3n de m\u00e1s de 300 mil viviendas al cierre de 2025<\/h2>\n\n\n\n<p>En su sexenio,\u00a0<strong>Sheinbaum prometi\u00f3 que todos los mexicanos<\/strong>\u00a0tendr\u00e1n\u00a0vivienda propia\u00a0y como parte de este avance, la mandataria asegur\u00f3 que para finales de 2025 se habr\u00e1n construido al menos 390 mil viviendas.<\/p>\n\n\n\n<p>La meta durante el sexenio de Sheinbaum es la construcci\u00f3n de 1.2 millones de viviendas con el apoyo del Infonavit, Conavi y tambi\u00e9n de Fovissste.<\/p>\n\n\n\n<p>Adem\u00e1s, la mandataria destac\u00f3 la\u00a0revisi\u00f3n de cr\u00e9ditos impagables del Infonavit\u00a0y el ajuste con descuentos, reducci\u00f3n de quitas y finiquitos.<\/p>\n\n\n\n<p>Suman m\u00e1s de un mill\u00f3n de beneficiarios favorecidos con los nuevos esquemas de pagos del Infonavit, de acuerdo con la mandataria.<\/p>\n\n\n\n<h2 class=\"wp-block-heading\">\u2018Trabajamos todos los d\u00edas para el abasto de medicamentos\u2019: Sheinbaum<\/h2>\n\n\n\n<p>\u201cA pesar de las mentiras y de las cr\u00edticas, trabajamos todos los d\u00edas para garantizar el abasto de medicamentos\u201d, dijo la presidenta Sheinbaum.<\/p>\n\n\n\n<p>La mandataria destac\u00f3 que actualmente hay un avance de 90 por ciento en la&nbsp;<strong>cobertura de entrega de medicinas<\/strong>&nbsp;en los centros de salud del pa\u00eds.<\/p>\n\n\n\n<p>Como parte de los avances en salud, la mandataria asegur\u00f3 que el pr\u00f3ximo a\u00f1o se construir\u00e1n 20 nuevos hospitales m\u00e1s.<\/p>\n\n\n\n<p>\u201cLa&nbsp;<strong>Secretar\u00eda de Salud<\/strong>&nbsp;ha hecho un trabajo extraordinario en lo que llamamos los protocolos nacionales de atenci\u00f3n m\u00e9dica. Somos persistentes y certeros el acceso a la salud no es un privilegio, es un derecho del pueblo de M\u00e9xico\u201d, agreg\u00f3 la presidenta.<\/p>\n\n\n\n<h2 class=\"wp-block-heading\">Sheinbaum beneficia a maestros con aumento al salario y vacaciones<\/h2>\n\n\n\n<p>Tras las protestas de la\u00a0Coordinadora Nacional de Trabajadores de la Educaci\u00f3n (CNTE), Sheinbaum destac\u00f3 los beneficios otorgados a los maestros en los \u00faltimos meses, que consisten en un aumento salarial del 10 por ciento y el incremento de d\u00edas de vacaciones.<\/p>\n\n\n\n<h2 class=\"wp-block-heading\">Sheinbaum presume creaci\u00f3n de Pensi\u00f3n Mujeres Bienestar y Becas Rita Cetina en su sexenio<\/h2>\n\n\n\n<p>Adem\u00e1s de continuar con los\u00a0<strong>programas sociales\u00a0<\/strong>como la\u00a0Pensi\u00f3n del Bienestar para Adultos Mayores\u00a0y las becas J\u00f3venes Construyendo el Futuro, Claudia Sheinbaum presumi\u00f3 la creaci\u00f3n de al menos tres nuevos programas sociales.<\/p>\n\n\n\n<p>Se trata de la\u00a0Pensi\u00f3n Mujeres Bienestar\u00a0que beneficia a mujeres de 60 a 64 a\u00f1os, la Beca Rita Cetina que se entrega a estudiantes de secundaria en su primera etapa, as\u00ed como del programa Salud casa por Casa.<\/p>\n\n\n\n<p>Para este a\u00f1o se destinaron&nbsp;<strong>850 mil millones de pesos<\/strong>&nbsp;para los Programas de Bienestar, que benefician a 32 millones de familias.<\/p>\n\n\n\n<figure class=\"wp-block-image is-resized\"><img decoding=\"async\" src=\"https:\/\/www.elfinanciero.com.mx\/resizer\/v2\/6VKSADEWIVBQZOQMHB7KWDGQGM.jpeg?auth=19882e028c1ac0eaa2e04ecb867968b141f8099812f0d7ed4b80e8b26044d15d&amp;width=400&amp;height=286&amp;quality=85\" alt=\"alt default\" style=\"width:726px;height:auto\"\/><figcaption class=\"wp-element-caption\">La presidenta Claudia Sheinbaum tuvo a familiares y a secretarios de Estado en la primera fila de su Primer Informe de Gobierno.&nbsp;(Gobierno de M\u00e9xico)<\/figcaption><\/figure>\n\n\n\n<h2 class=\"wp-block-heading\">\u2018M\u00e9xico tendr\u00e1 su primer auto el\u00e9ctrico Olinia\u2019, recuerda Sheinbaum<\/h2>\n\n\n\n<p>Como parte del impulso a la ciencia, la presidenta Sheinbaum record\u00f3 que en M\u00e9xico se desarrolla el\u00a0proyecto Olinia para crear el primer auto el\u00e9ctrico.<\/p>\n\n\n\n<p>Adem\u00e1s, est\u00e1 el proyecto de&nbsp;<strong>creaci\u00f3n de semiconductores<\/strong>&nbsp;tambi\u00e9n de origen mexicano e incluso la producci\u00f3n de sat\u00e9lites.<\/p>\n\n\n\n<p>Sheinbaum asegur\u00f3 que se ha incrementado en 193 por ciento los apoyos a proyectos de investigaci\u00f3n cient\u00edfica, en 70 por ciento las becas al extranjero y en 23 por ciento las estancias doctorales.<\/p>\n\n\n\n<p>\u201cHay el desarrollo de&nbsp;<strong>10 proyectos estrat\u00e9gicos de innovaci\u00f3n<\/strong>&nbsp;desarrollo de tecnolog\u00eda nacional y estudios humanistas entre ellos destaca el mini veh\u00edculo el\u00e9ctrico Olinia, los semiconductores, los sat\u00e9lites de observaci\u00f3n clim\u00e1ticos\u201d, destac\u00f3 la presidenta como parte de los proyectos tecnol\u00f3gicos.<\/p>\n\n\n\n<h2 class=\"wp-block-heading\">Se firm\u00f3 el acuerdo contra la inflaci\u00f3n y del precio tope a la gasolina\u2019: Sheinbaum<\/h2>\n\n\n\n<p>Sheinbaum tambi\u00e9n destac\u00f3 que durante su gobierno se firm\u00f3 el acuerdo contra la inflaci\u00f3n para mantener el precio fijo de la canasta b\u00e1sica, al igual que en el monto fijo para la gasolina regular que se mantiene en 24 pesos.<\/p>\n\n\n\n<p>Como parte de este proyecto, mencion\u00f3 el\u00a0impulso del Plan M\u00e9xico como una forma de atraer la\u00a0<strong>inversi\u00f3n directa en el pa\u00eds.<\/strong><\/p>\n\n\n\n<p>La mandataria tambi\u00e9n destac\u00f3 que el crecimiento anual de la econom\u00eda mexicana se encuentra en un 1.2 por ciento.<\/p>\n\n\n\n<p>\u201cEstamos viviendo un&nbsp;<strong>momento estelar&nbsp;<\/strong>en nuestra historia. Aun en medio de las circunstancias dif\u00edciles a nivel mundial\u201d, agreg\u00f3.<\/p>\n\n\n\n<h2 class=\"wp-block-heading\">Sheinbaum recuerda a Marco Rubio que en reuni\u00f3n habr\u00e1 cooperaci\u00f3n \u2018sin subordinaci\u00f3n\u2019 con EU<\/h2>\n\n\n\n<p>Claudia Sheinbaum record\u00f3 que el pr\u00f3ximo mi\u00e9rcoles recibir\u00e1 al secretario de Estado de EU,\u00a0Marco Rubio, para fijar los acuerdos de cooperaci\u00f3n, pero sin subordinaci\u00f3n.<\/p>\n\n\n\n<p>Adem\u00e1s, la mandataria destac\u00f3 que M\u00e9xico es el pa\u00eds con\u00a0<strong>menores tarifas\u00a0<\/strong>arancelarias en el mundo y se busca mantenerlas o hasta reducirlas gracias al\u00a0T-MEC.<\/p>\n\n\n\n<p>Con respecto al tema migratorio, Sheinbaum record\u00f3 que a los mexicanos deportados desde Estados Unidos se les entrega la\u00a0Tarjeta Paisano,\u00a0as\u00ed como afiliaci\u00f3n al IMSS, entre otras medidas.<\/p>\n\n\n\n<h2 class=\"wp-block-heading\">\u2018Bienvenido el nuevo Poder Judicial\u2019: Sheinbaum presume nuevas reformas que \u2018resarcen el da\u00f1o\u2019 de neoliberales<\/h2>\n\n\n\n<p>Uno de los aspectos a destacar durante el primer a\u00f1o de Gobierno de Sheinbaum fue la\u00a0elecci\u00f3n del Poder Judicial\u00a0como resultado de la reforma electoral.<\/p>\n\n\n\n<p>\u201cSe aprobaron<strong>&nbsp;19 reformas constitucionales<\/strong>&nbsp;y 40 nuevas leyes que fortalecen los derechos sociales. La Reforma al poder judicial que permiti\u00f3 en junio las elecciones libres para ministras, ministros de la corte, magistradas, magistrados y jueces\u201d, agreg\u00f3.<\/p>\n\n\n\n<h2 class=\"wp-block-heading\">Sheinbaum destaca que \u2018AMLO sac\u00f3 de la pobreza\u2019 a m\u00e1s de 13.5 millones de personas<\/h2>\n\n\n\n<p>La presidenta Sheinbaum inici\u00f3 el discurso de su Primer Informe de Gobierno destacando el dato de los\u00a0m\u00e1s de 13.5 millones de mexicanos que salieron de la pobreza desde el sexenio de Andr\u00e9s Manuel L\u00f3pez Obrador.<\/p>\n\n\n\n<p>\u201cHoy&nbsp;<strong>vengo a rendir cuentas con resultados<\/strong>&nbsp;que se reflejan en la vida de millones de mexicanas y mexicanos. Continuamos con el legado de AMLO que sac\u00f3 de la pobreza a m\u00e1s de 13 millones de personas\u201d, dijo la mandataria.<\/p>\n\n\n\n<figure class=\"wp-block-image is-resized\"><img decoding=\"async\" src=\"https:\/\/www.elfinanciero.com.mx\/resizer\/v2\/PN5LGW7OTZCNBKB2AU3ICRC6TI.jpg?auth=95d5e20553825dee1655ade3b8795ece6223a97e04b08720a82e041d23d1ca8e&amp;width=400&amp;height=266&amp;quality=85\" alt=\"alt default\" style=\"width:726px;height:auto\"\/><figcaption class=\"wp-element-caption\">La aprobaci\u00f3n de la presidenta Claudia Sheinbaum est\u00e1 en 75 por ciento, de acuerdo con la Encuesta El Financiero.&nbsp;(Cuartoscuro\/Rogelio Morales Ponce)<\/figcaption><\/figure>\n\n\n\n<h2 class=\"wp-block-heading\">\u00bfQu\u00e9 temas abord\u00f3 Claudia Sheinbaum en su Informe?<\/h2>\n\n\n\n<p>Durante su discurso, la presidenta abordar\u00e1 los avances en los\u00a0100 compromisos para el Segundo Piso de la Cuarta Transformaci\u00f3n\u00a0asumidos al inicio de su administraci\u00f3n. Los temas clave incluyen:<\/p>\n\n\n\n<ul class=\"wp-block-list\">\n<li><strong>Seguridad<\/strong>:\u00a0Sheinbaum present\u00f3 avances en la reducci\u00f3n de delitos\u00a0y el fortalecimiento de la confianza en las instituciones de seguridad p\u00fablica.<\/li>\n\n\n\n<li><strong>Econom\u00eda<\/strong>: Se discutir\u00e1 el\u00a0crecimiento econ\u00f3mico de M\u00e9xico, la generaci\u00f3n de empleo y los esfuerzos por mantener la estabilidad econ\u00f3mica del pa\u00eds.<\/li>\n\n\n\n<li><strong>Programas Sociales<\/strong>: Se inform\u00f3 sobre el fortalecimiento de programas sociales como la\u00a0pensi\u00f3n para personas adultas mayores\u00a0y la implementaci\u00f3n de nuevas iniciativas para el bienestar de la poblaci\u00f3n como las becas para estudiantes.<\/li>\n<\/ul>\n\n\n\n<h2 class=\"wp-block-heading\">\u00bfHabr\u00e1 alg\u00fan evento en el Z\u00f3calo por el Primer Informe de Gobierno de Sheinbaum?<\/h2>\n\n\n\n<p>No se tiene programado ning\u00fan evento masivo en el Z\u00f3calo con motivo del&nbsp;<strong>Primer Informe de Gobierno<\/strong>.<\/p>\n\n\n\n<p>En sus conferencias ma\u00f1aneras, la presidenta Sheinbaum ha confirmado que tiene planeado un encuentro con sus simpatizantes.<\/p>\n\n\n\n<p>La celebraci\u00f3n est\u00e1 programada para el mi\u00e9rcoles 1 de octubre, fecha en la que se conmemora el primer aniversario de su administraci\u00f3n.<\/p>\n\n\n\n<figure class=\"wp-block-image is-resized\"><img decoding=\"async\" src=\"https:\/\/www.elfinanciero.com.mx\/resizer\/v2\/QTBTK3XUD5G5LJJPZMNNN4VLJY.jpg?auth=6cd6174065061923e69d4aabf0c8906b1b529d8bf5bf2551a4f347a6a0303b80&amp;width=400&amp;height=266&amp;quality=85\" alt=\"alt default\" style=\"width:726px;height:auto\"\/><figcaption class=\"wp-element-caption\">La presidenta Claudia Sheinbaum tiene programado para el 1 de octubre un evento para celebrar el primer aniversario de su gobierno.&nbsp;(Cuartoscuro\/Mario Jasso)<\/figcaption><\/figure>\n\n\n\n<h2 class=\"wp-block-heading\">\u00bfQu\u00e9 significan los resultados hasta ahora?<\/h2>\n\n\n\n<p>Claudia Sheinbaum cuenta con una apribaci\u00f3n del 75 por ciento\u00a0previo a su Primer Informe de Gobierno de acuerdo con la\u00a0Encuesta El Financiero.<\/p>\n\n\n\n<p>Este dato resalta su posici\u00f3n como&nbsp;<strong>la presidenta mejor evaluada en la historia reciente<\/strong>&nbsp;de M\u00e9xico. Adem\u00e1s, se espera que presente cifras significativas sobre la generaci\u00f3n de empleos, la reducci\u00f3n de la pobreza y la estabilidad econ\u00f3mica.<\/p>\n\n\n\n<p>Tambi\u00e9n se prev\u00e9 que de cifras sobre el avance en el tema de seguridad. En este punto destacan las dos\u00a0expulsiones mas\u00edvas de l\u00edderes del narcotr\u00e1fico a Estados Unidos.<\/p>\n\n\n\n<p>En la primera expulsi\u00f3n,\u00a0M\u00e9xico extradit\u00f3 a Rafael Caro Quintero y a otros 28 capos del narcotr\u00e1fico.<\/p>\n\n\n\n<p>Meses despu\u00e9s, en la\u00a0segunda extradici\u00f3n masiva de narcos de M\u00e9xico, las autoridades mexicanas enviaron a\u00a0Abigael Gonz\u00e1lez Valencia, l\u00edder de \u201cLos Cuinis\u201d, grupo vinculado al\u00a0C\u00e1rtel Jalisco Nueva Generaci\u00f3n (CJNG), hacia Estados Unidos.<\/p>\n\n\n\n<h2 class=\"wp-block-heading\">\u00bfC\u00f3mo se ha desempe\u00f1ado su administraci\u00f3n hasta el momento?<\/h2>\n\n\n\n<p>Desde el inicio de su gesti\u00f3n,&nbsp;<strong>Claudia Sheinbaum ha implementado varias pol\u00edticas y programas<\/strong>&nbsp;que han mostrado resultados positivos. Entre ellos:<\/p>\n\n\n\n<ul class=\"wp-block-list\">\n<li>Generaci\u00f3n de Empleos: Entre enero y julio de 2025, se han creado 1.2 millones de empleos formales, superando los 23.5 millones de puestos de trabajo registrados en el pa\u00eds.<\/li>\n\n\n\n<li>Reducci\u00f3n de la Pobreza: Se ha logrado reducir el n\u00famero de personas en situaci\u00f3n de pobreza a 38.5 millones, la cifra m\u00e1s baja en una d\u00e9cada.<\/li>\n\n\n\n<li>Inversi\u00f3n Extranjera: El pa\u00eds alcanz\u00f3 un r\u00e9cord de inversi\u00f3n extranjera directa de 34,265 millones de d\u00f3lares en el segundo trimestre de 2025, lo que representa un aumento del 10.2 por ciento en comparaci\u00f3n con el mismo periodo de 2024.<\/li>\n<\/ul>\n\n\n\n<p>Fuente: el financiero<\/p>\n","protected":false},"excerpt":{"rendered":"<p>Este lunes 1 de septiembre se realiz\u00f3 el Primer Informe de Gobierno de la presidenta Claudia Sheinbaum desde Palacio Nacional. A 11 meses de su\u00a0toma de protesta como la primera presidenta de M\u00e9xico, Claudia Sheinbaum rindi\u00f3 su\u00a0Primer Informe de Gobierno\u00a0este lunes 1 de septiembre, horas antes de que los\u00a0nuevos ministros de la Suprema Corte de [&hellip;]<\/p>\n","protected":false},"author":2,"featured_media":144319,"comment_status":"open","ping_status":"open","sticky":false,"template":"","format":"standard","meta":{"footnotes":""},"categories":[62],"tags":[],"class_list":["post-144318","post","type-post","status-publish","format-standard","has-post-thumbnail","hentry","category-opinion"],"_links":{"self":[{"href":"http:\/\/elcuartopoder.com.mx\/nw\/wp-json\/wp\/v2\/posts\/144318","targetHints":{"allow":["GET"]}}],"collection":[{"href":"http:\/\/elcuartopoder.com.mx\/nw\/wp-json\/wp\/v2\/posts"}],"about":[{"href":"http:\/\/elcuartopoder.com.mx\/nw\/wp-json\/wp\/v2\/types\/post"}],"author":[{"embeddable":true,"href":"http:\/\/elcuartopoder.com.mx\/nw\/wp-json\/wp\/v2\/users\/2"}],"replies":[{"embeddable":true,"href":"http:\/\/elcuartopoder.com.mx\/nw\/wp-json\/wp\/v2\/comments?post=144318"}],"version-history":[{"count":1,"href":"http:\/\/elcuartopoder.com.mx\/nw\/wp-json\/wp\/v2\/posts\/144318\/revisions"}],"predecessor-version":[{"id":144320,"href":"http:\/\/elcuartopoder.com.mx\/nw\/wp-json\/wp\/v2\/posts\/144318\/revisions\/144320"}],"wp:featuredmedia":[{"embeddable":true,"href":"http:\/\/elcuartopoder.com.mx\/nw\/wp-json\/wp\/v2\/media\/144319"}],"wp:attachment":[{"href":"http:\/\/elcuartopoder.com.mx\/nw\/wp-json\/wp\/v2\/media?parent=144318"}],"wp:term":[{"taxonomy":"category","embeddable":true,"href":"http:\/\/elcuartopoder.com.mx\/nw\/wp-json\/wp\/v2\/categories?post=144318"},{"taxonomy":"post_tag","embeddable":true,"href":"http:\/\/elcuartopoder.com.mx\/nw\/wp-json\/wp\/v2\/tags?post=144318"}],"curies":[{"name":"wp","href":"https:\/\/api.w.org\/{rel}","templated":true}]}}