{"id":144349,"date":"2025-09-02T08:57:41","date_gmt":"2025-09-02T13:57:41","guid":{"rendered":"https:\/\/elcuartopoder.com.mx\/nw\/?p=144349"},"modified":"2025-09-02T08:57:43","modified_gmt":"2025-09-02T13:57:43","slug":"siguen-los-buenos-resultados-para-fernanda-larios-en-el-torneo-nacional-de-wakeboard","status":"publish","type":"post","link":"http:\/\/elcuartopoder.com.mx\/nw\/entretenimiento\/deportes\/siguen-los-buenos-resultados-para-fernanda-larios-en-el-torneo-nacional-de-wakeboard\/","title":{"rendered":"Siguen los buenos resultados para Fernanda Larios en el Torneo Nacional de Wakeboard"},"content":{"rendered":"\n<p>La representante mexicana mantiene el buen paso en torneos nacionales e internacionales. Esta vez se impuso en el Segundo Nacional de Wakeboard en Monterrey.<\/p>\n\n\n\n<p>La mexicana&nbsp;<strong>Fernanda Larios&nbsp;<\/strong>confirm\u00f3 una vez m\u00e1s el gran momento deportivo que atraviesa al conquistar, este s\u00e1bado, la segunda edici\u00f3n del&nbsp;<strong>Torneo Nacional de Wakeboard<\/strong>, celebrado en el Club Bocapalma de Monterrey, Nuevo Le\u00f3n.&nbsp;La joven esquiadora se impuso con autoridad en la final, reafirmando la consistencia que la ha colocado como una de las principales exponentes de esta disciplina en el continente.<\/p>\n\n\n\n<p>Larios alcanz\u00f3 la primera posici\u00f3n con una puntuaci\u00f3n total de 70 unidades, resultado de la combinaci\u00f3n de ejecuci\u00f3n, intensidad y composici\u00f3n de sus rutinas sobre el agua. La diferencia fue clara frente a sus rivales:&nbsp;<strong>Luc\u00eda Guti\u00e9rrez<\/strong>&nbsp;concluy\u00f3 en la segunda plaza con 55 puntos, mientras que&nbsp;<strong>Claudia Tapia<\/strong>&nbsp;cerr\u00f3 el podio con 30 unidades.<\/p>\n\n\n\n<figure class=\"wp-block-image\"><img decoding=\"async\" src=\"https:\/\/heraldodemexico.com.mx\/u\/fotografias\/m\/2025\/8\/30\/f768x1-1176119_1176246_5050.jpg\" alt=\"\"\/><figcaption class=\"wp-element-caption\">Fernanda Larios confirm\u00f3 una vez m\u00e1s el gran momento deportivo que atraviesa. Cr\u00e9dito: Cortes\u00eda<\/figcaption><\/figure>\n\n\n\n<p>La victoria confirma el buen paso de la deportista mexicana, quien en los \u00faltimos meses ha enlazado resultados sobresalientes a nivel internacional y regional. Apenas en junio, Larios se proclam\u00f3 campeona del&nbsp;<strong>Campeonato Latinoamericano de Wakeboard 2025<\/strong>, realizado en Boca Laguna, Santa Cruz de la Soledad, Jalisco, una de las sedes m\u00e1s reconocidas para la pr\u00e1ctica de deportes acu\u00e1ticos en M\u00e9xico. En ese torneo logr\u00f3 imponerse ante competidoras de diferentes pa\u00edses, marcando un precedente para su carrera.<\/p>\n\n\n\n<p>Posteriormente, en julio, represent\u00f3 a M\u00e9xico en los&nbsp;<strong>Juegos Panamericanos Junior de Asunci\u00f3n 2025<\/strong>, donde obtuvo la medalla de plata con una puntuaci\u00f3n de 71.67, quedando solo por detr\u00e1s de la estadounidense&nbsp;<strong>Kitt Baye Smith<\/strong>, quien acumul\u00f3 82.22 unidades. Ese resultado la consolid\u00f3 en el plano internacional y confirm\u00f3 que puede competir frente a las mejores atletas de la especialidad.<\/p>\n\n\n\n<figure class=\"wp-block-image\"><img decoding=\"async\" src=\"https:\/\/heraldodemexico.com.mx\/u\/fotografias\/m\/2025\/8\/30\/f768x1-1176120_1176247_5050.jpg\" alt=\"\"\/><figcaption class=\"wp-element-caption\">Conquist\u00f3 la segunda edici\u00f3n del Torneo Nacional de Wakeboard. Cr\u00e9dito: Cortes\u00eda<\/figcaption><\/figure>\n\n\n\n<p>La conquista en&nbsp;<strong>Monterrey<\/strong>&nbsp;representa no solo la continuidad de una temporada exitosa, sino tambi\u00e9n un paso m\u00e1s en la construcci\u00f3n de una trayectoria que comienza a proyectarse con fuerza. A sus 19 a\u00f1os,&nbsp;<strong>Larios<\/strong>&nbsp;combina juventud y madurez competitiva, atributos que la han distinguido en un deporte que todav\u00eda busca&nbsp;<strong>mayor difusi\u00f3n<\/strong>&nbsp;y&nbsp;<strong>respaldo en M\u00e9xico<\/strong>.<\/p>\n\n\n\n<p>M\u00e1s all\u00e1 de los triunfos recientes, la esquiadora ha se\u00f1alado en diversas ocasiones que uno de sus objetivos es abrir camino para&nbsp;<strong>nuevas generaciones<\/strong>&nbsp;y demostrar que el&nbsp;<strong>wakeboard<\/strong>&nbsp;<strong>mexicano<\/strong>&nbsp;tiene el nivel para figurar en torneos internacionales. La consistencia de sus resultados le permite sostener esa aspiraci\u00f3n, mientras trabaja en perfeccionar su t\u00e9cnica y ampliar su experiencia en escenarios de mayor exigencia.<\/p>\n\n\n\n<p>Fuente: Heraldo de M\u00e9xico<\/p>\n","protected":false},"excerpt":{"rendered":"<p>La representante mexicana mantiene el buen paso en torneos nacionales e internacionales. Esta vez se impuso en el Segundo Nacional de Wakeboard en Monterrey. La mexicana&nbsp;Fernanda Larios&nbsp;confirm\u00f3 una vez m\u00e1s el gran momento deportivo que atraviesa al conquistar, este s\u00e1bado, la segunda edici\u00f3n del&nbsp;Torneo Nacional de Wakeboard, celebrado en el Club Bocapalma de Monterrey, Nuevo [&hellip;]<\/p>\n","protected":false},"author":2,"featured_media":144350,"comment_status":"open","ping_status":"open","sticky":false,"template":"","format":"standard","meta":{"footnotes":""},"categories":[7],"tags":[],"class_list":["post-144349","post","type-post","status-publish","format-standard","has-post-thumbnail","hentry","category-deportes"],"_links":{"self":[{"href":"http:\/\/elcuartopoder.com.mx\/nw\/wp-json\/wp\/v2\/posts\/144349","targetHints":{"allow":["GET"]}}],"collection":[{"href":"http:\/\/elcuartopoder.com.mx\/nw\/wp-json\/wp\/v2\/posts"}],"about":[{"href":"http:\/\/elcuartopoder.com.mx\/nw\/wp-json\/wp\/v2\/types\/post"}],"author":[{"embeddable":true,"href":"http:\/\/elcuartopoder.com.mx\/nw\/wp-json\/wp\/v2\/users\/2"}],"replies":[{"embeddable":true,"href":"http:\/\/elcuartopoder.com.mx\/nw\/wp-json\/wp\/v2\/comments?post=144349"}],"version-history":[{"count":1,"href":"http:\/\/elcuartopoder.com.mx\/nw\/wp-json\/wp\/v2\/posts\/144349\/revisions"}],"predecessor-version":[{"id":144351,"href":"http:\/\/elcuartopoder.com.mx\/nw\/wp-json\/wp\/v2\/posts\/144349\/revisions\/144351"}],"wp:featuredmedia":[{"embeddable":true,"href":"http:\/\/elcuartopoder.com.mx\/nw\/wp-json\/wp\/v2\/media\/144350"}],"wp:attachment":[{"href":"http:\/\/elcuartopoder.com.mx\/nw\/wp-json\/wp\/v2\/media?parent=144349"}],"wp:term":[{"taxonomy":"category","embeddable":true,"href":"http:\/\/elcuartopoder.com.mx\/nw\/wp-json\/wp\/v2\/categories?post=144349"},{"taxonomy":"post_tag","embeddable":true,"href":"http:\/\/elcuartopoder.com.mx\/nw\/wp-json\/wp\/v2\/tags?post=144349"}],"curies":[{"name":"wp","href":"https:\/\/api.w.org\/{rel}","templated":true}]}}