{"id":144355,"date":"2025-09-02T09:28:32","date_gmt":"2025-09-02T14:28:32","guid":{"rendered":"https:\/\/elcuartopoder.com.mx\/nw\/?p=144355"},"modified":"2025-09-02T09:28:34","modified_gmt":"2025-09-02T14:28:34","slug":"papa-leon-aclara-postura-sobre-catolicos-lgbtq-amor-o-desprecio","status":"publish","type":"post","link":"http:\/\/elcuartopoder.com.mx\/nw\/opinion\/papa-leon-aclara-postura-sobre-catolicos-lgbtq-amor-o-desprecio\/","title":{"rendered":"Papa Le\u00f3n aclara postura sobre cat\u00f3licos LGBTQ+: \u00bfAmor o desprecio?"},"content":{"rendered":"\n<p>Tras su elecci\u00f3n en mayo, Le\u00f3n XIV enfrent\u00f3 cuestionamientos por comentarios cr\u00edticos que hab\u00eda realizado en 2012 sobre la homosexualidad.<\/p>\n\n\n\n<p>El\u00a0<strong>papa Le\u00f3n XIV<\/strong>\u00a0dio este lunes una clara se\u00f1al de continuidad con el legado de Francisco al reunirse con el jesuita James Martin, uno de los principales defensores de la inclusi\u00f3n LGBTQ+ en la Iglesia cat\u00f3lica.\u00a0<\/p>\n\n\n\n<p>Durante la audiencia, el pont\u00edfice alent\u00f3 al sacerdote estadounidense a continuar con su ministerio pastoral hacia la&nbsp;<strong>comunidad LGBTQ+<\/strong>, en v\u00edsperas de una peregrinaci\u00f3n del A\u00f1o Santo organizada por cat\u00f3licos LGBTQ+ al Vaticano.<\/p>\n\n\n\n<p>Martin, escritor y editor con sede en Nueva York, relat\u00f3 que Le\u00f3n le transmiti\u00f3 el mismo mensaje que escuch\u00f3 en varias ocasiones del papa Francisco: un llamado a abrir las puertas de la Iglesia a todas las personas.&nbsp;<\/p>\n\n\n\n<p><em>\u201cFue muy consolador, alentador y, francamente, muy divertido\u201d,&nbsp;<\/em>declar\u00f3 a la agencia AP tras la reuni\u00f3n, que dur\u00f3 cerca de media hora y fue anunciada oficialmente por el Vaticano.<\/p>\n\n\n\n<blockquote class=\"wp-block-quote is-layout-flow wp-block-quote-is-layout-flow\"><\/blockquote>\n\n\n\n<h2 class=\"wp-block-heading\">Se acabaron las dudas<\/h2>\n\n\n\n<p>La audiencia cobra especial relevancia porque despeja dudas sobre la postura de Le\u00f3n, quien tras su elecci\u00f3n en mayo enfrent\u00f3 cuestionamientos por comentarios cr\u00edticos que hab\u00eda realizado en 2012 sobre la homosexualidad.&nbsp;<\/p>\n\n\n\n<p>Sin embargo, desde su nombramiento como cardenal en 2023, Robert Prevost \u2014su nombre antes del papado\u2014 ya hab\u00eda mostrado disposici\u00f3n a seguir la l\u00ednea de Francisco hacia una Iglesia m\u00e1s inclusiva, aunque siempre subrayando que la doctrina sobre moral sexual no ha cambiado.<\/p>\n\n\n\n<h2 class=\"wp-block-heading\">La huella de Francisco en la comunidad LGBTQ+<\/h2>\n\n\n\n<p>Francisco, durante sus 12 a\u00f1os de pontificado, marc\u00f3 un punto de inflexi\u00f3n con gestos hacia la comunidad LGBTQ+, desde su famoso&nbsp;<em>\u201c\u00bfQui\u00e9n soy yo para juzgar?\u201d<\/em>&nbsp;hasta la autorizaci\u00f3n para bendecir a parejas del mismo sexo. No obstante, tampoco modific\u00f3 la ense\u00f1anza doctrinal que califica los actos homosexuales como \u201cintr\u00ednsecamente desordenados\u201d.<\/p>\n\n\n\n<p>Martin afirm\u00f3 que siempre percibi\u00f3 a Le\u00f3n como una persona abierta y hospitalaria, y destac\u00f3 que en esta ocasi\u00f3n el papa le expres\u00f3 que&nbsp;<strong>sus prioridades ser\u00e1n \u201cla paz y la unidad\u201d<\/strong>, con especial atenci\u00f3n a los conflictos en Ucrania, Gaza y Myanmar. Adem\u00e1s, cit\u00f3 en espa\u00f1ol una de las frases m\u00e1s c\u00e9lebres de Francisco: la Iglesia es para \u201ctodos, todos, todos\u201d.<\/p>\n\n\n\n<p>La reuni\u00f3n se produce en la antesala de una peregrinaci\u00f3n internacional organizada por Outreach \u2014ministerio fundado por Martin\u2014 y el grupo italiano \u201cLa Tienda de Jonathan\u201d. El evento, que incluye una misa celebrada por un alto representante del episcopado italiano, figura en el calendario del A\u00f1o Santo, aunque sin patrocinio oficial del Vaticano.&nbsp;<\/p>\n\n\n\n<p>Seg\u00fan explicaron autoridades vaticanas, su inclusi\u00f3n responde a motivos log\u00edsticos.<\/p>\n\n\n\n<p>Fuente: SIPSE<\/p>\n","protected":false},"excerpt":{"rendered":"<p>Tras su elecci\u00f3n en mayo, Le\u00f3n XIV enfrent\u00f3 cuestionamientos por comentarios cr\u00edticos que hab\u00eda realizado en 2012 sobre la homosexualidad. El\u00a0papa Le\u00f3n XIV\u00a0dio este lunes una clara se\u00f1al de continuidad con el legado de Francisco al reunirse con el jesuita James Martin, uno de los principales defensores de la inclusi\u00f3n LGBTQ+ en la Iglesia cat\u00f3lica.\u00a0 [&hellip;]<\/p>\n","protected":false},"author":2,"featured_media":144356,"comment_status":"open","ping_status":"open","sticky":false,"template":"","format":"standard","meta":{"footnotes":""},"categories":[62],"tags":[],"class_list":["post-144355","post","type-post","status-publish","format-standard","has-post-thumbnail","hentry","category-opinion"],"_links":{"self":[{"href":"http:\/\/elcuartopoder.com.mx\/nw\/wp-json\/wp\/v2\/posts\/144355","targetHints":{"allow":["GET"]}}],"collection":[{"href":"http:\/\/elcuartopoder.com.mx\/nw\/wp-json\/wp\/v2\/posts"}],"about":[{"href":"http:\/\/elcuartopoder.com.mx\/nw\/wp-json\/wp\/v2\/types\/post"}],"author":[{"embeddable":true,"href":"http:\/\/elcuartopoder.com.mx\/nw\/wp-json\/wp\/v2\/users\/2"}],"replies":[{"embeddable":true,"href":"http:\/\/elcuartopoder.com.mx\/nw\/wp-json\/wp\/v2\/comments?post=144355"}],"version-history":[{"count":1,"href":"http:\/\/elcuartopoder.com.mx\/nw\/wp-json\/wp\/v2\/posts\/144355\/revisions"}],"predecessor-version":[{"id":144357,"href":"http:\/\/elcuartopoder.com.mx\/nw\/wp-json\/wp\/v2\/posts\/144355\/revisions\/144357"}],"wp:featuredmedia":[{"embeddable":true,"href":"http:\/\/elcuartopoder.com.mx\/nw\/wp-json\/wp\/v2\/media\/144356"}],"wp:attachment":[{"href":"http:\/\/elcuartopoder.com.mx\/nw\/wp-json\/wp\/v2\/media?parent=144355"}],"wp:term":[{"taxonomy":"category","embeddable":true,"href":"http:\/\/elcuartopoder.com.mx\/nw\/wp-json\/wp\/v2\/categories?post=144355"},{"taxonomy":"post_tag","embeddable":true,"href":"http:\/\/elcuartopoder.com.mx\/nw\/wp-json\/wp\/v2\/tags?post=144355"}],"curies":[{"name":"wp","href":"https:\/\/api.w.org\/{rel}","templated":true}]}}