{"id":144365,"date":"2025-09-02T12:34:50","date_gmt":"2025-09-02T17:34:50","guid":{"rendered":"https:\/\/elcuartopoder.com.mx\/nw\/?p=144365"},"modified":"2025-09-02T12:34:52","modified_gmt":"2025-09-02T17:34:52","slug":"resalta-sheinbaum-reconocimiento-y-desarrollo-con-justicia-de-las-mujeres","status":"publish","type":"post","link":"http:\/\/elcuartopoder.com.mx\/nw\/economia\/resalta-sheinbaum-reconocimiento-y-desarrollo-con-justicia-de-las-mujeres\/","title":{"rendered":"Resalta Sheinbaum reconocimiento y desarrollo con justicia de las mujeres"},"content":{"rendered":"\n<p>La Secretar\u00eda de las Mujeres ya distribuye 25 millones de cartillas de derechos para garantizar que \u00abtodas y todos sepamos que las mujeres tenemos derecho a vivir libres de violencia y acceder a la educaci\u00f3n, a la salud, a los derechos de propiedad a la vivienda y podemos ser lo que queramos\u201d, dijo la presidenta Sheinbaum Foto Cuartoscuro \/ archivo.<\/p>\n\n\n\n<p><em>Ciudad de M\u00e9xico.&nbsp;<\/em>La presidenta Claudia Sheinbaum resalt\u00f3 como uno de los objetivos promover la igualdad, el reconocimiento y desarrollo con justicia de las mujeres.<\/p>\n\n\n\n<p>\u201cPara ello creamos la Secretar\u00eda de las mujeres que ya distribuye 25 millones de cartillas de derechos para garantizar que todas y todos sepamos que las mujeres tenemos derecho a vivir libres de violencia y acceder a la educaci\u00f3n, a la salud, a los derechos de propiedad a la vivienda y podemos ser lo que queramos\u201d.<\/p>\n\n\n\n<p>Resalt\u00f3 la entrada en operaci\u00f3n de la l\u00ednea 079*, de apoyo a mujeres; instalamos 678 centros libres, de los 2 mil 500 que habr\u00e1 en municipios del pa\u00eds y consolidamos una red de voluntarias, Tejedoras de la patria\u201d.<\/p>\n\n\n\n<p>Tambi\u00e9n modificamos, dijo, la ley para que sean reconocidas efem\u00e9rides de hero\u00ednas de la patria.<\/p>\n\n\n\n<p>\u201cIncre\u00edblemente hasta 2025, no se conmemoraba un d\u00eda relacionado con una hero\u00edna de M\u00e9xico, y creamos el museo Mujeres en la historia en Palacio Nacional\u201d.<\/p>\n\n\n\n<p>Adem\u00e1s, destac\u00f3 el avance en la instalaci\u00f3n de mil centros de educaci\u00f3n y cuidado infantil, un nuevo modelo p\u00fablico de atenci\u00f3n a la primera infancia, que va desde los 40 a los mil d\u00edas de vida.<\/p>\n\n\n\n<p>\u201cComo parte del sistema nacional de cuidados, durante d\u00e9cadas nos hicieron creer que la \u00fanica inversi\u00f3n que importaba era la privada, que por supuesto es muy importante, pero que el Estado deb\u00eda replegarse y dejar al mercado la conducci\u00f3n del desarrollo\u201d.<\/p>\n\n\n\n<p>Ese, sostuvo, \u201cfue el dogma neoliberal que redujo al gobierno a un mero espectador desde hace siete a\u00f1os. Afirmamos lo contrario, la inversi\u00f3n p\u00fablica es motor de bienestar y crecimiento con justicia, con obras de infraestructura, escuelas, hospitales, caminos, trenes, sistemas de agua y energ\u00eda\u201d.<\/p>\n\n\n\n<p>El Estado, subray\u00f3, \u201cimpulsa no solo la econom\u00eda, sino tambi\u00e9n la dignidad de las personas. La inversi\u00f3n p\u00fablica no sustituye, sino que complementa y potencia la inversi\u00f3n privada, pero jam\u00e1s renuncia a su responsabilidad central: garantizar que la prosperidad sea compartida, que el desarrollo sustentable llegue a todas y a todos sin exclusiones\u201d.<\/p>\n\n\n\n<p>Fuente: la jornada<\/p>\n","protected":false},"excerpt":{"rendered":"<p>La Secretar\u00eda de las Mujeres ya distribuye 25 millones de cartillas de derechos para garantizar que \u00abtodas y todos sepamos que las mujeres tenemos derecho a vivir libres de violencia y acceder a la educaci\u00f3n, a la salud, a los derechos de propiedad a la vivienda y podemos ser lo que queramos\u201d, dijo la presidenta [&hellip;]<\/p>\n","protected":false},"author":2,"featured_media":144366,"comment_status":"open","ping_status":"open","sticky":false,"template":"","format":"standard","meta":{"footnotes":""},"categories":[1],"tags":[],"class_list":["post-144365","post","type-post","status-publish","format-standard","has-post-thumbnail","hentry","category-economia"],"_links":{"self":[{"href":"http:\/\/elcuartopoder.com.mx\/nw\/wp-json\/wp\/v2\/posts\/144365","targetHints":{"allow":["GET"]}}],"collection":[{"href":"http:\/\/elcuartopoder.com.mx\/nw\/wp-json\/wp\/v2\/posts"}],"about":[{"href":"http:\/\/elcuartopoder.com.mx\/nw\/wp-json\/wp\/v2\/types\/post"}],"author":[{"embeddable":true,"href":"http:\/\/elcuartopoder.com.mx\/nw\/wp-json\/wp\/v2\/users\/2"}],"replies":[{"embeddable":true,"href":"http:\/\/elcuartopoder.com.mx\/nw\/wp-json\/wp\/v2\/comments?post=144365"}],"version-history":[{"count":1,"href":"http:\/\/elcuartopoder.com.mx\/nw\/wp-json\/wp\/v2\/posts\/144365\/revisions"}],"predecessor-version":[{"id":144367,"href":"http:\/\/elcuartopoder.com.mx\/nw\/wp-json\/wp\/v2\/posts\/144365\/revisions\/144367"}],"wp:featuredmedia":[{"embeddable":true,"href":"http:\/\/elcuartopoder.com.mx\/nw\/wp-json\/wp\/v2\/media\/144366"}],"wp:attachment":[{"href":"http:\/\/elcuartopoder.com.mx\/nw\/wp-json\/wp\/v2\/media?parent=144365"}],"wp:term":[{"taxonomy":"category","embeddable":true,"href":"http:\/\/elcuartopoder.com.mx\/nw\/wp-json\/wp\/v2\/categories?post=144365"},{"taxonomy":"post_tag","embeddable":true,"href":"http:\/\/elcuartopoder.com.mx\/nw\/wp-json\/wp\/v2\/tags?post=144365"}],"curies":[{"name":"wp","href":"https:\/\/api.w.org\/{rel}","templated":true}]}}