{"id":144374,"date":"2025-09-02T12:38:31","date_gmt":"2025-09-02T17:38:31","guid":{"rendered":"https:\/\/elcuartopoder.com.mx\/nw\/?p=144374"},"modified":"2025-09-02T12:38:33","modified_gmt":"2025-09-02T17:38:33","slug":"se-cumplen-todos-los-pronosticos-del-cambio-climatico","status":"publish","type":"post","link":"http:\/\/elcuartopoder.com.mx\/nw\/destacadas\/se-cumplen-todos-los-pronosticos-del-cambio-climatico\/","title":{"rendered":"Se cumplen todos los pron\u00f3sticos del cambio clim\u00e1tico"},"content":{"rendered":"\n<p>En Espa\u00f1a, son ya 400 mil hect\u00e1reas consumidas por incendios forestales, principalmente en regiones como Castilla y Le\u00f3n, Galicia y Extremadura. Foto Europa Press<\/p>\n\n\n\n<p>Este a\u00f1o se han cumplido todos los pron\u00f3sticos de las instancias internacionales encargadas de medir la temperatura del planeta. Igualmente, sus efectos en la comunidad de naciones: calor extremo y\/o fr\u00edo intenso y nieve en abundancia. Como nunca. A la vez, incendios forestales y lluvias torrenciales cuando menos se esperaban.&nbsp;<\/p>\n\n\n\n<p>A\u00fan contin\u00faa la ola de calor en Europa, el norte de \u00c1frica, Medio Oriente. Igual en Asia y en Norteam\u00e9rica. Y abundan los incendios forestales en Grecia, Francia y Portugal, por ejemplo. Los peores, en Espa\u00f1a. Son ya 400 mil las hect\u00e1reas consumidas por el fuego, principalmente en regiones como Castilla y Le\u00f3n, Galicia y Extremadura. El tema se volvi\u00f3 pol\u00edtico. El gobierno atribuye lo que sucede al cambio clim\u00e1tico y a la falta de prevenci\u00f3n en las comunidades aut\u00f3nomas afectadas, que preside la derecha. Y \u00e9sta culpa a los pir\u00f3manos y al gobierno central por no apoyar adecuadamente.&nbsp;<\/p>\n\n\n\n<p>Pero hay otra causa: en 13 a\u00f1os se redujeron a la mitad los recursos p\u00fablicos para prevenir el fuego en el verano y hay p\u00e9sima coordinaci\u00f3n entre las autoridades aut\u00f3nomas y el gobierno central. Ahora todos los partidos pol\u00edticos ofrecen medidas para prevenir y gestionar los pr\u00f3ximos incendios. Eso mismo sucede en los dem\u00e1s pa\u00edses que cada a\u00f1o enfrentan un problema que aumenta su intensidad debido a temperaturas cada vez m\u00e1s elevadas durante el verano.&nbsp;<\/p>\n\n\n\n<p>No han faltado las tragedias. Una de las mayores, en Texas, a principios de julio, con m\u00e1s de 120 muertos y decenas de desaparecidos. En menos de una hora, m\u00e1s de 30 cent\u00edmetros de lluvia cayeron en el centro del estado en medio de las celebraciones por el D\u00eda de la Independencia de la naci\u00f3n. S\u00f3lo en el condado de Kerr se confirmaron 96 decesos. El resto de los fallecidos corresponden a otros cinco cercanos a San Antonio. Entre las v\u00edctimas mortales destacan 30 ni\u00f1as y sus maestros que se encontraban en el campamento Mystic, a orillas del r\u00edo Guadalupe, que se desbord\u00f3 en poco tiempo por las lluvias intensas.&nbsp;<\/p>\n\n\n\n<p>Abundaron las cr\u00edticas por la respuesta del gobierno a la tragedia. Por un lado, alerta a destiempo, lo que impidi\u00f3 que las v\u00edctimas mortales y los desaparecidos que viv\u00edan cerca del r\u00edo Guadalupe se pusieran a salvo. Y por otro, los recortes en personal y recursos fiscales a la dependencia responsable de enfrentar las emergencias. Pero como es su costumbre, el presidente Trump dijo al visitar la zona de la tragedia que su gobierno hab\u00eda hecho m\u00e1s que nunca por proteger a Texas y para resarcir los da\u00f1os incalculables en hogares, negocios e infraestructura p\u00fablica.&nbsp;<\/p>\n\n\n\n<p>En M\u00e9xico, el calor tambi\u00e9n hizo de las suyas este a\u00f1o, con temperaturas nunca padecidas en algunas entidades federativas, como Sonora y Baja California; igual en la Cuenca de M\u00e9xico. Como resultado: hubo sequ\u00eda en el agro y abasto insuficiente de agua en las 50 ciudades m\u00e1s pobladas. Peor fue en el medio rural. Los sistemas de almacenamiento de agua, en su nivel m\u00e1s bajo.&nbsp;<\/p>\n\n\n\n<p>Pero gracias a un hurac\u00e1n y a varias tormentas tropicales, llegaron las lluvias a partir de mayo. Alivio para muchas regiones del pa\u00eds. Abastecen los vasos de las grandes obras hidr\u00e1ulicas, pero la inmensa mayor\u00eda del agua no se retiene para alimentar los acu\u00edferos. Los r\u00edos la llevan al mar. Un recurso b\u00e1sico, desperdiciado. En paralelo, graves inundaciones. La capital del pa\u00eds y las ciudades de la Cuenca de M\u00e9xico, las m\u00e1s afectadas. Pero tambi\u00e9n Guadalajara, Toluca, Guanajuato y decenas m\u00e1s.&nbsp;<\/p>\n\n\n\n<p>No s\u00f3lo porque ha llovido intensamente, sino por la carencia de mantenimiento y\/o obsolescencia de las redes de captaci\u00f3n del agua. Porque la mancha de asfalto se extendi\u00f3 por ca\u00f1adas y por donde sol\u00edan correr arroyos. El agua tiene memoria, he dicho muchas veces, y ahora se comprueba. Tambi\u00e9n se le impide recorrerlos por la enorme cantidad de basura que, adem\u00e1s, tapa el sistema de drenaje.&nbsp;<\/p>\n\n\n\n<p>Lo que las urbes y el campo han padecido este a\u00f1o por sequ\u00edas y lluvias intensas es la en\u00e9sima llamada de atenci\u00f3n para evitar mayores desastres. Afectan especialmente a los menos favorecidos social y econ\u00f3micamente. Han sido suficientemente expuestas las soluciones m\u00e1s viables. Pese a ello, no existe todav\u00eda un programa para prevenir en todo lo posible los efectos tantas veces anunciados del cambio clim\u00e1tico.&nbsp;<\/p>\n\n\n\n<p>Muere Arnoldo Kraus, m\u00e9dico excelente, entra\u00f1able amigo, impulsor de la bio\u00e9tica. Y en sus art\u00edculos dominicales en<em>&nbsp;El Universal<\/em>, severo cr\u00edtico del genocida Netanyahu.<\/p>\n\n\n\n<p>Fuente: la jornada<\/p>\n","protected":false},"excerpt":{"rendered":"<p>En Espa\u00f1a, son ya 400 mil hect\u00e1reas consumidas por incendios forestales, principalmente en regiones como Castilla y Le\u00f3n, Galicia y Extremadura. Foto Europa Press Este a\u00f1o se han cumplido todos los pron\u00f3sticos de las instancias internacionales encargadas de medir la temperatura del planeta. Igualmente, sus efectos en la comunidad de naciones: calor extremo y\/o fr\u00edo [&hellip;]<\/p>\n","protected":false},"author":2,"featured_media":144375,"comment_status":"open","ping_status":"open","sticky":false,"template":"","format":"standard","meta":{"footnotes":""},"categories":[59],"tags":[],"class_list":["post-144374","post","type-post","status-publish","format-standard","has-post-thumbnail","hentry","category-destacadas"],"_links":{"self":[{"href":"http:\/\/elcuartopoder.com.mx\/nw\/wp-json\/wp\/v2\/posts\/144374","targetHints":{"allow":["GET"]}}],"collection":[{"href":"http:\/\/elcuartopoder.com.mx\/nw\/wp-json\/wp\/v2\/posts"}],"about":[{"href":"http:\/\/elcuartopoder.com.mx\/nw\/wp-json\/wp\/v2\/types\/post"}],"author":[{"embeddable":true,"href":"http:\/\/elcuartopoder.com.mx\/nw\/wp-json\/wp\/v2\/users\/2"}],"replies":[{"embeddable":true,"href":"http:\/\/elcuartopoder.com.mx\/nw\/wp-json\/wp\/v2\/comments?post=144374"}],"version-history":[{"count":1,"href":"http:\/\/elcuartopoder.com.mx\/nw\/wp-json\/wp\/v2\/posts\/144374\/revisions"}],"predecessor-version":[{"id":144376,"href":"http:\/\/elcuartopoder.com.mx\/nw\/wp-json\/wp\/v2\/posts\/144374\/revisions\/144376"}],"wp:featuredmedia":[{"embeddable":true,"href":"http:\/\/elcuartopoder.com.mx\/nw\/wp-json\/wp\/v2\/media\/144375"}],"wp:attachment":[{"href":"http:\/\/elcuartopoder.com.mx\/nw\/wp-json\/wp\/v2\/media?parent=144374"}],"wp:term":[{"taxonomy":"category","embeddable":true,"href":"http:\/\/elcuartopoder.com.mx\/nw\/wp-json\/wp\/v2\/categories?post=144374"},{"taxonomy":"post_tag","embeddable":true,"href":"http:\/\/elcuartopoder.com.mx\/nw\/wp-json\/wp\/v2\/tags?post=144374"}],"curies":[{"name":"wp","href":"https:\/\/api.w.org\/{rel}","templated":true}]}}