{"id":144377,"date":"2025-09-02T12:39:43","date_gmt":"2025-09-02T17:39:43","guid":{"rendered":"https:\/\/elcuartopoder.com.mx\/nw\/?p=144377"},"modified":"2025-09-02T12:39:44","modified_gmt":"2025-09-02T17:39:44","slug":"bolsonaro-no-asistira-a-la-fase-final-de-su-juicio-abogado","status":"publish","type":"post","link":"http:\/\/elcuartopoder.com.mx\/nw\/internacionales\/bolsonaro-no-asistira-a-la-fase-final-de-su-juicio-abogado\/","title":{"rendered":"Bolsonaro no asistir\u00e1 a la fase final de su juicio: abogado"},"content":{"rendered":"\n<p>El expresidente brasile\u00f1o (2019-2023) Jair Bolsonaro hace un gesto durante la conferencia CPAC Brasil en Balneario Cambori\u00fa, estado de Santa Catarina, Brasil, el 6 de julio de 2024. Foto Afp<\/p>\n\n\n\n<p><em>Rio de Janeiro.&nbsp;<\/em>El expresidente brasile\u00f1o Jair Bolsonaro no comparecer\u00e1 ante la corte suprema durante la fase final del juicio en su contra por golpismo, que se inicia el martes y se extender\u00e1 hasta el 12 de septiembre, inform\u00f3 a la AFP uno de sus abogados.<\/p>\n\n\n\n<p>El l\u00edder ultraderechista, de 70 a\u00f1os y que se encuentra en prisi\u00f3n domiciliaria, debe ser declarado inocente o culpable de haber conspirado para impedir la asunci\u00f3n de su sucesor, el presidente Luiz In\u00e1cio Lula da Silva, tras las elecciones de 2022.<\/p>\n\n\n\n<p>Consultado sobre si el exmandatario estar\u00eda presente en la sala durante esta fase, su abogado Celso Vilardi respondi\u00f3: \u00abNo asistir\u00e1\u00bb.<\/p>\n\n\n\n<p>Fuente: la jornada<\/p>\n","protected":false},"excerpt":{"rendered":"<p>El expresidente brasile\u00f1o (2019-2023) Jair Bolsonaro hace un gesto durante la conferencia CPAC Brasil en Balneario Cambori\u00fa, estado de Santa Catarina, Brasil, el 6 de julio de 2024. Foto Afp Rio de Janeiro.&nbsp;El expresidente brasile\u00f1o Jair Bolsonaro no comparecer\u00e1 ante la corte suprema durante la fase final del juicio en su contra por golpismo, que [&hellip;]<\/p>\n","protected":false},"author":2,"featured_media":144378,"comment_status":"open","ping_status":"open","sticky":false,"template":"","format":"standard","meta":{"footnotes":""},"categories":[8],"tags":[],"class_list":["post-144377","post","type-post","status-publish","format-standard","has-post-thumbnail","hentry","category-internacionales"],"_links":{"self":[{"href":"http:\/\/elcuartopoder.com.mx\/nw\/wp-json\/wp\/v2\/posts\/144377","targetHints":{"allow":["GET"]}}],"collection":[{"href":"http:\/\/elcuartopoder.com.mx\/nw\/wp-json\/wp\/v2\/posts"}],"about":[{"href":"http:\/\/elcuartopoder.com.mx\/nw\/wp-json\/wp\/v2\/types\/post"}],"author":[{"embeddable":true,"href":"http:\/\/elcuartopoder.com.mx\/nw\/wp-json\/wp\/v2\/users\/2"}],"replies":[{"embeddable":true,"href":"http:\/\/elcuartopoder.com.mx\/nw\/wp-json\/wp\/v2\/comments?post=144377"}],"version-history":[{"count":1,"href":"http:\/\/elcuartopoder.com.mx\/nw\/wp-json\/wp\/v2\/posts\/144377\/revisions"}],"predecessor-version":[{"id":144379,"href":"http:\/\/elcuartopoder.com.mx\/nw\/wp-json\/wp\/v2\/posts\/144377\/revisions\/144379"}],"wp:featuredmedia":[{"embeddable":true,"href":"http:\/\/elcuartopoder.com.mx\/nw\/wp-json\/wp\/v2\/media\/144378"}],"wp:attachment":[{"href":"http:\/\/elcuartopoder.com.mx\/nw\/wp-json\/wp\/v2\/media?parent=144377"}],"wp:term":[{"taxonomy":"category","embeddable":true,"href":"http:\/\/elcuartopoder.com.mx\/nw\/wp-json\/wp\/v2\/categories?post=144377"},{"taxonomy":"post_tag","embeddable":true,"href":"http:\/\/elcuartopoder.com.mx\/nw\/wp-json\/wp\/v2\/tags?post=144377"}],"curies":[{"name":"wp","href":"https:\/\/api.w.org\/{rel}","templated":true}]}}