{"id":144389,"date":"2025-09-02T15:04:04","date_gmt":"2025-09-02T20:04:04","guid":{"rendered":"https:\/\/elcuartopoder.com.mx\/nw\/?p=144389"},"modified":"2025-09-02T15:04:06","modified_gmt":"2025-09-02T20:04:06","slug":"acefalos-cuatro-juzgados-y-varias-magistraturas-federales-en-espera-de-nombramientos-en-quintana-roo","status":"publish","type":"post","link":"http:\/\/elcuartopoder.com.mx\/nw\/estatales\/acefalos-cuatro-juzgados-y-varias-magistraturas-federales-en-espera-de-nombramientos-en-quintana-roo\/","title":{"rendered":"Ac\u00e9falos cuatro juzgados y varias magistraturas federales, en espera de nombramientos en Quintana Roo"},"content":{"rendered":"\n<p>Entre ellos, desde antes de finalizar agosto qued\u00f3 ac\u00e9falo el Juzgado Primero de Distrito, que ve el caso de la Sedena en Bacalar y suspendi\u00f3 la construcci\u00f3n de la cafeter\u00eda VIP en el Congreso del Estado >Tambi\u00e9n est\u00e1n vacantes dos magistraturas en el Primer Tribunal Colegiado de Circuito, que tiene la revisi\u00f3n el amparo perdido por Aguakan >El reci\u00e9n instalado \u00d3rgano de Administraci\u00f3n Judicial federal todav\u00eda no asigna los cargos a las personas juzgadoras que fueron electas en el estado gracias a los acordeones<\/p>\n\n\n\n<figure class=\"wp-block-image size-large\"><img loading=\"lazy\" decoding=\"async\" width=\"1024\" height=\"542\" src=\"https:\/\/elcuartopoder.com.mx\/nw\/wp-content\/uploads\/2025\/09\/539591847_10163045002104770_6150028624284234808_n-1024x542.png\" alt=\"\" class=\"wp-image-144391\" srcset=\"http:\/\/elcuartopoder.com.mx\/nw\/wp-content\/uploads\/2025\/09\/539591847_10163045002104770_6150028624284234808_n-1024x542.png 1024w, http:\/\/elcuartopoder.com.mx\/nw\/wp-content\/uploads\/2025\/09\/539591847_10163045002104770_6150028624284234808_n-300x159.png 300w, http:\/\/elcuartopoder.com.mx\/nw\/wp-content\/uploads\/2025\/09\/539591847_10163045002104770_6150028624284234808_n-768x407.png 768w, http:\/\/elcuartopoder.com.mx\/nw\/wp-content\/uploads\/2025\/09\/539591847_10163045002104770_6150028624284234808_n-696x369.png 696w, http:\/\/elcuartopoder.com.mx\/nw\/wp-content\/uploads\/2025\/09\/539591847_10163045002104770_6150028624284234808_n.png 1492w\" sizes=\"auto, (max-width: 1024px) 100vw, 1024px\" \/><\/figure>\n\n\n\n<p>CHETUMAL, 2 de septiembre.- Desde los \u00faltimos d\u00edas de agosto, se encuentra ac\u00e9falo el Juzgado Primero de Distrito con sede en Chetumal, que lleva los 3 juicios de amparo en contra de la construcci\u00f3n de la casa de descanso de la Secretar\u00eda de la Defensa Nacional (Sedena) junto a la laguna de Bacalar y ha emitido las suspensiones que tienen detenida la obra, adem\u00e1s de haber suspendido la obra de la cafeter\u00eda VIP en el Congreso del Estado por el que retiraron la estatua de Andr\u00e9s Quintana Roo y el asta bandera, que fueron restituidas la semana pasada.<\/p>\n\n\n\n<p>El juez David Pacheco Monroy dej\u00f3 su cargo antes de concluir el mes de agosto, y seg\u00fan la informaci\u00f3n de la p\u00e1gina del \u00d3rgano de Administraci\u00f3n Judicial del Poder Judicial de la Federaci\u00f3n, que sustituy\u00f3 al Consejo de la Judicatura Federal, desde el 19 de agosto el Juzgado Primero de Distrito se encuentra a cargo de una secretaria en funciones de jueza.<\/p>\n\n\n\n<figure class=\"wp-block-image size-full is-resized\"><img loading=\"lazy\" decoding=\"async\" width=\"450\" height=\"600\" src=\"https:\/\/elcuartopoder.com.mx\/nw\/wp-content\/uploads\/2025\/09\/540613227_10163045002019770_5308506343127825245_n.png\" alt=\"\" class=\"wp-image-144392\" style=\"width:726px;height:auto\" srcset=\"http:\/\/elcuartopoder.com.mx\/nw\/wp-content\/uploads\/2025\/09\/540613227_10163045002019770_5308506343127825245_n.png 450w, http:\/\/elcuartopoder.com.mx\/nw\/wp-content\/uploads\/2025\/09\/540613227_10163045002019770_5308506343127825245_n-225x300.png 225w\" sizes=\"auto, (max-width: 450px) 100vw, 450px\" \/><\/figure>\n\n\n\n<p>Como el \u00d3rgano de Administraci\u00f3n Judicial acaba de instalarse ayer, se espera que a partir de este d\u00eda y en los pr\u00f3ximos deber\u00e1 nombrarse a la persona que sustituir\u00e1 a Pacheco Monroy en ese juzgado, y ser\u00e1 una de las juezas \u201cdel acorde\u00f3n\u201d que fueron elegidas el pasado 1 de junio en Quintana Roo.<\/p>\n\n\n\n<p>La ocupante de este juzgado saldr\u00e1 entre abogadas provenientes de gobiernos de la alianza Morena-PVEM, que son Eugenia Maritza Valencia Hern\u00e1ndez, exsecretaria particular del Tesorero General del Estado, Jos\u00e9 Cuauht\u00e9moc Iraburo Z\u00e1rate, dependiente de la Secretar\u00eda de Finanzas y Planeaci\u00f3n (Sefiplan), y Mar\u00eda Jos\u00e9 Pech S\u00e1enz, quien era la encargada del \u00e1rea jur\u00eddica de la Direcci\u00f3n de Egresos del ayuntamiento de Benito Ju\u00e1rez.<\/p>\n\n\n\n<p>Otro juzgado que ha sido desocupado por su titular a partir de ayer es el Juzgado Segundo de Distrito, cuya titular, Ang\u00e9lica del Carmen Ortu\u00f1o Su\u00e1rez, compiti\u00f3 en la pasada elecci\u00f3n, pero no obtuvo su ratificaci\u00f3n.<\/p>\n\n\n\n<p>Esta jueza fue quien revoc\u00f3 recientemente el Programa de Desarrollo Urbano (PDU) de Canc\u00fan emitido en el 2022, debido a que se omiti\u00f3 la debida consulta p\u00fablica antes de su aprobaci\u00f3n por el gobierno morenoecologista del municipio de Benito Ju\u00e1rez, y antes tambi\u00e9n resolvi\u00f3 que Playa Delfines sea p\u00fablica, pero ya la 4T se desquit\u00f3 por medio de la elecci\u00f3n removi\u00e9ndola del cargo.<\/p>\n\n\n\n<p>Este juzgado tambi\u00e9n puede ser ocupado por Eugenia Maritza Valencia Hern\u00e1ndez o Mar\u00eda Jos\u00e9 Pech S\u00e1enz.<\/p>\n\n\n\n<figure class=\"wp-block-image size-full\"><img loading=\"lazy\" decoding=\"async\" width=\"898\" height=\"730\" src=\"https:\/\/elcuartopoder.com.mx\/nw\/wp-content\/uploads\/2025\/09\/542828663_10163045002224770_6357093187446854279_n.png\" alt=\"\" class=\"wp-image-144393\" srcset=\"http:\/\/elcuartopoder.com.mx\/nw\/wp-content\/uploads\/2025\/09\/542828663_10163045002224770_6357093187446854279_n.png 898w, http:\/\/elcuartopoder.com.mx\/nw\/wp-content\/uploads\/2025\/09\/542828663_10163045002224770_6357093187446854279_n-300x244.png 300w, http:\/\/elcuartopoder.com.mx\/nw\/wp-content\/uploads\/2025\/09\/542828663_10163045002224770_6357093187446854279_n-768x624.png 768w, http:\/\/elcuartopoder.com.mx\/nw\/wp-content\/uploads\/2025\/09\/542828663_10163045002224770_6357093187446854279_n-696x566.png 696w\" sizes=\"auto, (max-width: 898px) 100vw, 898px\" \/><\/figure>\n\n\n\n<p>Otro que dejar\u00e1 su cargo es Pedro Dur\u00e1n Su\u00e1rez, que era el juez laboral titular del Primer Tribunal Laboral Federal de Asuntos Individuales en estado, con sede en Canc\u00fan, quien, a menos que exista una reasignaci\u00f3n mayor, probablemente ser\u00e1 sustituido por Jesymar Castillo Arangute, otro allegado de los gobiernos morenoecologistas, pues fue consejero Jur\u00eddico de la alcaldesa de Puerto Morelos, Blanca Merari Tziu, y hasta antes era el director Jur\u00eddico Contencioso en su segunda administraci\u00f3n.<\/p>\n\n\n\n<figure class=\"wp-block-image size-full\"><img loading=\"lazy\" decoding=\"async\" width=\"788\" height=\"722\" src=\"https:\/\/elcuartopoder.com.mx\/nw\/wp-content\/uploads\/2025\/09\/540550384_10163045002239770_2293306189709021683_n.png\" alt=\"\" class=\"wp-image-144394\" srcset=\"http:\/\/elcuartopoder.com.mx\/nw\/wp-content\/uploads\/2025\/09\/540550384_10163045002239770_2293306189709021683_n.png 788w, http:\/\/elcuartopoder.com.mx\/nw\/wp-content\/uploads\/2025\/09\/540550384_10163045002239770_2293306189709021683_n-300x275.png 300w, http:\/\/elcuartopoder.com.mx\/nw\/wp-content\/uploads\/2025\/09\/540550384_10163045002239770_2293306189709021683_n-768x704.png 768w, http:\/\/elcuartopoder.com.mx\/nw\/wp-content\/uploads\/2025\/09\/540550384_10163045002239770_2293306189709021683_n-696x638.png 696w\" sizes=\"auto, (max-width: 788px) 100vw, 788px\" \/><\/figure>\n\n\n\n<p>A Jesymar Castillo, adem\u00e1s, el Instituto Nacional Electoral (INE) le cancel\u00f3 su constancia como juez laboral federal electo por no alcanzar la calificaci\u00f3n m\u00ednima de 9 en sus estudios de especializaci\u00f3n, pero el Tribunal Electoral del Poder Judicial de la Federaci\u00f3n (TEPJF) lo revivi\u00f3 alegando que el INE no pod\u00eda meterse a juzgar ese requisito, porque no era de elegibilidad sino de idoneidad y los comit\u00e9s de evaluaci\u00f3n ten\u00edan exclusividad para valorarlos,<\/p>\n\n\n\n<p>Tambi\u00e9n se ocupar\u00e1 una vacante de juez penal en el Centro de Justicia Penal Federal con residencia en Canc\u00fan, puesto que ser\u00e1 para Landy Rosal\u00eda Pamplona P\u00e9rez, quien era juez de control penal del Poder Judicial del Estado; mientras que Javier Aguirre Farf\u00e1n, quien particip\u00f3 en la elecci\u00f3n como juez en funciones, fue favorecido por el \u201cacorde\u00f3n\u201d para quedarse ratificado en su cargo.<\/p>\n\n\n\n<p>Los otros dos jueces penales del centro, Fredy Ladislao Portillo Gonz\u00e1lez y Juan Manuel Acevedo Mej\u00eda, siguen en sus cargos, puesto que esos ser\u00e1n sometidos a elecci\u00f3n hasta el 2027.<\/p>\n\n\n\n<p>En cambio, quedaron ratificados en sus cargos como jueces de distrito otros favorecidos por los \u201cacordeones\u201d de la elecci\u00f3n judicial que son: Gloria Luz Reyes Rojo, ratificada con Jueza Cuarta de Distrito; Dar\u00edo Alejandro Villa Arn\u00e1iz, en el Juzgado S\u00e9ptimo de Distrito; y Ciro Carrera Santiago, en el Juzgado Noveno de Distrito, todos con sede en Canc\u00fan.<\/p>\n\n\n\n<p>En los tribunales colegiados tambi\u00e9n ya se tienen vacantes que ser\u00e1n ocupadas por las personas reci\u00e9n electas para las magistraturas.<\/p>\n\n\n\n<p>Est\u00e1n vacantes a partir de ayer 2 puestos en el Primer Tribunal Colegiado de Circuito, que es el que tiene en sus manos el recurso de revisi\u00f3n de Aguakan contra la sentencia del Juzgado Octavo de Distrito que le neg\u00f3 el amparo contra el decreto que cancel\u00f3 la pr\u00f3rroga de su concesi\u00f3n para prestar servicio de agua potable por 30 a\u00f1os m\u00e1s.<\/p>\n\n\n\n<p>Tambi\u00e9n est\u00e1n vacantes 2 en el Segundo Tribunal Colegiado de Circuito, que ha estado atendiendo las quejas y recursos contra las suspensiones emitidas en los juicios de amparo contra la casa de descanso de la Sedena en Bacalar.<\/p>\n\n\n\n<p>Tambi\u00e9n hay 2 vacantes en el Tercer Tribunal Colegiado de Circuito y otras 2 en el Tribunal Colegiado de Apelaci\u00f3n, todos con sede en Canc\u00fan.<\/p>\n\n\n\n<p>Para estos cargos, est\u00e1n disponibles nuevos magistrados electas que son tambi\u00e9n allegadas o exempleadas de los gobiernos de la 4T: Lina Victoria Bolio Pasos, extitular de la Unidad Jur\u00eddica de la Tesorer\u00eda del ayuntamiento de Benito Ju\u00e1rez; Judith Rodr\u00edguez Villanueva, hasta finales del mes subsecretaria de Asuntos Jur\u00eddicos de la Secretar\u00eda de Gobierno de Quintana Roo y que fue diputada local del PVEM; Berenice Pen\u00e9lope Polanco C\u00f3rdova, exsecretaria particular de la alcaldesa de Benito Ju\u00e1rez, Ana Patricia Peralta de la Pe\u00f1a; y Mar\u00eda del Rosario Cervantes Garc\u00eda, exfuncionaria del Poder Judicial de la Federaci\u00f3n.<\/p>\n\n\n\n<p>Los magistrados electos del sexo masculino son: Lenin Salvador Zenteno \u00c1vila, que fue secretario general del ayuntamiento de Benito Ju\u00e1rez bajo la presidencia municipal de Gregorio S\u00e1nchez Mart\u00ednez, cuyo yerno, Alejandro Luna L\u00f3pez, es el actual director del Instituto del Deporte del mismo municipio; Jorge Armando Hern\u00e1ndez Gonz\u00e1lez y Jos\u00e9 Luis Ordu\u00f1a Aguilera, ambos exfuncionarios Poder Judicial de la Federaci\u00f3n.<\/p>\n\n\n\n<p>En las magistraturas federales que se pusieron en elecci\u00f3n este a\u00f1o, s\u00f3lo Aar\u00f3n Alberto Pereira Lizama obtuvo su ratificaci\u00f3n como magistrado en funciones, pero espera su reasignaci\u00f3n de tribunal.<\/p>\n\n\n\n<figure class=\"wp-block-image size-large\"><img loading=\"lazy\" decoding=\"async\" width=\"1024\" height=\"497\" src=\"https:\/\/elcuartopoder.com.mx\/nw\/wp-content\/uploads\/2025\/09\/542100489_10163045002184770_2597710824045323176_n-1024x497.png\" alt=\"\" class=\"wp-image-144396\" srcset=\"http:\/\/elcuartopoder.com.mx\/nw\/wp-content\/uploads\/2025\/09\/542100489_10163045002184770_2597710824045323176_n-1024x497.png 1024w, http:\/\/elcuartopoder.com.mx\/nw\/wp-content\/uploads\/2025\/09\/542100489_10163045002184770_2597710824045323176_n-300x145.png 300w, http:\/\/elcuartopoder.com.mx\/nw\/wp-content\/uploads\/2025\/09\/542100489_10163045002184770_2597710824045323176_n-768x372.png 768w, http:\/\/elcuartopoder.com.mx\/nw\/wp-content\/uploads\/2025\/09\/542100489_10163045002184770_2597710824045323176_n-696x338.png 696w, http:\/\/elcuartopoder.com.mx\/nw\/wp-content\/uploads\/2025\/09\/542100489_10163045002184770_2597710824045323176_n.png 1260w\" sizes=\"auto, (max-width: 1024px) 100vw, 1024px\" \/><\/figure>\n\n\n\n<figure class=\"wp-block-image size-large\"><img loading=\"lazy\" decoding=\"async\" width=\"1024\" height=\"723\" src=\"https:\/\/elcuartopoder.com.mx\/nw\/wp-content\/uploads\/2025\/09\/541964165_10163045002359770_3232399616799418563_n-1024x723.png\" alt=\"\" class=\"wp-image-144395\" srcset=\"http:\/\/elcuartopoder.com.mx\/nw\/wp-content\/uploads\/2025\/09\/541964165_10163045002359770_3232399616799418563_n-1024x723.png 1024w, http:\/\/elcuartopoder.com.mx\/nw\/wp-content\/uploads\/2025\/09\/541964165_10163045002359770_3232399616799418563_n-300x212.png 300w, http:\/\/elcuartopoder.com.mx\/nw\/wp-content\/uploads\/2025\/09\/541964165_10163045002359770_3232399616799418563_n-768x543.png 768w, http:\/\/elcuartopoder.com.mx\/nw\/wp-content\/uploads\/2025\/09\/541964165_10163045002359770_3232399616799418563_n-100x70.png 100w, http:\/\/elcuartopoder.com.mx\/nw\/wp-content\/uploads\/2025\/09\/541964165_10163045002359770_3232399616799418563_n-696x492.png 696w, http:\/\/elcuartopoder.com.mx\/nw\/wp-content\/uploads\/2025\/09\/541964165_10163045002359770_3232399616799418563_n.png 1298w\" sizes=\"auto, (max-width: 1024px) 100vw, 1024px\" \/><\/figure>\n\n\n\n<p>Fuente: diariocambio22<\/p>\n","protected":false},"excerpt":{"rendered":"<p>Entre ellos, desde antes de finalizar agosto qued\u00f3 ac\u00e9falo el Juzgado Primero de Distrito, que ve el caso de la Sedena en Bacalar y suspendi\u00f3 la construcci\u00f3n de la cafeter\u00eda VIP en el Congreso del Estado >Tambi\u00e9n est\u00e1n vacantes dos magistraturas en el Primer Tribunal Colegiado de Circuito, que tiene la revisi\u00f3n el amparo perdido [&hellip;]<\/p>\n","protected":false},"author":2,"featured_media":144390,"comment_status":"open","ping_status":"open","sticky":false,"template":"","format":"standard","meta":{"footnotes":""},"categories":[60],"tags":[],"class_list":["post-144389","post","type-post","status-publish","format-standard","has-post-thumbnail","hentry","category-estatales"],"_links":{"self":[{"href":"http:\/\/elcuartopoder.com.mx\/nw\/wp-json\/wp\/v2\/posts\/144389","targetHints":{"allow":["GET"]}}],"collection":[{"href":"http:\/\/elcuartopoder.com.mx\/nw\/wp-json\/wp\/v2\/posts"}],"about":[{"href":"http:\/\/elcuartopoder.com.mx\/nw\/wp-json\/wp\/v2\/types\/post"}],"author":[{"embeddable":true,"href":"http:\/\/elcuartopoder.com.mx\/nw\/wp-json\/wp\/v2\/users\/2"}],"replies":[{"embeddable":true,"href":"http:\/\/elcuartopoder.com.mx\/nw\/wp-json\/wp\/v2\/comments?post=144389"}],"version-history":[{"count":1,"href":"http:\/\/elcuartopoder.com.mx\/nw\/wp-json\/wp\/v2\/posts\/144389\/revisions"}],"predecessor-version":[{"id":144397,"href":"http:\/\/elcuartopoder.com.mx\/nw\/wp-json\/wp\/v2\/posts\/144389\/revisions\/144397"}],"wp:featuredmedia":[{"embeddable":true,"href":"http:\/\/elcuartopoder.com.mx\/nw\/wp-json\/wp\/v2\/media\/144390"}],"wp:attachment":[{"href":"http:\/\/elcuartopoder.com.mx\/nw\/wp-json\/wp\/v2\/media?parent=144389"}],"wp:term":[{"taxonomy":"category","embeddable":true,"href":"http:\/\/elcuartopoder.com.mx\/nw\/wp-json\/wp\/v2\/categories?post=144389"},{"taxonomy":"post_tag","embeddable":true,"href":"http:\/\/elcuartopoder.com.mx\/nw\/wp-json\/wp\/v2\/tags?post=144389"}],"curies":[{"name":"wp","href":"https:\/\/api.w.org\/{rel}","templated":true}]}}