{"id":144508,"date":"2025-09-04T09:53:20","date_gmt":"2025-09-04T14:53:20","guid":{"rendered":"https:\/\/elcuartopoder.com.mx\/nw\/?p=144508"},"modified":"2025-09-04T09:53:22","modified_gmt":"2025-09-04T14:53:22","slug":"las-cinco-carreras-que-nadie-estudia-y-tienen-miles-de-ofertas-de-empleo-en-espana-alta-empleabilidad-e-insercion-laboral-casi-asegurada","status":"publish","type":"post","link":"http:\/\/elcuartopoder.com.mx\/nw\/varios\/las-cinco-carreras-que-nadie-estudia-y-tienen-miles-de-ofertas-de-empleo-en-espana-alta-empleabilidad-e-insercion-laboral-casi-asegurada\/","title":{"rendered":"Las cinco carreras que nadie estudia y tienen miles de ofertas de empleo en Espa\u00f1a: alta empleabilidad e inserci\u00f3n laboral casi asegurada"},"content":{"rendered":"\n<p>Consulta las carreras con m\u00e1s alta de empleo e inserci\u00f3n laboral de Espa\u00f1a.<\/p>\n\n\n\n<p>Los&nbsp;<strong>ex\u00e1menes de acceso a la universidad<\/strong>&nbsp;ya tuvieron lugar en los primeros d\u00edas de junio en Espa\u00f1a y ahora se proceden a empezar las universidades.<\/p>\n\n\n\n<p>A trav\u00e9s de la&nbsp;<strong>Selectividad<\/strong>, miles de j\u00f3venes miden sus conocimientos y aprendizajes obtenidos en la ESO y bachillerato para intentar alcanzar la nota que requiere<strong>&nbsp;la carrera que desean estudiar<\/strong>.<\/p>\n\n\n\n<p>Aunque muchos ya tienen claro qu\u00e9 estudios van a elegir, otros a\u00fan tienen dudas sobre el camino que deben tomar, encontr\u00e1ndose con&nbsp;<strong>muchas opciones<\/strong>&nbsp;dentro de sus posibilidades seg\u00fan el bachillerato que hayan estudiado.<\/p>\n\n\n\n<p>En ese caso, puede resultar interesante optar por carreras universitarias que, a pesar de ser menos populares entre los estudiantes y conseguir menos graduados, ofrecen<strong>&nbsp;alta empleabilidad<\/strong>&nbsp;y gran oferta de trabajo.<\/p>\n\n\n\n<p>Estas titulaciones suelen destacar por su escasa demanda en las aulas, lo cual puede traducirse en una menor competencia en el mercado laboral y, en general, una&nbsp;<strong>mayor probabilidad de acceso a puestos de trabajo cualificados<\/strong>. A continuaci\u00f3n te dejamos cinco carreras que no cuentan con una alta demanda al matricularse pero s\u00ed ofrecen buenas perspectivas en el mercado laboral.<\/p>\n\n\n\n<p>Esta informaci\u00f3n proviene del\u00a0ranking de inserci\u00f3n laboral por estudios\u00a0en Espa\u00f1a, elaborado por la Fundaci\u00f3n BBVA junto al Instituto Valenciano de Investigaciones Econ\u00f3micas (IVIE). En \u00e9l se muestra el\u00a0<strong>n\u00famero de graduados de cada carrera universitaria\u00a0<\/strong>(tanto en universidades p\u00fablicas como privadas), su\u00a0<strong>tasa de afiliaci\u00f3n media a la Seguridad Social\u00a0<\/strong>(S.S)<strong>, el ajuste de nivel de estudios<\/strong>, que hace referencia al porcentaje de titulados que cotizan en la S.S en un grupo que requiere estudios universitarios; y la base media de cotizaci\u00f3n bruta anual.<\/p>\n\n\n\n<h3 class=\"wp-block-heading\">Cinco carreras con menos graduados y con alta empleabilidad<\/h3>\n\n\n\n<h3 class=\"wp-block-heading\">Ingenier\u00eda Medioambiental<\/h3>\n\n\n\n<ul class=\"wp-block-list\">\n<li>N\u00famero de graduados: 92<\/li>\n\n\n\n<li>Tasa de afiliaci\u00f3n media: 85,5%<\/li>\n\n\n\n<li>Ajuste nivel de estudios: 80,8%<\/li>\n\n\n\n<li>Base media de cotizaci\u00f3n: 32.643 euros<\/li>\n<\/ul>\n\n\n\n<p>La carrera de Ingenier\u00eda Medioambiental o Ingenier\u00eda Ambiental cuenta con cuatro a\u00f1os de estudio. La<strong>&nbsp;nota de corte m\u00ednima es un 7,07<\/strong>&nbsp;en la Universidad del Pa\u00eds Vasco (Escuela de Ingenier\u00eda de Bilbao).<\/p>\n\n\n\n<h3 class=\"wp-block-heading\">Ingenier\u00eda Geom\u00e1tica y Topogr\u00e1fica<\/h3>\n\n\n\n<ul class=\"wp-block-list\">\n<li>N\u00famero de graduados: 149<\/li>\n\n\n\n<li>Tasa de afiliaci\u00f3n media: 86,3%<\/li>\n\n\n\n<li>Ajuste nivel de estudios: 75,6%<\/li>\n\n\n\n<li>Base media de cotizaci\u00f3n: 31.845 euros<\/li>\n<\/ul>\n\n\n\n<p>La carrera de Ingenier\u00eda Geom\u00e1tica y Topogr\u00e1fica cuenta con cuatro a\u00f1os de estudio. La<strong>&nbsp;nota de corte m\u00ednima es un 5<\/strong>&nbsp;en la Universidad de Ja\u00e9n (Escuela Polit\u00e9cnica Superior) y en la Universidad de Le\u00f3n (Escuela Superior y T\u00e9cnica de Ingenieros de Minas. Extensi\u00f3n Ponferrada).<\/p>\n\n\n\n<h3 class=\"wp-block-heading\">Ingenier\u00eda de materiales<\/h3>\n\n\n\n<ul class=\"wp-block-list\">\n<li>N\u00famero de graduados: 195<\/li>\n\n\n\n<li>Tasa de afiliaci\u00f3n media: 82,7%<\/li>\n\n\n\n<li>Ajuste nivel de estudios: 71,3%<\/li>\n\n\n\n<li>Base media de cotizaci\u00f3n: 33.240 euros<\/li>\n<\/ul>\n\n\n\n<p>La carrera de Ingenier\u00eda de Materiales cuenta con cuatro a\u00f1os de estudio. La&nbsp;<strong>nota de corte m\u00ednima es un 5<\/strong>&nbsp;en la Universidad de Salamanca (Facultad de Qu\u00edmica), aunque en este caso la nota var\u00eda hasta cuatro puntos seg\u00fan la universidad.<\/p>\n\n\n\n<h3 class=\"wp-block-heading\">Ingenier\u00eda Naval y Oce\u00e1nica<\/h3>\n\n\n\n<ul class=\"wp-block-list\">\n<li>N\u00famero de graduados: 398<\/li>\n\n\n\n<li>Tasa de afiliaci\u00f3n media: 82,5%<\/li>\n\n\n\n<li>Ajuste nivel de estudios: 72,5%<\/li>\n\n\n\n<li>Base media de cotizaci\u00f3n: 34.490 euros<\/li>\n<\/ul>\n\n\n\n<p>La carrera de Ingenier\u00eda Naval y Oce\u00e1nica cuenta con cuatro a\u00f1os de estudio. La&nbsp;<strong>nota de corte m\u00ednima es un 5,27<\/strong>&nbsp;en la Universidad de A Coru\u00f1a (Escuela Polit\u00e9cnica de Ingenier\u00eda de Ferrol).<\/p>\n\n\n\n<h3 class=\"wp-block-heading\">Ingenier\u00eda Electr\u00f3nica<\/h3>\n\n\n\n<ul class=\"wp-block-list\">\n<li>N\u00famero de graduados: 474<\/li>\n\n\n\n<li>Tasa de afiliaci\u00f3n media: 90%<\/li>\n\n\n\n<li>Ajuste nivel de estudios: 73,9%<\/li>\n\n\n\n<li>Base media de cotizaci\u00f3n: 37.544 euros<\/li>\n<\/ul>\n\n\n\n<p>La carrera de Ingenier\u00eda Electr\u00f3nica Industrial cuenta con cuatro a\u00f1os de estudio. La&nbsp;<strong>nota de corte m\u00ednima es un 6,228&nbsp;<\/strong>en la Universidad de C\u00e1diz, aunque en este caso la nota puede variar hasta seis puntos seg\u00fan la universidad y al tratarse de dobles grados.<\/p>\n\n\n\n<p>Cabe a\u00f1adir que las notas de corte de la Selectividad es un dato orientativo y puede ser diferente este curso.<\/p>\n\n\n\n<p>El ranking de inserci\u00f3n laboral de U-Ranking utilizado para extraer estos datos ordena 108 campos de estudio en los que se agrupan m\u00e1s de 4.700 grados, seg\u00fan los resultados obtenidos por los graduados universitarios en Espa\u00f1a, monitorizando su inserci\u00f3n laboral entre 2020 y 2023, despu\u00e9s de acabar la carrera.<\/p>\n\n\n\n<p>Fuente: ABC<\/p>\n","protected":false},"excerpt":{"rendered":"<p>Consulta las carreras con m\u00e1s alta de empleo e inserci\u00f3n laboral de Espa\u00f1a. Los&nbsp;ex\u00e1menes de acceso a la universidad&nbsp;ya tuvieron lugar en los primeros d\u00edas de junio en Espa\u00f1a y ahora se proceden a empezar las universidades. A trav\u00e9s de la&nbsp;Selectividad, miles de j\u00f3venes miden sus conocimientos y aprendizajes obtenidos en la ESO y bachillerato [&hellip;]<\/p>\n","protected":false},"author":2,"featured_media":144509,"comment_status":"open","ping_status":"open","sticky":false,"template":"","format":"standard","meta":{"footnotes":""},"categories":[64],"tags":[],"class_list":["post-144508","post","type-post","status-publish","format-standard","has-post-thumbnail","hentry","category-varios"],"_links":{"self":[{"href":"http:\/\/elcuartopoder.com.mx\/nw\/wp-json\/wp\/v2\/posts\/144508","targetHints":{"allow":["GET"]}}],"collection":[{"href":"http:\/\/elcuartopoder.com.mx\/nw\/wp-json\/wp\/v2\/posts"}],"about":[{"href":"http:\/\/elcuartopoder.com.mx\/nw\/wp-json\/wp\/v2\/types\/post"}],"author":[{"embeddable":true,"href":"http:\/\/elcuartopoder.com.mx\/nw\/wp-json\/wp\/v2\/users\/2"}],"replies":[{"embeddable":true,"href":"http:\/\/elcuartopoder.com.mx\/nw\/wp-json\/wp\/v2\/comments?post=144508"}],"version-history":[{"count":1,"href":"http:\/\/elcuartopoder.com.mx\/nw\/wp-json\/wp\/v2\/posts\/144508\/revisions"}],"predecessor-version":[{"id":144510,"href":"http:\/\/elcuartopoder.com.mx\/nw\/wp-json\/wp\/v2\/posts\/144508\/revisions\/144510"}],"wp:featuredmedia":[{"embeddable":true,"href":"http:\/\/elcuartopoder.com.mx\/nw\/wp-json\/wp\/v2\/media\/144509"}],"wp:attachment":[{"href":"http:\/\/elcuartopoder.com.mx\/nw\/wp-json\/wp\/v2\/media?parent=144508"}],"wp:term":[{"taxonomy":"category","embeddable":true,"href":"http:\/\/elcuartopoder.com.mx\/nw\/wp-json\/wp\/v2\/categories?post=144508"},{"taxonomy":"post_tag","embeddable":true,"href":"http:\/\/elcuartopoder.com.mx\/nw\/wp-json\/wp\/v2\/tags?post=144508"}],"curies":[{"name":"wp","href":"https:\/\/api.w.org\/{rel}","templated":true}]}}