{"id":144633,"date":"2025-09-08T10:31:09","date_gmt":"2025-09-08T15:31:09","guid":{"rendered":"https:\/\/elcuartopoder.com.mx\/nw\/?p=144633"},"modified":"2025-09-08T10:31:11","modified_gmt":"2025-09-08T15:31:11","slug":"aumentan-trastornos-mentales-en-mexico-y-escasean-especialistas-senala-la-ssa","status":"publish","type":"post","link":"http:\/\/elcuartopoder.com.mx\/nw\/nacionales\/aumentan-trastornos-mentales-en-mexico-y-escasean-especialistas-senala-la-ssa\/","title":{"rendered":"Aumentan trastornos mentales en M\u00e9xico y escasean especialistas, se\u00f1ala la SSa"},"content":{"rendered":"\n<p><em>Ciudad de M\u00e9xico.&nbsp;<\/em>La violencia, inseguridad y el acoso escolar son algunos de los factores que explican el aumento de los trastornos mentales en el pa\u00eds y la necesidad de ampliar la cobertura de los servicios de salud. El problema es la carencia de especialistas en la detecci\u00f3n y diagn\u00f3stico de los padecimientos, afirmaron m\u00e9dicos de hospitales psiqui\u00e1tricos de la Secretar\u00eda de Salud (SSa).<\/p>\n\n\n\n<p>Aunque por ahora esos servicios tambi\u00e9n enfrentan el problema de la carencia de medicamentos. Marco Antonio S\u00e1nchez, secretario general de la secci\u00f3n 17 del Sindicato Nacional de Trabajadores de la SSa (SNTSA), la cual representa a los hospitales psiqui\u00e1tricos, asegur\u00f3 que los inventarios en farmacias se encuentran al 80 por ciento. Record\u00f3 que hace cinco a\u00f1os no contaban con ning\u00fan medicamento, pero a partir de que se decret\u00f3 la gratuidad de los servicios y las medicinas \u201chubo mejor\u00edas, pero nunca hemos tenido un abasto de cien por ciento\u201d.<\/p>\n\n\n\n<p>Desde hace varios meses, aumentaron las carencias, asegur\u00f3, como resultado de la anulaci\u00f3n de la licitaci\u00f3n de la compra consolidada de medicinas. El dirigente coment\u00f3 que para el personal m\u00e9dico esto se convierte en un desaf\u00edo porque en salud mental \u201cno es tan f\u00e1cil intercambiar los tratamientos\u201d, cuando no hay alguno de ellos.<\/p>\n\n\n\n<p>Coment\u00f3 que para mejorar la atenci\u00f3n de las enfermedades mentales en el pa\u00eds tambi\u00e9n hace falta que la materia de salud mental se incluya como obligatoria en los planes de estudio de las carreras de Medicina de las universidades. Actualmente son optativas y mientras concluye la formaci\u00f3n de recursos humanos por esa v\u00eda, se tendr\u00eda que fortalecer la capacitaci\u00f3n de los m\u00e9dicos de primer contacto, se\u00f1al\u00f3<\/p>\n\n\n\n<p>En conferencia de prensa, anunciaron la realizaci\u00f3n del tercer Congreso Internacional de Psiquiatr\u00eda y Profesiones Afines del 11 al 15 de agosto. En conferencias y talleres se presentar\u00e1n las innovaciones en el sector y la importancia del trabajo de los centros de salud y cl\u00ednicas familiares para la identificaci\u00f3n de los pacientes.<\/p>\n\n\n\n<p>Si cuentan con el entrenamiento, coment\u00f3 S\u00e1nchez, los m\u00e9dicos generales pueden dar el seguimiento a las personas que viven con males como depresi\u00f3n, ansiedad, psicosis y autismo, entre otros.<\/p>\n\n\n\n<p>Fuente: la jornada<\/p>\n","protected":false},"excerpt":{"rendered":"<p>Ciudad de M\u00e9xico.&nbsp;La violencia, inseguridad y el acoso escolar son algunos de los factores que explican el aumento de los trastornos mentales en el pa\u00eds y la necesidad de ampliar la cobertura de los servicios de salud. El problema es la carencia de especialistas en la detecci\u00f3n y diagn\u00f3stico de los padecimientos, afirmaron m\u00e9dicos de [&hellip;]<\/p>\n","protected":false},"author":2,"featured_media":144634,"comment_status":"open","ping_status":"open","sticky":false,"template":"","format":"standard","meta":{"footnotes":""},"categories":[55],"tags":[],"class_list":["post-144633","post","type-post","status-publish","format-standard","has-post-thumbnail","hentry","category-nacionales"],"_links":{"self":[{"href":"http:\/\/elcuartopoder.com.mx\/nw\/wp-json\/wp\/v2\/posts\/144633","targetHints":{"allow":["GET"]}}],"collection":[{"href":"http:\/\/elcuartopoder.com.mx\/nw\/wp-json\/wp\/v2\/posts"}],"about":[{"href":"http:\/\/elcuartopoder.com.mx\/nw\/wp-json\/wp\/v2\/types\/post"}],"author":[{"embeddable":true,"href":"http:\/\/elcuartopoder.com.mx\/nw\/wp-json\/wp\/v2\/users\/2"}],"replies":[{"embeddable":true,"href":"http:\/\/elcuartopoder.com.mx\/nw\/wp-json\/wp\/v2\/comments?post=144633"}],"version-history":[{"count":1,"href":"http:\/\/elcuartopoder.com.mx\/nw\/wp-json\/wp\/v2\/posts\/144633\/revisions"}],"predecessor-version":[{"id":144635,"href":"http:\/\/elcuartopoder.com.mx\/nw\/wp-json\/wp\/v2\/posts\/144633\/revisions\/144635"}],"wp:featuredmedia":[{"embeddable":true,"href":"http:\/\/elcuartopoder.com.mx\/nw\/wp-json\/wp\/v2\/media\/144634"}],"wp:attachment":[{"href":"http:\/\/elcuartopoder.com.mx\/nw\/wp-json\/wp\/v2\/media?parent=144633"}],"wp:term":[{"taxonomy":"category","embeddable":true,"href":"http:\/\/elcuartopoder.com.mx\/nw\/wp-json\/wp\/v2\/categories?post=144633"},{"taxonomy":"post_tag","embeddable":true,"href":"http:\/\/elcuartopoder.com.mx\/nw\/wp-json\/wp\/v2\/tags?post=144633"}],"curies":[{"name":"wp","href":"https:\/\/api.w.org\/{rel}","templated":true}]}}